{"id":13656,"date":"2024-10-04T19:24:48","date_gmt":"2024-10-04T22:24:48","guid":{"rendered":"https:\/\/www.sportchaco.com.ar\/?p=13656"},"modified":"2024-10-04T19:24:48","modified_gmt":"2024-10-04T22:24:48","slug":"for-ever-buscara-ante-colon-quedarse-en-la-categoria","status":"publish","type":"post","link":"https:\/\/www.sportchaco.com.ar\/?p=13656","title":{"rendered":"For Ever buscar\u00e1 ante Col\u00f3n quedarse en la categor\u00eda"},"content":{"rendered":"<p><strong>04-10-2024<\/strong><\/p>\n<p><img loading=\"lazy\" decoding=\"async\" class=\" wp-image-9640 aligncenter\" src=\"https:\/\/www.sportchaco.com.ar\/wp-content\/uploads\/2024\/05\/gob-obras-marzo-apaisado-300x29.gif\" alt=\"\" width=\"383\" height=\"37\" srcset=\"https:\/\/www.sportchaco.com.ar\/wp-content\/uploads\/2024\/05\/gob-obras-marzo-apaisado-300x29.gif 300w, https:\/\/www.sportchaco.com.ar\/wp-content\/uploads\/2024\/05\/gob-obras-marzo-apaisado-768x74.gif 768w\" sizes=\"auto, (max-width: 383px) 100vw, 383px\" \/><\/p>\n<p>Este s\u00e1bado, por la 35\u00aa fecha de la zona B de la Primera Nacional, For Ever recibir\u00e1 la visita de Col\u00f3n de Santa Fe desde las 17:45 en el \u00abJuan Alberto Garc\u00eda\u00bb.<\/p>\n<p>El \u00abnegro\u00bb viene de una dura derrota de visitante ante Almirante Brown y necesita de un triunfo para conseguir, ya de manera definitiva, la permanencia en la categor\u00eda.<\/p>\n<p>Para este encuentro, Ricardo Pancaldo, realizar\u00e1 variantes en su equipo ya que, justamente ante la \u00abfragata\u00bb cuid\u00f3 un par de jugadores.<\/p>\n<p>Aunque el DT mantiene unas dudas en las bandas de la mitad de cancha. Por derecha, Bellone y Valenzuela se disputan el puesto y por izquierda hay un solo lugar para Perinciolo o Lucero.<\/p>\n<p>Por su parte, Col\u00f3n llega con dos triunfos consecutivos con lo cual qued\u00f3 a tres puntos del l\u00edder Nueva Chicago, pero en la sexta ubicaci\u00f3n con lo cual necesita sumar para tener chances de pelear por el primer ascenso.<\/p>\n<p>Desde lo deportivo, el equipo de Diego Osella, tiene 3 dudas en el 11 titular. Yossen o Herrera en el lateral derecho ya que este \u00faltimo cumpli\u00f3 con su doble fecha de sanci\u00f3n, Prediger ya recuperado de su lesi\u00f3n o Forneris en la mitad de cancha y en la delantera prob\u00f3 con Toledo para ser acompa\u00f1ante de Rossi con lo cual Guille ir\u00eda a la mitad de cancha.<\/p>\n<p><strong>Probables formaciones<\/strong><br \/>\n<strong>FOR EVER:<\/strong> Gast\u00f3n Canuto; Maximiliano Romero, Enzo Tamborelli, Milton Leyendeker y Mathias Silvera; Agust\u00edn Bellone o Santiago Valenzuela, Brian Nievas, Javier Iritier y Franco Perinciolo o Gonzalo Lucero; Imanol Enr\u00edquez y Jonathan Dellarossa. <strong>DT:<\/strong> Ricardo Pancaldo.<br \/>\n<strong>COL\u00d3N:<\/strong> Manuel Vicentini; Thiago Yossen o Ezequiel Herrera, Paolo Goltz, Fabi\u00e1n Henr\u00edquez y Facundo Castet; Federico Jourdan, Sebasti\u00e1n Prediger o Alan Forneris, Nicol\u00e1s Talpone y Christian Bernardi; Braian Guille o Javier Toledo y Genaro Rossi. <strong>DT:<\/strong> Diego Osella.<br \/>\n<strong>\u00c1rbitro:<\/strong> Luis Lobo Medina. <strong>Asistentes:<\/strong> Iv\u00e1n N\u00fa\u00f1ez y Guido C\u00f3rdoba. <strong>Cuarto \u00e1rbitro:<\/strong> Nelson Bejas. <strong>Estadio:<\/strong> \u00abJuan Alberto Garc\u00eda\u00bb, de For Ever. <strong>Hora:<\/strong> 17:45. <strong>TV:<\/strong> TyC Sports.<\/p>\n<p><img loading=\"lazy\" decoding=\"async\" class=\" wp-image-10833 aligncenter\" src=\"https:\/\/www.sportchaco.com.ar\/wp-content\/uploads\/2024\/06\/gobierno-del-Chaco-300x297.jpg\" alt=\"\" width=\"334\" height=\"331\" srcset=\"https:\/\/www.sportchaco.com.ar\/wp-content\/uploads\/2024\/06\/gobierno-del-Chaco-300x297.jpg 300w, https:\/\/www.sportchaco.com.ar\/wp-content\/uploads\/2024\/06\/gobierno-del-Chaco-150x150.jpg 150w, https:\/\/www.sportchaco.com.ar\/wp-content\/uploads\/2024\/06\/gobierno-del-Chaco.jpg 442w\" sizes=\"auto, (max-width: 334px) 100vw, 334px\" \/><\/p>\n","protected":false},"excerpt":{"rendered":"<p>04-10-2024 Este s\u00e1bado, por la 35\u00aa fecha de la zona B de la Primera Nacional, For Ever recibir\u00e1 la visita de Col\u00f3n de Santa Fe desde las 17:45 en el \u00abJuan Alberto Garc\u00eda\u00bb. El \u00abnegro\u00bb viene de una dura derrota de visitante ante Almirante Brown y necesita de un triunfo para conseguir, ya de manera &hellip;<\/p>\n","protected":false},"author":3,"featured_media":11268,"comment_status":"open","ping_status":"open","sticky":false,"template":"","format":"standard","meta":{"footnotes":""},"categories":[5],"tags":[],"class_list":["post-13656","post","type-post","status-publish","format-standard","has-post-thumbnail","hentry","category-futbol"],"_links":{"self":[{"href":"https:\/\/www.sportchaco.com.ar\/index.php?rest_route=\/wp\/v2\/posts\/13656","targetHints":{"allow":["GET"]}}],"collection":[{"href":"https:\/\/www.sportchaco.com.ar\/index.php?rest_route=\/wp\/v2\/posts"}],"about":[{"href":"https:\/\/www.sportchaco.com.ar\/index.php?rest_route=\/wp\/v2\/types\/post"}],"author":[{"embeddable":true,"href":"https:\/\/www.sportchaco.com.ar\/index.php?rest_route=\/wp\/v2\/users\/3"}],"replies":[{"embeddable":true,"href":"https:\/\/www.sportchaco.com.ar\/index.php?rest_route=%2Fwp%2Fv2%2Fcomments&post=13656"}],"version-history":[{"count":1,"href":"https:\/\/www.sportchaco.com.ar\/index.php?rest_route=\/wp\/v2\/posts\/13656\/revisions"}],"predecessor-version":[{"id":13660,"href":"https:\/\/www.sportchaco.com.ar\/index.php?rest_route=\/wp\/v2\/posts\/13656\/revisions\/13660"}],"wp:featuredmedia":[{"embeddable":true,"href":"https:\/\/www.sportchaco.com.ar\/index.php?rest_route=\/wp\/v2\/media\/11268"}],"wp:attachment":[{"href":"https:\/\/www.sportchaco.com.ar\/index.php?rest_route=%2Fwp%2Fv2%2Fmedia&parent=13656"}],"wp:term":[{"taxonomy":"category","embeddable":true,"href":"https:\/\/www.sportchaco.com.ar\/index.php?rest_route=%2Fwp%2Fv2%2Fcategories&post=13656"},{"taxonomy":"post_tag","embeddable":true,"href":"https:\/\/www.sportchaco.com.ar\/index.php?rest_route=%2Fwp%2Fv2%2Ftags&post=13656"}],"curies":[{"name":"wp","href":"https:\/\/api.w.org\/{rel}","templated":true}]}}