{"id":13700,"date":"2024-10-07T09:00:25","date_gmt":"2024-10-07T12:00:25","guid":{"rendered":"https:\/\/www.sportchaco.com.ar\/?p=13700"},"modified":"2024-10-07T13:46:36","modified_gmt":"2024-10-07T16:46:36","slug":"se-completo-la-ultima-fecha-del-ascenso-y-quedo-armado-el-reducido","status":"publish","type":"post","link":"https:\/\/www.sportchaco.com.ar\/?p=13700","title":{"rendered":"Se complet\u00f3 la \u00faltima fecha del ascenso y qued\u00f3 armado el Reducido"},"content":{"rendered":"<p><strong>07-10-2024<\/strong><\/p>\n<p><img loading=\"lazy\" decoding=\"async\" class=\" wp-image-9468 aligncenter\" src=\"https:\/\/www.sportchaco.com.ar\/wp-content\/uploads\/2024\/05\/Nachec-728x90-2-300x37.gif\" alt=\"\" width=\"341\" height=\"42\" \/><\/p>\n<p>Este domingo se dio por finalizada la 23\u00aa fecha de la Primera B de la Liga Chaque\u00f1a de F\u00fatbol y qued\u00f3 armado el cuadro para el Reducido donde catorce equipos buscar\u00e1n quedarse con los dos ascensos m\u00e1s que otorga la categor\u00eda a la Primera Divisi\u00f3n.<\/p>\n<p><b>EL REDUCIDO<\/b><br \/>\nUna vez concluida la fase regular, los equipos se reordenar\u00e1n del cuarto al decimoquinto puesto. All\u00ed disputar\u00e1n un solo cotejo en cancha neutral. Los que ganen la serie pasar\u00e1n a la segunda fase, donde se sumar\u00e1n los equipos que ocuparon la segunda y tercera colocaci\u00f3n al final del campeonato. Los dos finalistas del Reducido ascender\u00e1n a la Primera \u201cA\u201d en la temporada que viene acompa\u00f1ando a Deportivo Luj\u00e1n, que ya se consagr\u00f3 campe\u00f3n y logr\u00f3 el primer ascenso.<\/p>\n<p><strong>TODA LA 23\u00aa FECHA<\/strong><br \/>\n<strong>Mi\u00e9rcoles 03-10<\/strong><br \/>\nUPCP 5 \u2013 Bariloche FC 0, en Regional<\/p>\n<p><strong>Viernes 04-10<\/strong><br \/>\nFC Barber\u00e1n 2 \u2013 Banfield 1, en V\u00e9lez<br \/>\nParque Patricios 0 \u2013 Centauro FC 0, en Chaco Hebr\u00f3n<br \/>\nIndepte. Tirol 2 \u2013 DEF 0<\/p>\n<p><strong>Domingo 06-10<\/strong><br \/>\nDep. Sameep 0 \u2013 Canallas del Sur 1, en Regional<br \/>\nMunicipales 3 \u2013 Chaco Hebr\u00f3n 1, en San Fernando<br \/>\nDogos 1 \u2013 Confraternidad 1, en Bancarios<br \/>\nLos L\u00edricos 0 \u2013 Dep. Esperanza 4, en Chaco Hebr\u00f3n<br \/>\nTiro FC 5 \u2013 C. E. de Comercio 2, en Defensores<br \/>\nDep. Luj\u00e1n 2 \u2013 Dep. Barber\u00e1n 1<\/p>\n<p><strong>Libre:<\/strong>\u00a0Dep. G\u00fciraldes<\/p>\n<p><em>V\u00e9lez \u2013 Club de Amigos<\/em><br \/>\n<em><b>Nota:<\/b>\u00a0todos los equipos rivales de Club de Amigos son adjudicadores de tres puntos por su desafiliaci\u00f3n y quedan libres en la fecha.<\/em><\/p>\n<p><b>POSICIONES<\/b><br \/>\nDep. Luj\u00e1n 59<br \/>\nIndepte. Tirol 54<br \/>\nDep. Esperanza 50<br \/>\nTiro FC 49<br \/>\nDep. G\u00fciraldes 40<br \/>\nFC Barber\u00e1n 39<br \/>\nMunicipales 37<br \/>\nUPCP 34<br \/>\nDogos 34<br \/>\nConfraternidad 33<br \/>\nLos L\u00edricos 32<br \/>\nDep. Barber\u00e1n 31<br \/>\nDEF 29<br \/>\nC. E. de Comercio 28<br \/>\nChaco Hebr\u00f3n 27<br \/>\nBanfield 25<br \/>\nV\u00e9lez SL 25<br \/>\nCanallas del Sur 23<br \/>\nCentauro FC 18<br \/>\nParque Patricios 16<br \/>\nDep. Sameep 15<br \/>\nBariloche FC 10<\/p>\n<p><strong>REDUCIDO<br \/>\n<\/strong>(2\u00ba) Independiente Tirol<br \/>\n(3\u00ba) Dep. Esperanza<br \/>\n<em>Saltean una ronda<\/em><\/p>\n<p>(4\u00ba) Tiro FC &#8211; (15\u00ba) Chaco Hebr\u00f3n<br \/>\n(5\u00ba) Dep. G\u00fciraldes &#8211; (14\u00ba) C. E. de Comercio<br \/>\n(6\u00ba) FC Barber\u00e1n &#8211; (13\u00ba) DEF<br \/>\n(7\u00ba) Municipales &#8211; (12\u00ba) Dep. Barber\u00e1n<br \/>\n(8\u00ba) UPCP &#8211; (11\u00ba) Los L\u00edricos<br \/>\n(9\u00ba) Dogos &#8211; (10\u00ba) Confraternidad<\/p>\n<p><img loading=\"lazy\" decoding=\"async\" class=\" wp-image-9466 aligncenter\" src=\"https:\/\/www.sportchaco.com.ar\/wp-content\/uploads\/2024\/05\/Nachec1-300x600-1-150x300.gif\" alt=\"\" width=\"186\" height=\"372\" \/><\/p>\n","protected":false},"excerpt":{"rendered":"<p>07-10-2024 Este domingo se dio por finalizada la 23\u00aa fecha de la Primera B de la Liga Chaque\u00f1a de F\u00fatbol y qued\u00f3 armado el cuadro para el Reducido donde catorce equipos buscar\u00e1n quedarse con los dos ascensos m\u00e1s que otorga la categor\u00eda a la Primera Divisi\u00f3n. EL REDUCIDO Una vez concluida la fase regular, los &hellip;<\/p>\n","protected":false},"author":3,"featured_media":12100,"comment_status":"open","ping_status":"open","sticky":false,"template":"","format":"standard","meta":{"footnotes":""},"categories":[5],"tags":[],"class_list":["post-13700","post","type-post","status-publish","format-standard","has-post-thumbnail","hentry","category-futbol"],"_links":{"self":[{"href":"https:\/\/www.sportchaco.com.ar\/index.php?rest_route=\/wp\/v2\/posts\/13700","targetHints":{"allow":["GET"]}}],"collection":[{"href":"https:\/\/www.sportchaco.com.ar\/index.php?rest_route=\/wp\/v2\/posts"}],"about":[{"href":"https:\/\/www.sportchaco.com.ar\/index.php?rest_route=\/wp\/v2\/types\/post"}],"author":[{"embeddable":true,"href":"https:\/\/www.sportchaco.com.ar\/index.php?rest_route=\/wp\/v2\/users\/3"}],"replies":[{"embeddable":true,"href":"https:\/\/www.sportchaco.com.ar\/index.php?rest_route=%2Fwp%2Fv2%2Fcomments&post=13700"}],"version-history":[{"count":3,"href":"https:\/\/www.sportchaco.com.ar\/index.php?rest_route=\/wp\/v2\/posts\/13700\/revisions"}],"predecessor-version":[{"id":13703,"href":"https:\/\/www.sportchaco.com.ar\/index.php?rest_route=\/wp\/v2\/posts\/13700\/revisions\/13703"}],"wp:featuredmedia":[{"embeddable":true,"href":"https:\/\/www.sportchaco.com.ar\/index.php?rest_route=\/wp\/v2\/media\/12100"}],"wp:attachment":[{"href":"https:\/\/www.sportchaco.com.ar\/index.php?rest_route=%2Fwp%2Fv2%2Fmedia&parent=13700"}],"wp:term":[{"taxonomy":"category","embeddable":true,"href":"https:\/\/www.sportchaco.com.ar\/index.php?rest_route=%2Fwp%2Fv2%2Fcategories&post=13700"},{"taxonomy":"post_tag","embeddable":true,"href":"https:\/\/www.sportchaco.com.ar\/index.php?rest_route=%2Fwp%2Fv2%2Ftags&post=13700"}],"curies":[{"name":"wp","href":"https:\/\/api.w.org\/{rel}","templated":true}]}}