{"id":13721,"date":"2024-10-08T11:48:56","date_gmt":"2024-10-08T14:48:56","guid":{"rendered":"https:\/\/www.sportchaco.com.ar\/?p=13721"},"modified":"2024-10-08T11:48:56","modified_gmt":"2024-10-08T14:48:56","slug":"el-zonal-de-automovilismo-prepara-la-septima-en-villa-angela","status":"publish","type":"post","link":"https:\/\/www.sportchaco.com.ar\/?p=13721","title":{"rendered":"El Zonal de Automovilismo prepara la s\u00e9ptima en Villa \u00c1ngela"},"content":{"rendered":"<p><strong>08-10-2024<\/strong><\/p>\n<p><img loading=\"lazy\" decoding=\"async\" class=\" wp-image-7249 aligncenter\" src=\"https:\/\/www.sportchaco.com.ar\/wp-content\/uploads\/2024\/03\/aviso-Impulsamos-turismo-1-300x31.jpg\" alt=\"\" width=\"503\" height=\"52\" srcset=\"https:\/\/www.sportchaco.com.ar\/wp-content\/uploads\/2024\/03\/aviso-Impulsamos-turismo-1-300x31.jpg 300w, https:\/\/www.sportchaco.com.ar\/wp-content\/uploads\/2024\/03\/aviso-Impulsamos-turismo-1-1024x106.jpg 1024w, https:\/\/www.sportchaco.com.ar\/wp-content\/uploads\/2024\/03\/aviso-Impulsamos-turismo-1-768x79.jpg 768w, https:\/\/www.sportchaco.com.ar\/wp-content\/uploads\/2024\/03\/aviso-Impulsamos-turismo-1.jpg 1366w\" sizes=\"auto, (max-width: 503px) 100vw, 503px\" \/><\/p>\n<p>La ciudad de Villa \u00c1ngela se apresta a ser escenario de una nueva prueba del Campeonato Zonal de Automovilismo, con la s\u00e9ptima fecha que se correr\u00e1 el pr\u00f3ximo fin de semana en el circuito \u00abJos\u00e9 Froil\u00e1n Gonz\u00e1lez\u00bb para las categor\u00edas Clase 1, Clase 2 y TC Chaque\u00f1o.<\/p>\n<p>El trazado villangelense se mostrar\u00e1 por cuarta vez en la temporada como sede de la competencia tuerca por excelencia de nuestra provincia, bajo la organizaci\u00f3n del Club Atl\u00e9tico Alvear y la fiscalizaci\u00f3n de la Federaci\u00f3n Chaque\u00f1a de Automovilismo Deportivo. En este caso estar\u00e1 en juego el Gran Premio \u00abHamilton Professional Brand\u00bb.<\/p>\n<p>Hasta aqu\u00ed el campeonato disput\u00f3 tres carreras en S\u00e1enz Pe\u00f1a y las restantes en la ciudad cabecera del Departamento Mayor Luis Jorge Fontana, con una extraordinaria presencia de pilotos en la cita que tuvo lugar el 31 de agosto y 1 de septiembre pasados.<\/p>\n<p>Para esta ocasi\u00f3n se estima que habr\u00e1 un n\u00famero a\u00fan superior de corredores y una lucha especial por los primeros puestos en la Clase 1 y la Clase 2, teniendo en cuenta que en la categor\u00eda mayor manda con gran comodidad el charatense Nelson Frontalini.<\/p>\n<p>Desde esta semana, se acrecentaron los trabajos del personal y maquinarias de Vialidad Provincial y de la Municipalidad de Villa \u00c1ngela, para volver a presentar el circuito en \u00f3ptimas condiciones, debiendo recurrir a lotes distantes a varios kil\u00f3metros de la pista para nutrirse de agua que permita mantener la humedad del piso.<\/p>\n<p>Como es habitual, la jornada del s\u00e1bado ser\u00e1 de entrenamientos libres y de clasificaci\u00f3n, mientras que el domingo tendr\u00e1 lugar la actividad principal con las series y las respectivas finales en las tres categor\u00edas.<\/p>\n<p>El pron\u00f3stico del clima muestra inestabilidad para lo que resta de la semana, pero en principio no condicionar\u00eda el desarrollo de la competencia.<\/p>\n<p><em><strong>Fuente: Diario NORTE<\/strong><\/em><\/p>\n<p><img loading=\"lazy\" decoding=\"async\" class=\" wp-image-6716 aligncenter\" src=\"https:\/\/www.sportchaco.com.ar\/wp-content\/uploads\/2024\/03\/aviso-colegios-1-240x300.jpg\" alt=\"\" width=\"356\" height=\"445\" srcset=\"https:\/\/www.sportchaco.com.ar\/wp-content\/uploads\/2024\/03\/aviso-colegios-1-240x300.jpg 240w, https:\/\/www.sportchaco.com.ar\/wp-content\/uploads\/2024\/03\/aviso-colegios-1-819x1024.jpg 819w, https:\/\/www.sportchaco.com.ar\/wp-content\/uploads\/2024\/03\/aviso-colegios-1-768x960.jpg 768w, https:\/\/www.sportchaco.com.ar\/wp-content\/uploads\/2024\/03\/aviso-colegios-1.jpg 1080w\" sizes=\"auto, (max-width: 356px) 100vw, 356px\" \/><\/p>\n","protected":false},"excerpt":{"rendered":"<p>08-10-2024 La ciudad de Villa \u00c1ngela se apresta a ser escenario de una nueva prueba del Campeonato Zonal de Automovilismo, con la s\u00e9ptima fecha que se correr\u00e1 el pr\u00f3ximo fin de semana en el circuito \u00abJos\u00e9 Froil\u00e1n Gonz\u00e1lez\u00bb para las categor\u00edas Clase 1, Clase 2 y TC Chaque\u00f1o. El trazado villangelense se mostrar\u00e1 por cuarta &hellip;<\/p>\n","protected":false},"author":3,"featured_media":9080,"comment_status":"open","ping_status":"open","sticky":false,"template":"","format":"standard","meta":{"footnotes":""},"categories":[2],"tags":[],"class_list":["post-13721","post","type-post","status-publish","format-standard","has-post-thumbnail","hentry","category-automovilismo"],"_links":{"self":[{"href":"https:\/\/www.sportchaco.com.ar\/index.php?rest_route=\/wp\/v2\/posts\/13721","targetHints":{"allow":["GET"]}}],"collection":[{"href":"https:\/\/www.sportchaco.com.ar\/index.php?rest_route=\/wp\/v2\/posts"}],"about":[{"href":"https:\/\/www.sportchaco.com.ar\/index.php?rest_route=\/wp\/v2\/types\/post"}],"author":[{"embeddable":true,"href":"https:\/\/www.sportchaco.com.ar\/index.php?rest_route=\/wp\/v2\/users\/3"}],"replies":[{"embeddable":true,"href":"https:\/\/www.sportchaco.com.ar\/index.php?rest_route=%2Fwp%2Fv2%2Fcomments&post=13721"}],"version-history":[{"count":1,"href":"https:\/\/www.sportchaco.com.ar\/index.php?rest_route=\/wp\/v2\/posts\/13721\/revisions"}],"predecessor-version":[{"id":13722,"href":"https:\/\/www.sportchaco.com.ar\/index.php?rest_route=\/wp\/v2\/posts\/13721\/revisions\/13722"}],"wp:featuredmedia":[{"embeddable":true,"href":"https:\/\/www.sportchaco.com.ar\/index.php?rest_route=\/wp\/v2\/media\/9080"}],"wp:attachment":[{"href":"https:\/\/www.sportchaco.com.ar\/index.php?rest_route=%2Fwp%2Fv2%2Fmedia&parent=13721"}],"wp:term":[{"taxonomy":"category","embeddable":true,"href":"https:\/\/www.sportchaco.com.ar\/index.php?rest_route=%2Fwp%2Fv2%2Fcategories&post=13721"},{"taxonomy":"post_tag","embeddable":true,"href":"https:\/\/www.sportchaco.com.ar\/index.php?rest_route=%2Fwp%2Fv2%2Ftags&post=13721"}],"curies":[{"name":"wp","href":"https:\/\/api.w.org\/{rel}","templated":true}]}}