{"id":13723,"date":"2024-10-08T12:11:06","date_gmt":"2024-10-08T15:11:06","guid":{"rendered":"https:\/\/www.sportchaco.com.ar\/?p=13723"},"modified":"2024-10-08T12:11:06","modified_gmt":"2024-10-08T15:11:06","slug":"adios-al-negro-palma-el-ultimo-10-canalla","status":"publish","type":"post","link":"https:\/\/www.sportchaco.com.ar\/?p=13723","title":{"rendered":"Adi\u00f3s al Negro Palma, el \u00faltimo 10 canalla"},"content":{"rendered":"<div class=\"p-0 bg-dtv-blanco undefined ps-4 pe-4 pe-md-4 ps-xl-0 pe-xl-0  container\">\n<div class=\"d-flex flex-column row\">\n<div class=\"p-0 col-lg-8 col\">\n<p class=\"text-dtv-turquesa-ok dtv-vol-pagina pt-9 pt-sm-9 pt-md-12 m-0\">\n<h2 class=\"dtv-h1 text-dtv-turquesa-ok pt-7 pt-sm-7 pt-md-9 mb-0\">El f\u00fatbol de luto<\/h2>\n<h1 class=\"dtv-h1 pt-0 text-dtv-azul pb-7 pb-sm-7 pb-md-9 mb-0\">Adi\u00f3s al Negro Palma, el \u00faltimo 10 canalla<\/h1>\n<p class=\"dtv-baj-pagina pt-0 pb-10 mb-0\">El ex jugador estaba internado desde el 30 de septiembre por un accidente cerebrovascular<\/p>\n<\/div>\n<div class=\"text-dtv-fecha p-0 pt-0 col-lg-8 col\"><\/div>\n<\/div>\n<div class=\"d-flex align-items-center pb-10 col-lg-8 col-12\">\n<div class=\"w-100 row\">\n<div class=\"d-flex redes-noticia col-lg-5 col-md-5 col-12\"><\/div>\n<\/div>\n<\/div>\n<\/div>\n<div class=\"p-0 bg-dtv-blanco pb-13 ps-4 pe-4 pe-md-4 ps-xl-0 pe-xl-0  container\">\n<div class=\"row\">\n<div id=\"publicacionUnica\" class=\"dtv-p col-lg-7 col\">\n<p>Surgido de las divisiones inferiores de Rosario Central, fue campe\u00f3n al a\u00f1o de su debut y jug\u00f3 hasta los 40 a\u00f1os. Habilidoso y pensante, fue un cl\u00e1sico \u201c10\u201d que condujo a su equipo a ser el primer y \u00fanico campe\u00f3n del f\u00fatbol argentino inmediatamente despu\u00e9s de haber logrado el ascenso a la Primera Divisi\u00f3n. Jug\u00f3 en River y en M\u00e9xico. Falleci\u00f3 hoy a los 66 a\u00f1os tras sufrir un ACV.<\/p>\n<p>Negro, Tordo o Palmita. As\u00ed lo apodaron cari\u00f1osamente quienes lo vieron desplegar su talento pensante y habilidad impredecible al \u00faltimo \u201c10\u201d canalla, Omar Arnaldo Palma, en los campos de juego del f\u00fatbol argentino, los del Ascenso y la Primera Divisi\u00f3n. A sus 66 a\u00f1os y a ra\u00edz de un ACV sufrido el pasado 30 de setiembre, el inolvidable \u201cNegro\u201d de Rosario Central falleci\u00f3 este martes, tras permanecer internado desde entonces en la terapia intensiva del Hospital Italiano de la capital santafesina.<\/p>\n<p>Poseedor de una pegada exquisita, autor de goles memorables de tiro libre, como aquel que le convirti\u00f3 a Newell\u2019s en el cl\u00e1sico rosarino de 1995, al borde de su retiro profesional, o de media distancia, como el de la final de ida contra Racing de C\u00f3rdoba en 1980, cuando logr\u00f3 el primer t\u00edtulo de su riqu\u00edsima carrera, Palma fue el conductor y art\u00edfice de grandes logros con la camiseta a bastones azul y amarilla, el m\u00e1s ganador de toda la historia canalla.<\/p>\n<p>Debut\u00f3 en 1979 con \u00c1ngel Tulio Zof como entrenador, el mismo con el que conseguir\u00eda en el ep\u00edlogo de su trayectoria profesional la Copa Conmebol de 1995, primer t\u00edtulo internacional conseguido por un equipo del Interior del pa\u00eds.<\/p>\n<p>Cuando Rosario Central perdi\u00f3 la categor\u00eda en 1984, el \u201cNegro\u201d Palma se asent\u00f3 como conductor del equipo y lo llev\u00f3 al t\u00edtulo en el campeonato de la Primera B de 1985, aportando adem\u00e1s diez goles a la campa\u00f1a que marc\u00f3 el ascenso a la Primera Divisi\u00f3n.<\/p>\n<p>La temporada 1986\/87 lo consagr\u00f3 definitivamente. Campe\u00f3n, mejor jugador del torneo y goleador, con 22 tantos, el \u201cNegro\u201d Palma hizo que su Rosario Central se convirtiera en el primer y \u00fanico equipo en la historia del f\u00fatbol argentino en lograr el t\u00edtulo de Primera Divisi\u00f3n inmediatamente despu\u00e9s de haber logrado el ascenso.<\/p>\n<p>En 1987 pas\u00f3 a River, con el que gan\u00f3 la Copa Interamericana de ese a\u00f1o y permaneci\u00f3 dos temporadas m\u00e1s. Entre 1989 y 1992 continu\u00f3 su carrera en el Veracruz de M\u00e9xico, hasta que los caminos de la vida lo devolvieron a su gran amor: Rosario Central.<\/p>\n<p>Regres\u00f3 para jugar el Apertura de 1992, cuando ya con 34 a\u00f1os se retras\u00f3 unos metros y se hizo conductor de aquel equipo, pero como un \u201cdoble 5\u201d, acompa\u00f1ando el surgimiento de j\u00f3venes valores como Pablo \u201cVitamina\u201d S\u00e1nchez o el \u201cKily\u201d Cristian Gonz\u00e1lez en el mediocampo.<\/p>\n<p>En 1995 volvi\u00f3 \u00c1ngel Tulio Zof, el entrenador de sus comienzos, y juntos ganaron la Copa Conmebol, en una inolvidable final ante Atl\u00e9tico Mineiro de Brasil, con \u00e9pica remontada en el Gigante de Arroyito de un 0-4 sufrido en el partido de ida. En la definici\u00f3n por penales, Palma fue el encargado de ejecutar el primer penal de la definici\u00f3n que le dio otra consagraci\u00f3n.<\/p>\n<p>A los 40 a\u00f1os, se retir\u00f3 en 1998 como el tercer futbolista con m\u00e1s presencias en el club rosarino con 390 partidos por debajo de Jorge Jos\u00e9 Gonz\u00e1lez (521) y Alfredo Fogel (423)\u00a0 y el m\u00e1s ganador en 135 a\u00f1os de historia.<\/p>\n<p><img loading=\"lazy\" decoding=\"async\" class=\"alignnone size-medium wp-image-1931\" src=\"https:\/\/demo.deportv.gob.ar\/wp-content\/uploads\/2024\/10\/palma-287x300.jpeg\" sizes=\"auto, (max-width: 287px) 100vw, 287px\" srcset=\"https:\/\/demo.deportv.gob.ar\/wp-content\/uploads\/2024\/10\/palma-287x300.jpeg 287w, https:\/\/demo.deportv.gob.ar\/wp-content\/uploads\/2024\/10\/palma-979x1024.jpeg 979w, https:\/\/demo.deportv.gob.ar\/wp-content\/uploads\/2024\/10\/palma-768x803.jpeg 768w, https:\/\/demo.deportv.gob.ar\/wp-content\/uploads\/2024\/10\/palma-1469x1536.jpeg 1469w, https:\/\/demo.deportv.gob.ar\/wp-content\/uploads\/2024\/10\/palma.jpeg 1530w\" alt=\"\" width=\"287\" height=\"300\" \/><\/p>\n<p>Esta ma\u00f1ana, la entidad de Arroyito confirm\u00f3 la triste noticia y se expres\u00f3 a trav\u00e9s de las redes sociales: \u201cEl Club Atl\u00e9tico Rosario Central lamenta profundamente el fallecimiento de Omar Palma, \u00eddolo de nuestra instituci\u00f3n, quien se desempe\u00f1aba como colaborador de la actual gesti\u00f3n\u201d.<br \/>\nEn la misma l\u00ednea, se\u00f1alaron: \u201cAcompa\u00f1amos en este duro momento a la familia del Negro y a todo el pueblo canalla que despide a uno de nuestros m\u00e1ximos referentes hist\u00f3ricos\u201d.<br \/>\nLa ciudad y el club de Arroyito, de luto, despiden a uno de sus m\u00e1s grandes \u00eddolos deportivos.<\/p>\n<\/div>\n<div class=\"html-div xdj266r x11i5rnm xat24cr x1mh8g0r xexx8yu x4uap5 x18d9i69 xkhd6sd\">\n<div class=\"html-div xdj266r x11i5rnm x1mh8g0r x18d9i69 x1cy8zhl x78zum5 x1q0g3np xod5an3 x1pi30zi x1swvt13 xz9dl7a\">\n<div class=\"html-div xdj266r x11i5rnm xat24cr x1mh8g0r xexx8yu x4uap5 x18d9i69 xkhd6sd x1iyjqo2\">\n<div class=\"x78zum5 xdt5ytf xz62fqu x16ldp7u\">\n<div class=\"xu06os2 x1ok221b\">\n<h4 id=\":R1alal5ana7daammjabiq9papd5aq:\" class=\"html-h4 x11i5rnm xat24cr x1mh8g0r xexx8yu x4uap5 x18d9i69 xkhd6sd x1vvkbs x1heor9g x1qlqyl8 x1pd3egz x1a2a7pz x1gslohp x1yc453h\"><\/h4>\n<h4 id=\":R1alal5ana7daammjabiq9papd5aq:\" class=\"html-h4 x11i5rnm xat24cr x1mh8g0r xexx8yu x4uap5 x18d9i69 xkhd6sd x1vvkbs x1heor9g x1qlqyl8 x1pd3egz x1a2a7pz x1gslohp x1yc453h\"><span class=\"xt0psk2\"><a class=\"x1i10hfl xjbqb8w x1ejq31n xd10rxx x1sy0etr x17r0tee x972fbf xcfux6l x1qhh985 xm0m39n x9f619 x1ypdohk xt0psk2 xe8uvvx xdj266r x11i5rnm xat24cr x1mh8g0r xexx8yu x4uap5 x18d9i69 xkhd6sd x16tdsg8 x1hl2dhg xggy1nq x1a2a7pz x1sur9pj xkrqix3 xzsf02u x1s688f\" tabindex=\"0\" role=\"link\" href=\"https:\/\/www.facebook.com\/ricardo.salto.18\"><strong class=\"html-strong xdj266r x11i5rnm xat24cr x1mh8g0r xexx8yu x4uap5 x18d9i69 xkhd6sd x1hl2dhg x16tdsg8 x1vvkbs x1s688f\"><span class=\"html-span xdj266r x11i5rnm xat24cr x1mh8g0r xexx8yu x4uap5 x18d9i69 xkhd6sd x1hl2dhg x16tdsg8 x1vvkbs\">Ricardo Salto<\/span><\/strong><\/a><\/span><\/h4>\n<\/div>\n<\/div>\n<\/div>\n<\/div>\n<\/div>\n<div class=\"html-div xdj266r x11i5rnm xat24cr x1mh8g0r xexx8yu x4uap5 x18d9i69 xkhd6sd\">\n<div class=\"html-div xdj266r x11i5rnm xat24cr x1mh8g0r xexx8yu x4uap5 x18d9i69 xkhd6sd\" dir=\"auto\">\n<div id=\":R1alal5ana7daammjabiq9papd5aqH2:\" class=\"x1l90r2v x1pi30zi x1swvt13 x1iorvi4\" data-ad-comet-preview=\"message\" data-ad-preview=\"message\">\n<div class=\"x78zum5 xdt5ytf xz62fqu x16ldp7u\">\n<div class=\"xu06os2 x1ok221b\">\n<div class=\"xdj266r x11i5rnm xat24cr x1mh8g0r x1vvkbs x126k92a\">\n<div dir=\"auto\">Nota de Ricardo Salto en Face. Se fue una gloria del f\u00fatbol argentino y era de Campo Largo .<\/div>\n<div dir=\"auto\"><\/div>\n<\/div>\n<div class=\"x11i5rnm xat24cr x1mh8g0r x1vvkbs xtlvy1s x126k92a\">\n<div dir=\"auto\"><strong>SERGIO VICTOR PALMA Y SU ETERNO AMOR AL PUEBLO ,<\/strong><\/div>\n<\/div>\n<div class=\"x11i5rnm xat24cr x1mh8g0r x1vvkbs xtlvy1s x126k92a\">\n<div dir=\"auto\">Y se fue nom\u00e1s a hacer sus \u00bb picaditos en el cielo con su pelota de trapo y sus sue\u00f1os cumplidos\u00bb Sergio V\u00edctor Palma una gloria de Rosario que pase\u00f3 su estampa por River y M\u00e9xico, Luego de haber sufrido un problema cerebrovascular ( ACV) a los 66 a\u00f1os. En una de sus visitas por Campo Largo, ya que era oriundo de la zona rural le pude hacer un reportaje el 2 de enero de 1994. \u00bb Todo ha cambiado.- nos contaba Sergio en un banco de la Plaza San Mart\u00edn.- Los chicos pasaban y le dec\u00eda, hola Rosario Central, el los abrazaba y parec\u00eda que volv\u00eda a ser ese chico que 30 a\u00f1os atr\u00e1s jugaba en el campo y el patio con su pelota de trapo.<\/div>\n<div dir=\"auto\">FRASES CELEBRES .<\/div>\n<div dir=\"auto\">La charla se fue distendiendo y con cierta nostalgia recordaba a sus padres, los valores inculcados : \u00bb Llegar es f\u00e1cil, cuesta mantenerse frente a un ambiente donde todo es contrato, publicidad, no saben lo que piensa un jugador que vino desde el Chaco remoto a una de las Instituciones mas grandes del pa\u00eds ( Rosario Central ).<\/div>\n<div dir=\"auto\">NI\u00d1OS Y MAS NI\u00d1OS<\/div>\n<div dir=\"auto\">En eso aparecen sus vecinos Augusto y Horacio Salto, su amigo Carlos Puente, jugador de Cacu y la figura del entonces t\u00e9cnico Leguizam\u00f3n\u00bb Chomena\u00bb . Te vas a quedar para la Fiesta del deporte? le preguntan y el con voz pausada de pibe de pueblo dice \u00bb gracias, pero el lunes tengo que estar fichando chicos para la escuela de f\u00fatbol\u00bb .<\/div>\n<div dir=\"auto\">EL ADIOS<\/div>\n<div dir=\"auto\">Y como toda nota tiene un final . Estoy feliz de haberle hecho el homenaje en vida, a aquel muchachito que alcanz\u00f3 la gloria de ser querido por los fana canallas , no cualquiera llega a eso. El f\u00fatbol est\u00e1 de duelo y su pago chico tambi\u00e9n.<\/div>\n<div dir=\"auto\">Recuerdo las palabras del director de NORTE MIGUEL FERN\u00c1NDEZ .- Ustedes los corresponsales son el reservorio de las historias de sus pueblos y vaya que ten\u00eda raz\u00f3n mi dire, con el cual tambi\u00e9n ten\u00eda mis diferencias, pero en lo period\u00edstico no le erraba. Descansa en paz Palmita<\/div>\n<\/div>\n<\/div>\n<\/div>\n<\/div>\n<\/div>\n<div id=\":R1alal5ana7daammjabiq9papd5aqH3:\" class=\"html-div xdj266r x11i5rnm xat24cr x1mh8g0r xexx8yu x4uap5 x18d9i69 xkhd6sd x1n2onr6\">\n<div class=\"html-div xdj266r x11i5rnm xat24cr x1mh8g0r xexx8yu x4uap5 x18d9i69 xkhd6sd x1n2onr6\">\n<div class=\"x6s0dn4 x1jx94hy x78zum5 xdt5ytf x6ikm8r x10wlt62 x1n2onr6 xh8yej3\">\n<div>\n<div class=\"xqtp20y x6ikm8r x10wlt62 x1n2onr6\">\n<div class=\"x10l6tqk x13vifvy\"><img loading=\"lazy\" decoding=\"async\" class=\"x1ey2m1c xds687c x5yr21d x10l6tqk x17qophe x13vifvy xh8yej3 xl1xv1r\" src=\"https:\/\/scontent.fres2-1.fna.fbcdn.net\/v\/t39.30808-6\/462214327_8309718165813761_7006337692631127075_n.jpg?stp=dst-jpg_s1080x2048&amp;_nc_cat=106&amp;ccb=1-7&amp;_nc_sid=127cfc&amp;_nc_eui2=AeExQDpg1MoI8biWCOVq-YE_OFtiXGu7fQo4W2Jca7t9Cn45lDM81VDYrMPVkuo7PSk&amp;_nc_ohc=KfweCNvNnnsQ7kNvgHnwklZ&amp;_nc_ht=scontent.fres2-1.fna&amp;_nc_gid=AluhuKdMDVRO_V7GU1mvx0t&amp;oh=00_AYC2dwV_Qho_1PLIVntivbJxBugSI0YG_UH3Ey6i_l5BRw&amp;oe=670B14C4\" alt=\"Puede ser una imagen de una persona, jugando al f\u00fatbol, jugando al f\u00fatbol y texto\" width=\"1080\" height=\"539\" \/><\/div>\n<\/div>\n<\/div>\n<\/div>\n<div class=\"x1nb4dca x1q0q8m5 xso031l x1exxf4d x13fuv20 x178xt8z x1ey2m1c xds687c x17qophe x47corl x10l6tqk x13vifvy\"><\/div>\n<div class=\"x1ey2m1c xds687c x17qophe xg01cxk x47corl x10l6tqk x13vifvy x1ebt8du x19991ni x1dhq9h x1o1ewxj x3x9cwd x1e5q0jg x13rtm0m\" role=\"none\" data-visualcompletion=\"ignore\"><\/div>\n<\/div>\n<div class=\"html-div xdj266r x11i5rnm xat24cr x1mh8g0r xexx8yu x4uap5 x18d9i69 xkhd6sd\"><\/div>\n<\/div>\n<\/div>\n<div>\n<div class=\"xabvvm4 xeyy32k x1ia1hqs x1a2w583 x6ikm8r x10wlt62\" data-visualcompletion=\"ignore-dynamic\">\n<div>\n<div>\n<div>\n<div class=\"x1n2onr6\">\n<div class=\"x6s0dn4 xi81zsa x78zum5 x6prxxf x13a6bvl xvq8zen xdj266r xat24cr x1d52u69 xktsk01 x889kno x1a8lsjc xkhd6sd x4uap5 x80vd3b x1q0q8m5 xso031l\">\n<div class=\"x6s0dn4 x78zum5 x1iyjqo2 x6ikm8r x10wlt62\">\n<div class=\"\">\n<div class=\"x1i10hfl xjbqb8w x1ejq31n xd10rxx x1sy0etr x17r0tee x972fbf xcfux6l x1qhh985 xm0m39n x9f619 x1ypdohk xe8uvvx xdj266r x11i5rnm xat24cr x1mh8g0r xexx8yu x4uap5 x18d9i69 xkhd6sd x16tdsg8 x1hl2dhg xggy1nq x1o1ewxj x3x9cwd x1e5q0jg x13rtm0m x1n2onr6 x87ps6o x1lku1pv x1a2a7pz x1heor9g xnl1qt8 x6ikm8r x10wlt62 x1vjfegm x1lliihq\" style=\"text-align: center;\" tabindex=\"0\" role=\"button\"><img loading=\"lazy\" decoding=\"async\" class=\"alignnone size-medium wp-image-13423\" src=\"https:\/\/www.sportchaco.com.ar\/wp-content\/uploads\/2024\/09\/CHACO-JUEGA-BANNERS-1_1080X1350-1-240x300.gif\" alt=\"\" width=\"240\" height=\"300\" srcset=\"https:\/\/www.sportchaco.com.ar\/wp-content\/uploads\/2024\/09\/CHACO-JUEGA-BANNERS-1_1080X1350-1-240x300.gif 240w, https:\/\/www.sportchaco.com.ar\/wp-content\/uploads\/2024\/09\/CHACO-JUEGA-BANNERS-1_1080X1350-1-819x1024.gif 819w, https:\/\/www.sportchaco.com.ar\/wp-content\/uploads\/2024\/09\/CHACO-JUEGA-BANNERS-1_1080X1350-1-768x960.gif 768w\" sizes=\"auto, (max-width: 240px) 100vw, 240px\" \/><\/div>\n<\/div>\n<\/div>\n<div class=\"x9f619 x1ja2u2z x78zum5 x2lah0s x1n2onr6 x1qughib x1qjc9v5 xozqiw3 x1q0g3np xykv574 xbmpl8g x4cne27 xifccgj\"><\/div>\n<\/div>\n<\/div>\n<\/div>\n<\/div>\n<\/div>\n<\/div>\n<\/div>\n<\/div>\n<\/div>\n","protected":false},"excerpt":{"rendered":"<p>El f\u00fatbol de luto Adi\u00f3s al Negro Palma, el \u00faltimo 10 canalla El ex jugador estaba internado desde el 30 de septiembre por un accidente cerebrovascular Surgido de las divisiones inferiores de Rosario Central, fue campe\u00f3n al a\u00f1o de su debut y jug\u00f3 hasta los 40 a\u00f1os. Habilidoso y pensante, fue un cl\u00e1sico \u201c10\u201d que &hellip;<\/p>\n","protected":false},"author":2,"featured_media":13724,"comment_status":"open","ping_status":"open","sticky":false,"template":"","format":"standard","meta":{"footnotes":""},"categories":[5],"tags":[],"class_list":["post-13723","post","type-post","status-publish","format-standard","has-post-thumbnail","hentry","category-futbol"],"_links":{"self":[{"href":"https:\/\/www.sportchaco.com.ar\/index.php?rest_route=\/wp\/v2\/posts\/13723","targetHints":{"allow":["GET"]}}],"collection":[{"href":"https:\/\/www.sportchaco.com.ar\/index.php?rest_route=\/wp\/v2\/posts"}],"about":[{"href":"https:\/\/www.sportchaco.com.ar\/index.php?rest_route=\/wp\/v2\/types\/post"}],"author":[{"embeddable":true,"href":"https:\/\/www.sportchaco.com.ar\/index.php?rest_route=\/wp\/v2\/users\/2"}],"replies":[{"embeddable":true,"href":"https:\/\/www.sportchaco.com.ar\/index.php?rest_route=%2Fwp%2Fv2%2Fcomments&post=13723"}],"version-history":[{"count":1,"href":"https:\/\/www.sportchaco.com.ar\/index.php?rest_route=\/wp\/v2\/posts\/13723\/revisions"}],"predecessor-version":[{"id":13725,"href":"https:\/\/www.sportchaco.com.ar\/index.php?rest_route=\/wp\/v2\/posts\/13723\/revisions\/13725"}],"wp:featuredmedia":[{"embeddable":true,"href":"https:\/\/www.sportchaco.com.ar\/index.php?rest_route=\/wp\/v2\/media\/13724"}],"wp:attachment":[{"href":"https:\/\/www.sportchaco.com.ar\/index.php?rest_route=%2Fwp%2Fv2%2Fmedia&parent=13723"}],"wp:term":[{"taxonomy":"category","embeddable":true,"href":"https:\/\/www.sportchaco.com.ar\/index.php?rest_route=%2Fwp%2Fv2%2Fcategories&post=13723"},{"taxonomy":"post_tag","embeddable":true,"href":"https:\/\/www.sportchaco.com.ar\/index.php?rest_route=%2Fwp%2Fv2%2Ftags&post=13723"}],"curies":[{"name":"wp","href":"https:\/\/api.w.org\/{rel}","templated":true}]}}