{"id":13772,"date":"2024-10-09T22:59:49","date_gmt":"2024-10-10T01:59:49","guid":{"rendered":"https:\/\/www.sportchaco.com.ar\/?p=13772"},"modified":"2024-10-10T11:06:38","modified_gmt":"2024-10-10T14:06:38","slug":"13772","status":"publish","type":"post","link":"https:\/\/www.sportchaco.com.ar\/?p=13772","title":{"rendered":"Efem\u00e9rides del 10 de  octubre"},"content":{"rendered":"<p>&nbsp;<\/p>\n<p>&nbsp;<\/p>\n<p>&nbsp;<\/p>\n<p><strong>Esta es la Efem\u00e9rides del Deporte en el Chaco de un 10 de octubre del periodista Luis Dar\u00edo Molodezky.<\/strong><\/p>\n<p>&nbsp;<\/p>\n<p><img loading=\"lazy\" decoding=\"async\" class=\"alignnone size-medium wp-image-13588\" src=\"https:\/\/www.sportchaco.com.ar\/wp-content\/uploads\/2024\/09\/Luis-Molodezky-210x300.jpg\" alt=\"\" width=\"210\" height=\"300\" srcset=\"https:\/\/www.sportchaco.com.ar\/wp-content\/uploads\/2024\/09\/Luis-Molodezky-210x300.jpg 210w, https:\/\/www.sportchaco.com.ar\/wp-content\/uploads\/2024\/09\/Luis-Molodezky.jpg 275w\" sizes=\"auto, (max-width: 210px) 100vw, 210px\" \/><\/p>\n<p><strong>1971 <\/strong>\/ Se corre la Vuelta de S\u00e1enz Pe\u00f1a de Ciclismo, ganada por el correntino Jos\u00e9 Escalante, seguido por el local Juan Carlos Leyes.<\/p>\n<p><strong>1986 <\/strong>\/ Finaliza en Resistencia el XVI Congreso de la Federaci\u00f3n Argentina de Periodistas Deportivos y organizado por el C\u00edrculo del Chaco. En la oportunidad fue reelecto presidente Rodolfo Echegaray. Por primera vez Chaco se integra a la comisi\u00f3n nacional con la designaci\u00f3n de Ram\u00f3n Gonz\u00e1lez como vocal.<\/p>\n<p><strong>1997 \/<\/strong> Carlos Gabriel Salazar defiende con \u00e9xito el t\u00edtulo mundial OMB al vencer por puntos en 15 asaltos al mexicano Everaldo Morales, en un festival desarrollado en el club de Regatas<\/p>\n<p><strong>1999 <\/strong>\/ Ignacio Mat\u00edas Romano se consagra campe\u00f3n argentino cadetes de salto en largo, en Concepci\u00f3n del Uruguay, Entre R\u00edos, con una marca de 6.50 metros. Mejor\u00f3 su marca el 28 de noviembre de ese a\u00f1o con 6,52 metros, ubic\u00e1ndose quinto en el Argentino de Menores.<\/p>\n<p><strong>2017 \/<\/strong> Fallece a los 71 a\u00f1os H\u00e9ctor Alejandro Parmetler, ex jugador de For Ever, form\u00e1ndose en el semillero albinegro y debut\u00f3 en la primera en la victoria 3-2 sobre Don Orione en 1967, con Teodoro Maidana como t\u00e9cnico. Jug\u00f3 seis temporadas logrando cuatro t\u00edtulos.\u00a0 Hab\u00eda nacido un 3 de mayo de 1947.<\/p>\n<p><strong>\u00a0Foto portada: Cierre del Congreso del C\u00edrculo en 1986<\/strong><\/p>\n<p style=\"text-align: center;\"><strong>\u00a0<img loading=\"lazy\" decoding=\"async\" class=\"alignnone size-full wp-image-13753\" src=\"https:\/\/www.sportchaco.com.ar\/wp-content\/uploads\/2024\/10\/CHACO-JUEGA-BANNERS-1_250X250-1.gif\" alt=\"\" width=\"250\" height=\"250\" \/><\/strong><\/p>\n<p><strong>\u00a0<\/strong><\/p>\n<p>&nbsp;<\/p>\n<p>HASTA SIEMPRE CACHO<\/p>\n<p>En el dia de ayer, fallecio en nuestra ciudad a los 71 a\u00f1os, el ex jugador de Chaco For Ever, Hector Julio Parmetler, hab\u00eda nacido un 3 de mayo de 1947 en Resistencia, surgido del semillero Forevista, debuto en el torneo local 1967 por el torneo preparaci\u00f3n triunfo 3\/2 ante Orione con T. Maidana de tecnico, disputo 6 temporadas obteniendo 4 titulos, superando los 70 cotejos con 3 conquistas, hizo su presentaci\u00f3n fuera de la provincia, en el torneo regional 1972, en Misiones en una igualdad en cero ante Bartolome Mitre, con M. Papa de entrenador, en un equipo que luego de eliminar a Mandiyu, perdi\u00f3 la final ante Estrada de Formosa, al a\u00f1o siguiente tuvo su revancha al ser participe de la escuadra que se consagro Campeon de mismo campeonato en una final recordada ante el albo correntino, clasificando al Nacional, donde sumo minutos en la 12\u00b0 fecha, en Resistencia, caida por 0-2 ante Argentinos Juniors, donde ingreso por L. Rotger con J. Lestani como t\u00e9cnico, en 1970 tambien estuvo presente en un amistoso ante River Plate. Las condolencias para la familia, de este mediocampista que dejara un buen recuerdo en la instituci\u00f3n Albinegra.<\/p>\n<p>&nbsp;<\/p>\n","protected":false},"excerpt":{"rendered":"<p>&nbsp; &nbsp; &nbsp; Esta es la Efem\u00e9rides del Deporte en el Chaco de un 10 de octubre del periodista Luis Dar\u00edo Molodezky. &nbsp; 1971 \/ Se corre la Vuelta de S\u00e1enz Pe\u00f1a de Ciclismo, ganada por el correntino Jos\u00e9 Escalante, seguido por el local Juan Carlos Leyes. 1986 \/ Finaliza en Resistencia el XVI Congreso &hellip;<\/p>\n","protected":false},"author":2,"featured_media":13773,"comment_status":"open","ping_status":"open","sticky":false,"template":"","format":"standard","meta":{"footnotes":""},"categories":[45,40],"tags":[],"class_list":["post-13772","post","type-post","status-publish","format-standard","has-post-thumbnail","hentry","category-efemerides-dia-por-dia","category-octubre"],"_links":{"self":[{"href":"https:\/\/www.sportchaco.com.ar\/index.php?rest_route=\/wp\/v2\/posts\/13772","targetHints":{"allow":["GET"]}}],"collection":[{"href":"https:\/\/www.sportchaco.com.ar\/index.php?rest_route=\/wp\/v2\/posts"}],"about":[{"href":"https:\/\/www.sportchaco.com.ar\/index.php?rest_route=\/wp\/v2\/types\/post"}],"author":[{"embeddable":true,"href":"https:\/\/www.sportchaco.com.ar\/index.php?rest_route=\/wp\/v2\/users\/2"}],"replies":[{"embeddable":true,"href":"https:\/\/www.sportchaco.com.ar\/index.php?rest_route=%2Fwp%2Fv2%2Fcomments&post=13772"}],"version-history":[{"count":2,"href":"https:\/\/www.sportchaco.com.ar\/index.php?rest_route=\/wp\/v2\/posts\/13772\/revisions"}],"predecessor-version":[{"id":13775,"href":"https:\/\/www.sportchaco.com.ar\/index.php?rest_route=\/wp\/v2\/posts\/13772\/revisions\/13775"}],"wp:featuredmedia":[{"embeddable":true,"href":"https:\/\/www.sportchaco.com.ar\/index.php?rest_route=\/wp\/v2\/media\/13773"}],"wp:attachment":[{"href":"https:\/\/www.sportchaco.com.ar\/index.php?rest_route=%2Fwp%2Fv2%2Fmedia&parent=13772"}],"wp:term":[{"taxonomy":"category","embeddable":true,"href":"https:\/\/www.sportchaco.com.ar\/index.php?rest_route=%2Fwp%2Fv2%2Fcategories&post=13772"},{"taxonomy":"post_tag","embeddable":true,"href":"https:\/\/www.sportchaco.com.ar\/index.php?rest_route=%2Fwp%2Fv2%2Ftags&post=13772"}],"curies":[{"name":"wp","href":"https:\/\/api.w.org\/{rel}","templated":true}]}}