{"id":13776,"date":"2024-10-10T12:09:18","date_gmt":"2024-10-10T15:09:18","guid":{"rendered":"https:\/\/www.sportchaco.com.ar\/?p=13776"},"modified":"2024-10-10T12:09:18","modified_gmt":"2024-10-10T15:09:18","slug":"rafael-nadal-anuncio-su-retiro-del-tenis-profesional","status":"publish","type":"post","link":"https:\/\/www.sportchaco.com.ar\/?p=13776","title":{"rendered":"Rafael Nadal anunci\u00f3 su retiro del tenis profesional"},"content":{"rendered":"<header class=\"article-header-wrapper\">\n<div class=\"article-header\">\n<h5 id=\"impacto-mundial:-rafael-nadal-anuncio-su-retiro-del-tenis-profesional\" class=\"article-headline left\"><span style=\"font-size: 16px; font-weight: 400;\">10 Oct, 2024\u00a0<\/span><\/h5>\n<h5 class=\"article-headline left\">Impacto mundial: El tenista espa\u00f1ol, ganador de 22 t\u00edtulos de Grand Slam, confirm\u00f3 que su participaci\u00f3n en el Final 8 de la Copa Davis ser\u00e1 su \u00faltimo torneo. Fuente Infobae<\/h5>\n<\/div>\n<\/header>\n<article class=\"article\">\n<div class=\"body-article \">\n<div class=\"jwplayer-ctn\">\n<div>\n<div id=\"UT6YMI344FAJHKJNQURLGRODNE\" class=\"jwplayer jw-reset jw-state-idle jw-stretch-uniform jw-flag-aspect-mode jw-breakpoint-4 jw-floating-dismissible jw-keep-thumbnail jw-flag-user-inactive\" tabindex=\"0\" role=\"application\" aria-label=\"Reproductor de Video\" aria-describedby=\"jw-UT6YMI344FAJHKJNQURLGRODNE-shortcuts-tooltip-explanation\">\n<div class=\"jw-aspect jw-reset\"><\/div>\n<div class=\"afs_ads ad-placement\"><\/div>\n<\/div>\n<\/div>\n<\/div>\n<p class=\"paragraph\">Una noticia que los fan\u00e1ticos del tenis nunca quer\u00edan escuchar. A trav\u00e9s de un video en sus redes sociales,\u00a0<b>Rafael Nadal anunci\u00f3 su retiro del tenis profesional<\/b>. El \u00faltimo torneo ser\u00e1 el Final 8 de la Copa Davis, en el que intentar\u00e1 conquistar con Espa\u00f1a una nueva edici\u00f3n de la Ensaladera de Plata que se disputar\u00e1 en M\u00e1laga del 19 al 24 de noviembre.<\/p>\n<p class=\"paragraph\"><b>\u201cLa realidad es que han sido unos a\u00f1os dif\u00edciles, especialmente los dos \u00faltimos. Creo que no he sido capaz de jugar sin limitaciones que me ha llevado a tomar esta decisi\u00f3n\u201d<\/b>, fueron las primeras palabras de un exento video de casi cinco minutos que public\u00f3 el tenista que gan\u00f3 22 t\u00edtulos de Grand Slam en su gloriosa carrera deportiva.<\/p>\n<p class=\"paragraph\">\u201cEn esta vida todo tiene un principio y un final. Creo que es el momento adecuado para poner punto y final a lo que ha sido una carrera larga. Y mucho m\u00e1s exitosa de lo que jam\u00e1s pudiera imaginar\u201d, agreg\u00f3 Nadal.<\/p>\n<p class=\"paragraph\">La inclusi\u00f3n de Rafa en el equipo espa\u00f1ol, que jugar\u00e1 como local y tendr\u00e1 a Pa\u00edses Bajos como rival en la serie de cuartos de final, generar\u00e1 una gran expectativa para lo que ser\u00e1 la definici\u00f3n del hist\u00f3rico certamen que re\u00fane a los mejores equipos nacionales del tenis. Junto al tenista mallorqu\u00edn, los nombres de\u00a0<b>Carlos Alcaraz, Roberto Bautista, Pablo Carre\u00f1o y Marcel Granollers<\/b>, formar\u00e1n parte del conjunto dirigido por\u00a0<b>David Ferrer<\/b>.<\/p>\n<div class=\" visual__image\"><picture><source srcset=\"https:\/\/www.infobae.com\/resizer\/v2\/AZJYQ6QHFJAKTB33BGXRVJIGI4?auth=cd4bc8eba8a2547ad6885467c56d5eab94e1688a0d4b0062752489e453bc08a5&amp;smart=true&amp;width=992&amp;height=558&amp;quality=85\" media=\"(min-width: 1000px)\" \/><source srcset=\"https:\/\/www.infobae.com\/resizer\/v2\/AZJYQ6QHFJAKTB33BGXRVJIGI4?auth=cd4bc8eba8a2547ad6885467c56d5eab94e1688a0d4b0062752489e453bc08a5&amp;smart=true&amp;width=768&amp;height=432&amp;quality=85\" media=\"(min-width: 768px)\" \/><source srcset=\"https:\/\/www.infobae.com\/resizer\/v2\/AZJYQ6QHFJAKTB33BGXRVJIGI4?auth=cd4bc8eba8a2547ad6885467c56d5eab94e1688a0d4b0062752489e453bc08a5&amp;smart=true&amp;width=577&amp;height=325&amp;quality=85\" media=\"(min-width: 580px)\" \/><source srcset=\"https:\/\/www.infobae.com\/resizer\/v2\/AZJYQ6QHFJAKTB33BGXRVJIGI4?auth=cd4bc8eba8a2547ad6885467c56d5eab94e1688a0d4b0062752489e453bc08a5&amp;smart=true&amp;width=420&amp;height=236&amp;quality=85\" media=\"(min-width: 350px)\" \/><source srcset=\"https:\/\/www.infobae.com\/resizer\/v2\/AZJYQ6QHFJAKTB33BGXRVJIGI4?auth=cd4bc8eba8a2547ad6885467c56d5eab94e1688a0d4b0062752489e453bc08a5&amp;smart=true&amp;width=350&amp;height=197&amp;quality=85\" media=\"(min-width: 80px)\" \/><img loading=\"lazy\" decoding=\"async\" class=\"global-image\" src=\"https:\/\/www.infobae.com\/resizer\/v2\/AZJYQ6QHFJAKTB33BGXRVJIGI4?auth=cd4bc8eba8a2547ad6885467c56d5eab94e1688a0d4b0062752489e453bc08a5&amp;smart=true&amp;width=350&amp;height=197&amp;quality=85\" alt=\"Una postal de Nadal en su despedida de los Juegos Ol\u00edmpicos de Par\u00eds 2024 en la cancha central de Roland Garros (REUTERS\/Claudia Greco)\" width=\"800\" height=\"450\" \/><\/picture>Una postal de Nadal en su despedida de los Juegos Ol\u00edmpicos de Par\u00eds 2024 en la cancha central de Roland Garros (REUTERS\/Claudia Greco)<\/div>\n<p class=\"paragraph\">En lo que va del 2024,\u00a0<b>Nadal disput\u00f3 tan s\u00f3lo 20 partidos, en los que sum\u00f3 12 victorias y 8 derrotas<\/b>. Su actuaci\u00f3n m\u00e1s destacada fue en el ATP 250 de Bastad, donde lleg\u00f3 a la final, pero cay\u00f3 ante el portugu\u00e9s Nuno Borges, que lo super\u00f3 con un contundente 6-3 y 6-2.<\/p>\n<p class=\"paragraph\"><b>\u201cMe hace mucha ilusi\u00f3n que mi \u00faltimo torneo sea la Copa Davis representando a mi pa\u00eds. Es cerrar el c\u00edrculo porque una de mis primeras alegr\u00edas fue la final de Sevilla en 20024\u2033<\/b>, explica sobre el torneo que marcar\u00e1 su despedida de las canchas a los 38 a\u00f1os y con 92 t\u00edtulos en su trayectoria, que incluye la obtenci\u00f3n en 14 oportunidades del t\u00edtulo de Roland Garros, el Grand Slam sobre polvo de ladrillo.<\/p>\n<p class=\"paragraph\">El martes 19 es la fecha fijada en el calendario para el cruce ante el combinado neerland\u00e9s por el pase a las semifinales de la Copa Davis. \u201cMe siento un super afortunado por todas las cosas que he podido vivir\u201d, remarc\u00f3 Nadal, al mismo tiempo que expres\u00f3 su gratitud para el mundo del deporte en el que brill\u00f3 y se convirti\u00f3 en una leyenda.<\/p>\n<p class=\"paragraph\">\u201cAgradezco a toda la industria del tenis, a todos los compa\u00f1eros durante tantos a\u00f1os. He pasado muchas cosas con ellos y he vivido muchos momentos que voy a recordar por el resto de mi vida\u201d, menciona Rafa en el video mientras aparecen im\u00e1genes de sus dos m\u00e1ximos rivales,\u00a0<b>Roger Federer<\/b>\u00a0y\u00a0<b>Novak Djokovic<\/b>.<\/p>\n<div class=\" visual__image\"><picture><source srcset=\"https:\/\/www.infobae.com\/resizer\/v2\/RAAM6YR7B5BV5XOJGZ46IWLFC4.jpg?auth=872f6e223c5ce2ae0acaa886625a7e1ae23723b6a9a7e0d0f896025b7feefbac&amp;smart=true&amp;width=992&amp;height=606&amp;quality=85\" media=\"(min-width: 1000px)\" \/><source srcset=\"https:\/\/www.infobae.com\/resizer\/v2\/RAAM6YR7B5BV5XOJGZ46IWLFC4.jpg?auth=872f6e223c5ce2ae0acaa886625a7e1ae23723b6a9a7e0d0f896025b7feefbac&amp;smart=true&amp;width=768&amp;height=469&amp;quality=85\" media=\"(min-width: 768px)\" \/><source srcset=\"https:\/\/www.infobae.com\/resizer\/v2\/RAAM6YR7B5BV5XOJGZ46IWLFC4.jpg?auth=872f6e223c5ce2ae0acaa886625a7e1ae23723b6a9a7e0d0f896025b7feefbac&amp;smart=true&amp;width=577&amp;height=353&amp;quality=85\" media=\"(min-width: 580px)\" \/><source srcset=\"https:\/\/www.infobae.com\/resizer\/v2\/RAAM6YR7B5BV5XOJGZ46IWLFC4.jpg?auth=872f6e223c5ce2ae0acaa886625a7e1ae23723b6a9a7e0d0f896025b7feefbac&amp;smart=true&amp;width=420&amp;height=257&amp;quality=85\" media=\"(min-width: 350px)\" \/><source srcset=\"https:\/\/www.infobae.com\/resizer\/v2\/RAAM6YR7B5BV5XOJGZ46IWLFC4.jpg?auth=872f6e223c5ce2ae0acaa886625a7e1ae23723b6a9a7e0d0f896025b7feefbac&amp;smart=true&amp;width=350&amp;height=214&amp;quality=85\" media=\"(min-width: 80px)\" \/><img loading=\"lazy\" decoding=\"async\" class=\"global-image\" src=\"https:\/\/www.infobae.com\/resizer\/v2\/RAAM6YR7B5BV5XOJGZ46IWLFC4.jpg?auth=872f6e223c5ce2ae0acaa886625a7e1ae23723b6a9a7e0d0f896025b7feefbac&amp;smart=true&amp;width=350&amp;height=214&amp;quality=85\" alt=\"Un joven Nadal en 2005 tras conquistar Roland Garros (Reuters\/Jason O'Brien\/File Photo)\" width=\"2237\" height=\"1318\" \/><\/picture>Un joven Nadal en 2005 tras conquistar Roland Garros (Reuters\/Jason O&#8217;Brien\/File Photo)<\/div>\n<p class=\"paragraph\">En relaci\u00f3n al equipo de trabajo que lo acompa\u00f1\u00f3 en todos sus hitos, fue contundente. \u201cNo son trabajadores, son amigos. Han estado en todos los momentos en los que los he necesitado. Momentos muy buenos, momentos muy malos, momentos en los que he tenido que apretar, que he tenido que aflojar. Hemos vivido tanto que es dif\u00edcil de explicar\u201d, resalt\u00f3.<\/p>\n<p class=\"paragraph\">Como era de esperarse,\u00a0<b>Nadal tambi\u00e9n puso en palabras el agradecimiento a su familia<\/b>. \u201cLo es todo para m\u00ed. Mi madre ha hecho todos los sacrificios que ten\u00eda que hacer para que nosotros siempre lo tuvi\u00e9ramos todo. Mi mujer, Nery, llevamos 19 a\u00f1os juntos. Ha sido mi compa\u00f1era de viaje perfecta. Volver a casa cada d\u00eda y ver c\u00f3mo est\u00e1 creciendo mi hijo cada d\u00eda me da una fuerza que me ha mantenido vivo y con la energ\u00eda necesaria para continuar\u201d.<\/p>\n<p class=\"paragraph\">\u201cMi hermana, mi t\u00edo, la raz\u00f3n por la que empec\u00e9 a jugar a tenis. Gracias a \u00e9l he podido superar muchas situaciones dif\u00edciles en mi carrera deportiva. Y a mi padre que ha sido una fuente de inspiraci\u00f3n en todos los sentidos. Ha sido un ejemplo de esfuerzo, de superaci\u00f3n. Much\u00edsimas gracias a mi padre de forma especial\u201d, expres\u00f3 un Nadal emocionado.<\/p>\n<p class=\"paragraph\">En el final de su discurso, Rafa se tom\u00f3 un tiempo para darle las gracias a los fan\u00e1ticos que lo siguieron durante su extensa y gloriosa carrera. \u201cPor \u00faltimo, a vosotros, los aficionados. No tengo manera de agradeceros lo que me hab\u00e9is hecho sentir. Me hab\u00e9is dado la energ\u00eda que siempre he necesitado. No tengo manera de agradeceros lo que hab\u00e9is hecho por m\u00ed\u201d.<\/p>\n<p class=\"paragraph\">\u201c<b>Todo lo que he vivido ha sido un sue\u00f1o hecho realidad. Me voy con la tranquilidad absoluta de haber dado el m\u00e1ximo. Me he esforzado en todos los sentidos<\/b>. S\u00f3lo puedo terminar diciendo mil gracias a todos y hasta pronto\u201d, fueron las \u00faltimas palabras mientras se puede apreciar en las im\u00e1genes su despedida en Roland Garros este a\u00f1o luego de perder ante el alem\u00e1n ante Alexander Zverev en Par\u00eds.<\/p>\n<p class=\"paragraph\">El legado de Nadal ser\u00e1 mucho m\u00e1s grande que los t\u00edtulos que conquist\u00f3 a lo largo de los a\u00f1os. Marc\u00f3 una era en el tenis en la que forj\u00f3 una lucha deportiva con otras leyendas como Federer y Djokovic, pero sus triunfos en\u00a0<b>Roland Garros (14)<\/b>, el\u00a0<b>US Open (4)<\/b>,\u00a0<b>Wimbledon (2)\u00a0<\/b>y en el\u00a0<b>Australian Open (2)<\/b>, adem\u00e1s de ser el m\u00e1s ganador de la serie M\u00e1ster con 36 trofeos, lo colocan en una lista entre los m\u00e1s destacados tenistas y atletas de todos los tiempos.<\/p>\n<div class=\" visual__image\"><picture><source srcset=\"https:\/\/www.infobae.com\/resizer\/v2\/2MGZI6373U4RVUQ7NZ5UD6KNZ4.jpg?auth=b779a51e40f6ebb2e00b2b87f3ee7dddeeacfab29f8a03357fa64e3d65bccd52&amp;smart=true&amp;width=992&amp;height=661&amp;quality=85\" media=\"(min-width: 1000px)\" \/><source srcset=\"https:\/\/www.infobae.com\/resizer\/v2\/2MGZI6373U4RVUQ7NZ5UD6KNZ4.jpg?auth=b779a51e40f6ebb2e00b2b87f3ee7dddeeacfab29f8a03357fa64e3d65bccd52&amp;smart=true&amp;width=768&amp;height=512&amp;quality=85\" media=\"(min-width: 768px)\" \/><source srcset=\"https:\/\/www.infobae.com\/resizer\/v2\/2MGZI6373U4RVUQ7NZ5UD6KNZ4.jpg?auth=b779a51e40f6ebb2e00b2b87f3ee7dddeeacfab29f8a03357fa64e3d65bccd52&amp;smart=true&amp;width=577&amp;height=385&amp;quality=85\" media=\"(min-width: 580px)\" \/><source srcset=\"https:\/\/www.infobae.com\/resizer\/v2\/2MGZI6373U4RVUQ7NZ5UD6KNZ4.jpg?auth=b779a51e40f6ebb2e00b2b87f3ee7dddeeacfab29f8a03357fa64e3d65bccd52&amp;smart=true&amp;width=420&amp;height=280&amp;quality=85\" media=\"(min-width: 350px)\" \/><source srcset=\"https:\/\/www.infobae.com\/resizer\/v2\/2MGZI6373U4RVUQ7NZ5UD6KNZ4.jpg?auth=b779a51e40f6ebb2e00b2b87f3ee7dddeeacfab29f8a03357fa64e3d65bccd52&amp;smart=true&amp;width=350&amp;height=233&amp;quality=85\" media=\"(min-width: 80px)\" \/><img loading=\"lazy\" decoding=\"async\" class=\"global-image\" src=\"https:\/\/www.infobae.com\/resizer\/v2\/2MGZI6373U4RVUQ7NZ5UD6KNZ4.jpg?auth=b779a51e40f6ebb2e00b2b87f3ee7dddeeacfab29f8a03357fa64e3d65bccd52&amp;smart=true&amp;width=350&amp;height=233&amp;quality=85\" alt=\"En 2010, Rafa conquist\u00f3 Wimbledon (Reuters\/Paul Childs\/File Photo)\" width=\"3592\" height=\"2436\" \/><\/picture>En 2010, Rafa conquist\u00f3 Wimbledon (Reuters\/Paul Childs\/File Photo)<\/div>\n<\/div>\n<\/article>\n<div><\/div>\n","protected":false},"excerpt":{"rendered":"<p>10 Oct, 2024\u00a0 Impacto mundial: El tenista espa\u00f1ol, ganador de 22 t\u00edtulos de Grand Slam, confirm\u00f3 que su participaci\u00f3n en el Final 8 de la Copa Davis ser\u00e1 su \u00faltimo torneo. Fuente Infobae Una noticia que los fan\u00e1ticos del tenis nunca quer\u00edan escuchar. A trav\u00e9s de un video en sus redes sociales,\u00a0Rafael Nadal anunci\u00f3 su &hellip;<\/p>\n","protected":false},"author":2,"featured_media":13777,"comment_status":"open","ping_status":"open","sticky":false,"template":"","format":"standard","meta":{"footnotes":""},"categories":[46],"tags":[],"class_list":["post-13776","post","type-post","status-publish","format-standard","has-post-thumbnail","hentry","category-tenis"],"_links":{"self":[{"href":"https:\/\/www.sportchaco.com.ar\/index.php?rest_route=\/wp\/v2\/posts\/13776","targetHints":{"allow":["GET"]}}],"collection":[{"href":"https:\/\/www.sportchaco.com.ar\/index.php?rest_route=\/wp\/v2\/posts"}],"about":[{"href":"https:\/\/www.sportchaco.com.ar\/index.php?rest_route=\/wp\/v2\/types\/post"}],"author":[{"embeddable":true,"href":"https:\/\/www.sportchaco.com.ar\/index.php?rest_route=\/wp\/v2\/users\/2"}],"replies":[{"embeddable":true,"href":"https:\/\/www.sportchaco.com.ar\/index.php?rest_route=%2Fwp%2Fv2%2Fcomments&post=13776"}],"version-history":[{"count":1,"href":"https:\/\/www.sportchaco.com.ar\/index.php?rest_route=\/wp\/v2\/posts\/13776\/revisions"}],"predecessor-version":[{"id":13778,"href":"https:\/\/www.sportchaco.com.ar\/index.php?rest_route=\/wp\/v2\/posts\/13776\/revisions\/13778"}],"wp:featuredmedia":[{"embeddable":true,"href":"https:\/\/www.sportchaco.com.ar\/index.php?rest_route=\/wp\/v2\/media\/13777"}],"wp:attachment":[{"href":"https:\/\/www.sportchaco.com.ar\/index.php?rest_route=%2Fwp%2Fv2%2Fmedia&parent=13776"}],"wp:term":[{"taxonomy":"category","embeddable":true,"href":"https:\/\/www.sportchaco.com.ar\/index.php?rest_route=%2Fwp%2Fv2%2Fcategories&post=13776"},{"taxonomy":"post_tag","embeddable":true,"href":"https:\/\/www.sportchaco.com.ar\/index.php?rest_route=%2Fwp%2Fv2%2Ftags&post=13776"}],"curies":[{"name":"wp","href":"https:\/\/api.w.org\/{rel}","templated":true}]}}