{"id":13779,"date":"2024-10-10T12:39:26","date_gmt":"2024-10-10T15:39:26","guid":{"rendered":"https:\/\/www.sportchaco.com.ar\/?p=13779"},"modified":"2024-10-10T12:39:26","modified_gmt":"2024-10-10T15:39:26","slug":"el-fin-de-semana-arranca-el-regional-amateur","status":"publish","type":"post","link":"https:\/\/www.sportchaco.com.ar\/?p=13779","title":{"rendered":"El fin de semana arranca el Regional Amateur"},"content":{"rendered":"<p><strong>10-10-2024<\/strong><\/p>\n<p><img loading=\"lazy\" decoding=\"async\" class=\"size-medium wp-image-11289 aligncenter\" src=\"https:\/\/www.sportchaco.com.ar\/wp-content\/uploads\/2024\/07\/Gobierno-paisaje-1-300x116.png\" alt=\"\" width=\"300\" height=\"116\" srcset=\"https:\/\/www.sportchaco.com.ar\/wp-content\/uploads\/2024\/07\/Gobierno-paisaje-1-300x116.png 300w, https:\/\/www.sportchaco.com.ar\/wp-content\/uploads\/2024\/07\/Gobierno-paisaje-1-768x297.png 768w, https:\/\/www.sportchaco.com.ar\/wp-content\/uploads\/2024\/07\/Gobierno-paisaje-1.png 800w\" sizes=\"auto, (max-width: 300px) 100vw, 300px\" \/><\/p>\n<p>Este fin de semana se pondr\u00e1 en marcha la ilusi\u00f3n de los 15 equipos chaque\u00f1os en el Regional Amateur, los mismos estar\u00e1n divididos en cuatro grupos de cuatro y tres equipos.<\/p>\n<p>Los representantes de la Liga Chaque\u00f1a de F\u00fatbol jugar\u00e1n el d\u00eda domingo. Por la zona 1, Fontana recibir\u00e1 desde las 16 horas a Villa Alvear, mientras que por la zona 2, Resistencia Central visitar\u00e1 a El Fort\u00edn de Machagai tambi\u00e9n desde las 16.<\/p>\n<p><strong>ZONA 1<br \/>\n<\/strong><strong><em>Domingo 13<br \/>\n<\/em><\/strong><em>16,00:<\/em>\u00a0<strong>Pabell\u00f3n Argentino (Las Palmas) &#8211; Dep. Municipal (La Leonesa)<br \/>\n<\/strong><em>\u00c1rbitros:<\/em>\u00a0Mauricio Aquino Fari\u00f1a, Marcos Sabalich y Rub\u00e9n Saavedra (Liga Regional)<\/p>\n<p><em>16,30:<\/em>\u00a0<strong>Fontana &#8211; Villa Alvear (Resistencia)<br \/>\n<\/strong><em>\u00c1rbitros:<\/em>\u00a0Mar\u00eda S. R\u00edos, Dami\u00e1n Amarilla y Leonardo G\u00f3mez (Liga Chaque\u00f1a)<\/p>\n<p><strong>ZONA 2<br \/>\n<\/strong><strong><em>Domingo 13<br \/>\n<\/em><\/strong><em>16,00:<\/em>\u00a0<strong>El Fort\u00edn (Machagai) &#8211; Rcia. Central (Resistencia)<br \/>\n<\/strong><em>\u00c1rbitros:<\/em>\u00a0Sergio Lezcano, Leonardo Torres y Leonerdo Kitoff (AFOCH)<\/p>\n<p><em>16,00:<\/em>\u00a0<strong>R\u00edo Teuco (Pampa del Indio) &#8211; Belgrano (San Mart\u00edn)<br \/>\n<\/strong><em>\u00c1rbitros:<\/em>\u00a0Enrique M\u00e9ndez, \u00c1ngel D\u00edaz y V\u00edctor Ibarra (Liga del Norte)<\/p>\n<p><strong>ZONA 3<br \/>\n<\/strong><strong><em>Domingo 13<br \/>\n<\/em><\/strong><em>16,00:<\/em>\u00a0<strong>Potrero (Quitilipi) &#8211; Gral. Belgrano (Quitilipi)<br \/>\n<\/strong><em>\u00c1rbitros:<\/em>\u00a0Dar\u00edo P\u00e9rez, Dar\u00edo Aguirre y Luciano Silva (Liga Quitilipense)<\/p>\n<p><em>Libre:<\/em>\u00a0<strong>Textil (Villa \u00c1ngela)<\/strong><\/p>\n<p><strong>ZONA 4<br \/>\n<\/strong><strong><em>Domingo 13<br \/>\n<\/em><\/strong><em>17,00:<\/em>\u00a0<strong>Dep. Comercio (Santa Sylvina) &#8211; Avenida FC (Villa \u00c1ngela)<br \/>\n<\/strong><em>\u00c1rbitros:<\/em>\u00a0Sergio Soria, Mart\u00edn Banegas y Daniela Montiel (AFOCH)<\/p>\n<p><em>18,00:<\/em>\u00a0<strong>Sp. Pampa (Pampa del Infierno) &#8211; Sp. Cultural (Castelli)<br \/>\n<\/strong><em>\u00c1rbitros:<\/em>\u00a0Diego Mitoire, Juan G. Hern\u00e1ndez y Bautista Gonz\u00e1lez (Liga Chaque\u00f1a)<\/p>\n<p><img loading=\"lazy\" decoding=\"async\" class=\" wp-image-10833 aligncenter\" src=\"https:\/\/www.sportchaco.com.ar\/wp-content\/uploads\/2024\/06\/gobierno-del-Chaco-300x297.jpg\" alt=\"\" width=\"316\" height=\"313\" srcset=\"https:\/\/www.sportchaco.com.ar\/wp-content\/uploads\/2024\/06\/gobierno-del-Chaco-300x297.jpg 300w, https:\/\/www.sportchaco.com.ar\/wp-content\/uploads\/2024\/06\/gobierno-del-Chaco-150x150.jpg 150w, https:\/\/www.sportchaco.com.ar\/wp-content\/uploads\/2024\/06\/gobierno-del-Chaco.jpg 442w\" sizes=\"auto, (max-width: 316px) 100vw, 316px\" \/><\/p>\n","protected":false},"excerpt":{"rendered":"<p>10-10-2024 Este fin de semana se pondr\u00e1 en marcha la ilusi\u00f3n de los 15 equipos chaque\u00f1os en el Regional Amateur, los mismos estar\u00e1n divididos en cuatro grupos de cuatro y tres equipos. Los representantes de la Liga Chaque\u00f1a de F\u00fatbol jugar\u00e1n el d\u00eda domingo. Por la zona 1, Fontana recibir\u00e1 desde las 16 horas a &hellip;<\/p>\n","protected":false},"author":3,"featured_media":4402,"comment_status":"open","ping_status":"open","sticky":false,"template":"","format":"standard","meta":{"footnotes":""},"categories":[5],"tags":[],"class_list":["post-13779","post","type-post","status-publish","format-standard","has-post-thumbnail","hentry","category-futbol"],"_links":{"self":[{"href":"https:\/\/www.sportchaco.com.ar\/index.php?rest_route=\/wp\/v2\/posts\/13779","targetHints":{"allow":["GET"]}}],"collection":[{"href":"https:\/\/www.sportchaco.com.ar\/index.php?rest_route=\/wp\/v2\/posts"}],"about":[{"href":"https:\/\/www.sportchaco.com.ar\/index.php?rest_route=\/wp\/v2\/types\/post"}],"author":[{"embeddable":true,"href":"https:\/\/www.sportchaco.com.ar\/index.php?rest_route=\/wp\/v2\/users\/3"}],"replies":[{"embeddable":true,"href":"https:\/\/www.sportchaco.com.ar\/index.php?rest_route=%2Fwp%2Fv2%2Fcomments&post=13779"}],"version-history":[{"count":1,"href":"https:\/\/www.sportchaco.com.ar\/index.php?rest_route=\/wp\/v2\/posts\/13779\/revisions"}],"predecessor-version":[{"id":13780,"href":"https:\/\/www.sportchaco.com.ar\/index.php?rest_route=\/wp\/v2\/posts\/13779\/revisions\/13780"}],"wp:featuredmedia":[{"embeddable":true,"href":"https:\/\/www.sportchaco.com.ar\/index.php?rest_route=\/wp\/v2\/media\/4402"}],"wp:attachment":[{"href":"https:\/\/www.sportchaco.com.ar\/index.php?rest_route=%2Fwp%2Fv2%2Fmedia&parent=13779"}],"wp:term":[{"taxonomy":"category","embeddable":true,"href":"https:\/\/www.sportchaco.com.ar\/index.php?rest_route=%2Fwp%2Fv2%2Fcategories&post=13779"},{"taxonomy":"post_tag","embeddable":true,"href":"https:\/\/www.sportchaco.com.ar\/index.php?rest_route=%2Fwp%2Fv2%2Ftags&post=13779"}],"curies":[{"name":"wp","href":"https:\/\/api.w.org\/{rel}","templated":true}]}}