{"id":1380,"date":"2023-10-06T19:01:01","date_gmt":"2023-10-06T22:01:01","guid":{"rendered":"https:\/\/www.sportchaco.com.ar\/?p=1380"},"modified":"2023-10-06T19:02:26","modified_gmt":"2023-10-06T22:02:26","slug":"1380","status":"publish","type":"post","link":"https:\/\/www.sportchaco.com.ar\/?p=1380","title":{"rendered":"Un For Ever alternativo cierra su participaci\u00f3n de local en la Primera Nacional"},"content":{"rendered":"<p>Por la 33\u00aa fecha de la zona B de la Primera Nacional, For Ever recibir\u00e1 este s\u00e1bado desde las 18 horas a Deportivo Madryn.<\/p>\n<p>El \u00abnegro\u00bb llega aliviado al cruce ante el equipo sure\u00f1o ya que salv\u00f3 la categor\u00eda tras su triunfo ante Atl\u00e9tico Rafaela la semana anterior. Por su parte, el Deportivo Madryn necesita de un triunfo para buscar la clasificaci\u00f3n al Reducido.<\/p>\n<p>El \u00e1rbitro del partido ser\u00e1 el siempre pol\u00e9mico y cuestionado Jorge Nelson Sosa.<\/p>\n<p>Para este encuentro el DT, Ricardo Pancaldo, rotar\u00e1 el equipo y le dar\u00e1 minutos de juego a varios jugadores que no vienen jugando \u00faltimamente teniendo en cuenta que el pr\u00f3ximo mi\u00e9rcoles tendr\u00e1 su compromiso ante Defensa y Justicia por Copa Argentina.<\/p>\n<p>El \u00ab11\u00bb que prob\u00f3 en el \u00faltimo ensayo el entrenador fue: <strong>Luciano Silva; Juan Galetto, Facundo Monteseir\u00edn, Yair Mar\u00edn e Ignacio Abraham; Claudio Villagra, Nicol\u00e1s Ju\u00e1rez, Emanuel D\u00edaz y Javier Bayk; Cristian Ibarra y Mat\u00edas Romero.<\/strong><\/p>\n<p>Con lo cual habr\u00eda diez modificaciones con respecto al \u00faltimo partido y el \u00fanico que se sostendr\u00eda de titular es Ignacio Abraham ya que Leandro Allende sufre una fuerte contractura.<\/p>\n<p>Adem\u00e1s fueron citados: Gast\u00f3n Canuto, Emir Faccioli, Santiago Valenzuela, Enzo Bruno, Mateo Maccari, Javier Iritier, H\u00e9ctor Zabala, Nicol\u00e1s Silva y Jonathan Dellarossa.<\/p>\n<p>&nbsp;<\/p>\n","protected":false},"excerpt":{"rendered":"<p>Por la 33\u00aa fecha de la zona B de la Primera Nacional, For Ever recibir\u00e1 este s\u00e1bado desde las 18 horas a Deportivo Madryn. El \u00abnegro\u00bb llega aliviado al cruce ante el equipo sure\u00f1o ya que salv\u00f3 la categor\u00eda tras su triunfo ante Atl\u00e9tico Rafaela la semana anterior. Por su parte, el Deportivo Madryn necesita &hellip;<\/p>\n","protected":false},"author":3,"featured_media":1381,"comment_status":"open","ping_status":"open","sticky":false,"template":"","format":"standard","meta":{"footnotes":""},"categories":[5],"tags":[],"class_list":["post-1380","post","type-post","status-publish","format-standard","has-post-thumbnail","hentry","category-futbol"],"_links":{"self":[{"href":"https:\/\/www.sportchaco.com.ar\/index.php?rest_route=\/wp\/v2\/posts\/1380","targetHints":{"allow":["GET"]}}],"collection":[{"href":"https:\/\/www.sportchaco.com.ar\/index.php?rest_route=\/wp\/v2\/posts"}],"about":[{"href":"https:\/\/www.sportchaco.com.ar\/index.php?rest_route=\/wp\/v2\/types\/post"}],"author":[{"embeddable":true,"href":"https:\/\/www.sportchaco.com.ar\/index.php?rest_route=\/wp\/v2\/users\/3"}],"replies":[{"embeddable":true,"href":"https:\/\/www.sportchaco.com.ar\/index.php?rest_route=%2Fwp%2Fv2%2Fcomments&post=1380"}],"version-history":[{"count":3,"href":"https:\/\/www.sportchaco.com.ar\/index.php?rest_route=\/wp\/v2\/posts\/1380\/revisions"}],"predecessor-version":[{"id":1384,"href":"https:\/\/www.sportchaco.com.ar\/index.php?rest_route=\/wp\/v2\/posts\/1380\/revisions\/1384"}],"wp:featuredmedia":[{"embeddable":true,"href":"https:\/\/www.sportchaco.com.ar\/index.php?rest_route=\/wp\/v2\/media\/1381"}],"wp:attachment":[{"href":"https:\/\/www.sportchaco.com.ar\/index.php?rest_route=%2Fwp%2Fv2%2Fmedia&parent=1380"}],"wp:term":[{"taxonomy":"category","embeddable":true,"href":"https:\/\/www.sportchaco.com.ar\/index.php?rest_route=%2Fwp%2Fv2%2Fcategories&post=1380"},{"taxonomy":"post_tag","embeddable":true,"href":"https:\/\/www.sportchaco.com.ar\/index.php?rest_route=%2Fwp%2Fv2%2Ftags&post=1380"}],"curies":[{"name":"wp","href":"https:\/\/api.w.org\/{rel}","templated":true}]}}