{"id":13813,"date":"2024-10-12T18:48:54","date_gmt":"2024-10-12T21:48:54","guid":{"rendered":"https:\/\/www.sportchaco.com.ar\/?p=13813"},"modified":"2024-10-12T18:48:54","modified_gmt":"2024-10-12T21:48:54","slug":"con-futbol-y-voley-para-mujeres-y-varones-el-municipio-dio-inicio-al-torneo-integracion","status":"publish","type":"post","link":"https:\/\/www.sportchaco.com.ar\/?p=13813","title":{"rendered":"Con f\u00fatbol y v\u00f3ley, para mujeres y varones, el Municipio dio inicio al \u201cTorneo Integraci\u00f3n\u201d"},"content":{"rendered":"<p><strong>12-10-2024<\/strong><\/p>\n<p><img loading=\"lazy\" decoding=\"async\" class=\" wp-image-11681 aligncenter\" src=\"https:\/\/www.sportchaco.com.ar\/wp-content\/uploads\/2024\/07\/CHACO-JUEGA-BANNERS-1_320X50-1-300x47.gif\" alt=\"\" width=\"504\" height=\"79\" \/><\/p>\n<p>En las instalaciones del club Defensores de Vilelas, el intendente Marcelo \u201cColo\u201d Gonz\u00e1lez, encabez\u00f3 la apertura del \u201cTorneo Integraci\u00f3n\u201d, dirigido a la familia municipalde las distintas \u00e1reas, en el marco al D\u00eda del Empleado Municipal, a conmemorarse el pr\u00f3ximo 8 de noviembre.<\/p>\n<p>Este evento deportivo, destinado a todos los empleados municipales de Puerto Vilelas, tendr\u00e1 a las disciplinas f\u00fatbol y v\u00f3ley, para mujeres y varones, se extender\u00e1 durante 30 d\u00edas (arranc\u00f3 el pasado 8 de octubre), hasta el 8 de noviembre que se conmemora el \u201cD\u00eda del Empleado Municipal\u201d.<\/p>\n<p>Adem\u00e1s, durante todo el mes se programar\u00e1n sorteos de premios en colaboraci\u00f3n con los gremios municipales, reforzando el compromiso con la comunidad y el bienestar de todos los trabajadores.<\/p>\n<p>\u201cLa idea de estas acciones es integrar, porque los empleados administrativos tienen un tipo de tarea que es importante para el Municipio, pero aquel que recolecta la basura tambi\u00e9n es importante porque genera un servicio importante para la comunidad, como as\u00ed tambi\u00e9n los trabajadores que cortan el pasto, los que arreglan las calles, plomeros, los que hacen alba\u00f1iler\u00eda, construcci\u00f3n, los que limpian las cunetas; idea de juntarnos en este programa tiene que ver en que empecemos a reconocernos entre nosotros y que hagamos la vida m\u00e1s f\u00e1cil\u201d, explic\u00f3 el jefe comunal vilelense.<\/p>\n<p>De la apertura del Torneo Integraci\u00f3n, tambi\u00e9n estuvieron presentes autoridades del Ejecutivo municipal, concejales, directivos del club Defensores, trabajadores municipales y la comunidad en general.<\/p>\n<p>\u201cQuien pone el hombro, el sudor quien, su frente, espalda y m\u00fasculos para desarrollar las tareas son los empleados municipales, por lo que promovimos la idea de un torneo de estas caracter\u00edsticas que tiene a mujeres y varones en los respectivos equipos, adem\u00e1s de equipos mixtos\u201d, finaliz\u00f3 \u201cColo\u201d Gonz\u00e1lez.<\/p>\n<p><strong>\u201cTrabajar unidos\u201d<br \/>\n<\/strong>Por su parte, la secretaria de Gobierno, Industria y Empleo, Daniela Gonz\u00e1lez, destac\u00f3 la realizaci\u00f3n de este evento deportivo vilelense, que busca \u201cponer en valor toda la familia municipal, donde debemos trabajar unidos en pos del bien com\u00fan, ya que este acontecimiento nos regala un espacio para divertirnos, adem\u00e1s de mezclarnos entre las diversas \u00e1reas municipales\u201d.<\/p>\n<p><strong>\u201cEs una propuesta muy linda\u201d<br \/>\n<\/strong>Por \u00faltimo, Sandra Villordo, representante del Sindicato Uni\u00f3n y Obreros Empleados Municipales (SUOEM), manifest\u00f3 que \u201ces un honor poder acompa\u00f1ar este evento, donde queremos que los empleados fortalezcan la amistad; es una propuesta muy linda\u201d.<\/p>\n<p>&nbsp;<\/p>\n<p><img loading=\"lazy\" decoding=\"async\" class=\" wp-image-12320 aligncenter\" src=\"https:\/\/www.sportchaco.com.ar\/wp-content\/uploads\/2024\/08\/CHACO-JUEGA-BANNERS-1_200X200-1.gif\" alt=\"\" width=\"321\" height=\"321\" \/><\/p>\n","protected":false},"excerpt":{"rendered":"<p>12-10-2024 En las instalaciones del club Defensores de Vilelas, el intendente Marcelo \u201cColo\u201d Gonz\u00e1lez, encabez\u00f3 la apertura del \u201cTorneo Integraci\u00f3n\u201d, dirigido a la familia municipalde las distintas \u00e1reas, en el marco al D\u00eda del Empleado Municipal, a conmemorarse el pr\u00f3ximo 8 de noviembre. Este evento deportivo, destinado a todos los empleados municipales de Puerto Vilelas, &hellip;<\/p>\n","protected":false},"author":3,"featured_media":13814,"comment_status":"open","ping_status":"open","sticky":false,"template":"","format":"standard","meta":{"footnotes":""},"categories":[8],"tags":[],"class_list":["post-13813","post","type-post","status-publish","format-standard","has-post-thumbnail","hentry","category-sport-nea"],"_links":{"self":[{"href":"https:\/\/www.sportchaco.com.ar\/index.php?rest_route=\/wp\/v2\/posts\/13813","targetHints":{"allow":["GET"]}}],"collection":[{"href":"https:\/\/www.sportchaco.com.ar\/index.php?rest_route=\/wp\/v2\/posts"}],"about":[{"href":"https:\/\/www.sportchaco.com.ar\/index.php?rest_route=\/wp\/v2\/types\/post"}],"author":[{"embeddable":true,"href":"https:\/\/www.sportchaco.com.ar\/index.php?rest_route=\/wp\/v2\/users\/3"}],"replies":[{"embeddable":true,"href":"https:\/\/www.sportchaco.com.ar\/index.php?rest_route=%2Fwp%2Fv2%2Fcomments&post=13813"}],"version-history":[{"count":1,"href":"https:\/\/www.sportchaco.com.ar\/index.php?rest_route=\/wp\/v2\/posts\/13813\/revisions"}],"predecessor-version":[{"id":13815,"href":"https:\/\/www.sportchaco.com.ar\/index.php?rest_route=\/wp\/v2\/posts\/13813\/revisions\/13815"}],"wp:featuredmedia":[{"embeddable":true,"href":"https:\/\/www.sportchaco.com.ar\/index.php?rest_route=\/wp\/v2\/media\/13814"}],"wp:attachment":[{"href":"https:\/\/www.sportchaco.com.ar\/index.php?rest_route=%2Fwp%2Fv2%2Fmedia&parent=13813"}],"wp:term":[{"taxonomy":"category","embeddable":true,"href":"https:\/\/www.sportchaco.com.ar\/index.php?rest_route=%2Fwp%2Fv2%2Fcategories&post=13813"},{"taxonomy":"post_tag","embeddable":true,"href":"https:\/\/www.sportchaco.com.ar\/index.php?rest_route=%2Fwp%2Fv2%2Ftags&post=13813"}],"curies":[{"name":"wp","href":"https:\/\/api.w.org\/{rel}","templated":true}]}}