{"id":13816,"date":"2024-10-12T18:54:52","date_gmt":"2024-10-12T21:54:52","guid":{"rendered":"https:\/\/www.sportchaco.com.ar\/?p=13816"},"modified":"2024-10-12T18:54:52","modified_gmt":"2024-10-12T21:54:52","slug":"el-equipo-liga-argentina-de-villa-san-martin-se-presento-ante-el-minibasquet-de-la-institucion","status":"publish","type":"post","link":"https:\/\/www.sportchaco.com.ar\/?p=13816","title":{"rendered":"El equipo \u201cLiga Argentina\u201d de Villa San Mart\u00edn se present\u00f3 ante el minib\u00e1squet de la instituci\u00f3n"},"content":{"rendered":"<p><strong>12-10-2024<\/strong><\/p>\n<p><img loading=\"lazy\" decoding=\"async\" class=\" wp-image-9640 aligncenter\" src=\"https:\/\/www.sportchaco.com.ar\/wp-content\/uploads\/2024\/05\/gob-obras-marzo-apaisado-300x29.gif\" alt=\"\" width=\"486\" height=\"47\" srcset=\"https:\/\/www.sportchaco.com.ar\/wp-content\/uploads\/2024\/05\/gob-obras-marzo-apaisado-300x29.gif 300w, https:\/\/www.sportchaco.com.ar\/wp-content\/uploads\/2024\/05\/gob-obras-marzo-apaisado-768x74.gif 768w\" sizes=\"auto, (max-width: 486px) 100vw, 486px\" \/><\/p>\n<p>El equipo profesional de Villa San Mart\u00edn para la temporada 24\/25 de la Liga Argentina se present\u00f3 ante el minib\u00e1squet de la instituci\u00f3n tricolor. En esta oportunidad, hubo juegos, charlas y mucha felicidad para los \u201cpeque\u00f1os\u201d que acompa\u00f1ar\u00e1n esta temporada sin dudas. Participaron dirigentes, cuerpo t\u00e9cnico, profesores, por supuesto jugadores del plantel profesional y ni\u00f1os.<\/p>\n<p>\u201cEste acontecimiento tiene un significado muy importante para la instituci\u00f3n, porque es lo que marca el sentido de pertenencia de los chicos hacia el club y sus jugadores\u201d, afirm\u00f3 el presidente de Villa San Mart\u00edn, Ricardo Siri, quien estuvo acompa\u00f1ado por el vicepresidente de la instituci\u00f3n, Mart\u00edn P\u00e9rez Bataglia, cuerpo t\u00e9cnico y jugadores del equipo profesional.<\/p>\n<p>A su turno, el alero Favio Vieta, quien antes de iniciar su carrera profesional jug\u00f3 en el minib\u00e1squet hasta U15 (infantiles) en la instituci\u00f3n tricolor, adem\u00e1s de que posteriormente ya defendi\u00f3 los colores del elenco chaque\u00f1o en esta categor\u00eda (temporada 2022), afirm\u00f3 que \u201cestos encuentros con los ni\u00f1os del club es una buena forma de conectar con ellos y ellos con nosotros; generar en los chicos identidad con el club, que la gente nos apoye e identificarnos con Villa San Mart\u00edn\u201d.<\/p>\n<p>Por \u00faltimo, el entrenador hist\u00f3rico y principal del minib\u00e1squet de Villa San Mart\u00edn, C\u00e9sar Puljiz, destac\u00f3 que estos tipos de acciones \u201clo hacemos todos los a\u00f1os como una actividad fija, en primer lugar para que nuestros ni\u00f1os conozcan a los jugadores, ellos siempre lo ven en la cancha, los chicos son muy hinchas, muy fan\u00e1ticos de nuestros colores y de nuestro equipo\u201d.<\/p>\n<p>\u201cEstas acciones siempre me generan mucha alegr\u00eda, ansiedad e ilusi\u00f3n, porque es una forma de vida el minib\u00e1squet, as\u00ed que una temporada en la Liga tambi\u00e9n nos genera todo eso, no solamente a los profes sino a la familia, porque el club es de una familia donde los ni\u00f1os se ven reflejados en los jugadores, no solamente en la Liga, sino tambi\u00e9n en las categor\u00edas formativas\u201d.<\/p>\n<p><img loading=\"lazy\" decoding=\"async\" class=\" wp-image-9489 aligncenter\" src=\"https:\/\/www.sportchaco.com.ar\/wp-content\/uploads\/2024\/05\/gob-sube-marzo-24-2-300x300.jpeg\" alt=\"\" width=\"364\" height=\"364\" srcset=\"https:\/\/www.sportchaco.com.ar\/wp-content\/uploads\/2024\/05\/gob-sube-marzo-24-2-300x300.jpeg 300w, https:\/\/www.sportchaco.com.ar\/wp-content\/uploads\/2024\/05\/gob-sube-marzo-24-2-1024x1024.jpeg 1024w, https:\/\/www.sportchaco.com.ar\/wp-content\/uploads\/2024\/05\/gob-sube-marzo-24-2-150x150.jpeg 150w, https:\/\/www.sportchaco.com.ar\/wp-content\/uploads\/2024\/05\/gob-sube-marzo-24-2-768x768.jpeg 768w, https:\/\/www.sportchaco.com.ar\/wp-content\/uploads\/2024\/05\/gob-sube-marzo-24-2.jpeg 1080w\" sizes=\"auto, (max-width: 364px) 100vw, 364px\" \/><\/p>\n","protected":false},"excerpt":{"rendered":"<p>12-10-2024 El equipo profesional de Villa San Mart\u00edn para la temporada 24\/25 de la Liga Argentina se present\u00f3 ante el minib\u00e1squet de la instituci\u00f3n tricolor. En esta oportunidad, hubo juegos, charlas y mucha felicidad para los \u201cpeque\u00f1os\u201d que acompa\u00f1ar\u00e1n esta temporada sin dudas. Participaron dirigentes, cuerpo t\u00e9cnico, profesores, por supuesto jugadores del plantel profesional y &hellip;<\/p>\n","protected":false},"author":3,"featured_media":13817,"comment_status":"open","ping_status":"open","sticky":false,"template":"","format":"standard","meta":{"footnotes":""},"categories":[3],"tags":[],"class_list":["post-13816","post","type-post","status-publish","format-standard","has-post-thumbnail","hentry","category-basquetbol"],"_links":{"self":[{"href":"https:\/\/www.sportchaco.com.ar\/index.php?rest_route=\/wp\/v2\/posts\/13816","targetHints":{"allow":["GET"]}}],"collection":[{"href":"https:\/\/www.sportchaco.com.ar\/index.php?rest_route=\/wp\/v2\/posts"}],"about":[{"href":"https:\/\/www.sportchaco.com.ar\/index.php?rest_route=\/wp\/v2\/types\/post"}],"author":[{"embeddable":true,"href":"https:\/\/www.sportchaco.com.ar\/index.php?rest_route=\/wp\/v2\/users\/3"}],"replies":[{"embeddable":true,"href":"https:\/\/www.sportchaco.com.ar\/index.php?rest_route=%2Fwp%2Fv2%2Fcomments&post=13816"}],"version-history":[{"count":1,"href":"https:\/\/www.sportchaco.com.ar\/index.php?rest_route=\/wp\/v2\/posts\/13816\/revisions"}],"predecessor-version":[{"id":13818,"href":"https:\/\/www.sportchaco.com.ar\/index.php?rest_route=\/wp\/v2\/posts\/13816\/revisions\/13818"}],"wp:featuredmedia":[{"embeddable":true,"href":"https:\/\/www.sportchaco.com.ar\/index.php?rest_route=\/wp\/v2\/media\/13817"}],"wp:attachment":[{"href":"https:\/\/www.sportchaco.com.ar\/index.php?rest_route=%2Fwp%2Fv2%2Fmedia&parent=13816"}],"wp:term":[{"taxonomy":"category","embeddable":true,"href":"https:\/\/www.sportchaco.com.ar\/index.php?rest_route=%2Fwp%2Fv2%2Fcategories&post=13816"},{"taxonomy":"post_tag","embeddable":true,"href":"https:\/\/www.sportchaco.com.ar\/index.php?rest_route=%2Fwp%2Fv2%2Ftags&post=13816"}],"curies":[{"name":"wp","href":"https:\/\/api.w.org\/{rel}","templated":true}]}}