{"id":1385,"date":"2023-10-06T20:16:38","date_gmt":"2023-10-06T23:16:38","guid":{"rendered":"https:\/\/www.sportchaco.com.ar\/?p=1385"},"modified":"2023-10-06T20:16:38","modified_gmt":"2023-10-06T23:16:38","slug":"con-comercio-de-sylvina-y-sportivo-espanol-de-villa-angela-chaco-tendra-21-equipos-en-el-regional-amateur","status":"publish","type":"post","link":"https:\/\/www.sportchaco.com.ar\/?p=1385","title":{"rendered":"Con Comercio de Sylvina y Sportivo Espa\u00f1ol de Villa \u00c1ngela, Chaco tendr\u00e1 21 equipos en el Regional Amateur"},"content":{"rendered":"<p>El Consejo Federal de la AFA sum\u00f3 dos equipos chaque\u00f1os m\u00e1s al pr\u00f3ximo Torneo Regional Amateur, al confirmar licencias para Sportivo Espa\u00f1ol de Villa \u00c1ngela y Deportivo Comercio de Santa Sylvina, ambos de la Asociaci\u00f3n de F\u00fatbol del Oeste Chaque\u00f1o.<\/p>\n<p>Los dos conjuntos de la liga con asiento en Villa \u00c1ngela fueron confirmados en la tarde de este viernes, incrementando as\u00ed a 21 la cantidad de equipos de la provincia del Chaco.<\/p>\n<p><strong>Todos los chaque\u00f1os<\/strong><\/p>\n<p>-Federaci\u00f3n Chaque\u00f1a: Resistencia Central (Campe\u00f3n Torneo Federativo)<\/p>\n<p>-Liga Saenzpe\u00f1ense: 9 de Julio (Los Frentones); San Lorenzo (S\u00e1enz Pe\u00f1a); Sp. Cultural (Castelli); Gral. Belgrano (S\u00e1enz Pe\u00f1a); Dep. Uni\u00f3n (S\u00e1enz Pe\u00f1a)<\/p>\n<p>-Liga Quitilipense: Dep. Amistad (Quitilipi)<\/p>\n<p>-Liga del Noroeste: Uni\u00f3n y Fuerza (Corzuela); Atl\u00e9tico (Charata)<\/p>\n<p>-AFOCH: San Lorenzo (La Tigra); Sp. Espa\u00f1ol (Villa Angela); Dep. Comercio (Santa Sylvina)<\/p>\n<p>-Liga Chaque\u00f1a: Regional (Resistencia); Juventud (Puerto Tirol)<\/p>\n<p>-Liga del Norte: Recreativo Toba (Gial. San Mart\u00edn); Am\u00e9rica (Gral, San Mart\u00edn); Falucho (Gral. San<\/p>\n<p>Mart\u00edn)<\/p>\n<p>-Liga Regional: Dep. Comercio (Pcia. de la Plaza); El Fort\u00edn (Machagai); Social (Makalle)<\/p>\n<p>-Liga de Las Palmas: Municipal (La Leonesa)<\/p>\n","protected":false},"excerpt":{"rendered":"<p>El Consejo Federal de la AFA sum\u00f3 dos equipos chaque\u00f1os m\u00e1s al pr\u00f3ximo Torneo Regional Amateur, al confirmar licencias para Sportivo Espa\u00f1ol de Villa \u00c1ngela y Deportivo Comercio de Santa Sylvina, ambos de la Asociaci\u00f3n de F\u00fatbol del Oeste Chaque\u00f1o. Los dos conjuntos de la liga con asiento en Villa \u00c1ngela fueron confirmados en la &hellip;<\/p>\n","protected":false},"author":3,"featured_media":1386,"comment_status":"open","ping_status":"open","sticky":false,"template":"","format":"standard","meta":{"footnotes":""},"categories":[5,47],"tags":[],"class_list":["post-1385","post","type-post","status-publish","format-standard","has-post-thumbnail","hentry","category-futbol","category-nacionales"],"_links":{"self":[{"href":"https:\/\/www.sportchaco.com.ar\/index.php?rest_route=\/wp\/v2\/posts\/1385","targetHints":{"allow":["GET"]}}],"collection":[{"href":"https:\/\/www.sportchaco.com.ar\/index.php?rest_route=\/wp\/v2\/posts"}],"about":[{"href":"https:\/\/www.sportchaco.com.ar\/index.php?rest_route=\/wp\/v2\/types\/post"}],"author":[{"embeddable":true,"href":"https:\/\/www.sportchaco.com.ar\/index.php?rest_route=\/wp\/v2\/users\/3"}],"replies":[{"embeddable":true,"href":"https:\/\/www.sportchaco.com.ar\/index.php?rest_route=%2Fwp%2Fv2%2Fcomments&post=1385"}],"version-history":[{"count":1,"href":"https:\/\/www.sportchaco.com.ar\/index.php?rest_route=\/wp\/v2\/posts\/1385\/revisions"}],"predecessor-version":[{"id":1387,"href":"https:\/\/www.sportchaco.com.ar\/index.php?rest_route=\/wp\/v2\/posts\/1385\/revisions\/1387"}],"wp:featuredmedia":[{"embeddable":true,"href":"https:\/\/www.sportchaco.com.ar\/index.php?rest_route=\/wp\/v2\/media\/1386"}],"wp:attachment":[{"href":"https:\/\/www.sportchaco.com.ar\/index.php?rest_route=%2Fwp%2Fv2%2Fmedia&parent=1385"}],"wp:term":[{"taxonomy":"category","embeddable":true,"href":"https:\/\/www.sportchaco.com.ar\/index.php?rest_route=%2Fwp%2Fv2%2Fcategories&post=1385"},{"taxonomy":"post_tag","embeddable":true,"href":"https:\/\/www.sportchaco.com.ar\/index.php?rest_route=%2Fwp%2Fv2%2Ftags&post=1385"}],"curies":[{"name":"wp","href":"https:\/\/api.w.org\/{rel}","templated":true}]}}