{"id":13906,"date":"2024-10-16T11:39:26","date_gmt":"2024-10-16T14:39:26","guid":{"rendered":"https:\/\/www.sportchaco.com.ar\/?p=13906"},"modified":"2024-10-16T11:39:26","modified_gmt":"2024-10-16T14:39:26","slug":"esta-en-marcha-el-54-congreso-de-periodistas-deportivos-en-necochea","status":"publish","type":"post","link":"https:\/\/www.sportchaco.com.ar\/?p=13906","title":{"rendered":"Est\u00e1 en marcha el 54\u00b0 Congreso de Periodistas Deportivos en Necochea"},"content":{"rendered":"<p><strong>16-10-2024<\/strong><\/p>\n<p><img loading=\"lazy\" decoding=\"async\" class=\" wp-image-7249 aligncenter\" src=\"https:\/\/www.sportchaco.com.ar\/wp-content\/uploads\/2024\/03\/aviso-Impulsamos-turismo-1-300x31.jpg\" alt=\"\" width=\"465\" height=\"48\" srcset=\"https:\/\/www.sportchaco.com.ar\/wp-content\/uploads\/2024\/03\/aviso-Impulsamos-turismo-1-300x31.jpg 300w, https:\/\/www.sportchaco.com.ar\/wp-content\/uploads\/2024\/03\/aviso-Impulsamos-turismo-1-1024x106.jpg 1024w, https:\/\/www.sportchaco.com.ar\/wp-content\/uploads\/2024\/03\/aviso-Impulsamos-turismo-1-768x79.jpg 768w, https:\/\/www.sportchaco.com.ar\/wp-content\/uploads\/2024\/03\/aviso-Impulsamos-turismo-1.jpg 1366w\" sizes=\"auto, (max-width: 465px) 100vw, 465px\" \/><\/p>\n<p>En la atractiva ciudad de Necochea se puso en marcha el 54\u00b0 Congreso de la Federaci\u00f3n Argentina de Periodistas Deportivos, en el marco del aniversario n\u00famero 70 de la instituci\u00f3n, la \u00fanica entidad period\u00edstica del rubro en nuestro pa\u00eds reconocida por la Asociaci\u00f3n Internacional de Prensa Deportiva (AIPS).<\/p>\n<p>El C\u00edrculo de Periodistas Deportivos del Chaco se encuentra representado por el tesorero Carlos Bernasconi, quien adem\u00e1s, es vicepresidente de FAPED, entidad presidida por Santiago Veiga.<\/p>\n<p>Trabajadores de prensa de distintos medios del pa\u00eds nucleados en c\u00edrculos, marcan presencia en el c\u00f3nclave, organizado por el C\u00edrculo de Periodistas Deportivos de Necochea, quienes en el pasado mes de octubre del 2023 confirmaron su compromiso en el Congreso celebrado en Catamarca.<\/p>\n<p>La actividad se concentra en las imponentes instalaciones del Complejo Deportivo, Recreativo y Social del Club Atl\u00e9tico Del Valle. Ayer, una de las actividades m\u00e1s importantes se desarroll\u00f3 con comisiones de varios y el acto de apertura del evento en el que se realiz\u00f3 con la foto central.<\/p>\n<p>La jornada de hoy se caracterizar\u00e1 por la intensidad teniendo en cuenta las sesiones del congreso y conclusiones, luego habr\u00e1 recorrida por el Puerto Quequ\u00e9n, m\u00e1s un paseo a realizar por el R\u00edo Quequ\u00e9n y Mar Argentino en el Guardacostas de la Prefectura Naval Argentina.<\/p>\n<p>Por la tarde, se concretar\u00e1n las disertaciones y charlas de invitados especiales, como los presidentes de los C\u00edrculos de Periodistas Deportivos de Per\u00fa y Uruguay, Rodolfo Paverini (presidente de la Confederaci\u00f3n Argentina de Deportes), Daniel Arcucci (periodista deportivo especializado en atletismo), Gerardo Montenegro (senador nacional y presidente de Quimsa), y Jorge Busico, fundador y director de DeporTEA, entre otros.<\/p>\n<p><img loading=\"lazy\" decoding=\"async\" class=\"size-medium wp-image-9746 aligncenter\" src=\"https:\/\/www.sportchaco.com.ar\/wp-content\/uploads\/2024\/05\/Mosquitos-aviso-240x300.jpeg\" alt=\"\" width=\"240\" height=\"300\" srcset=\"https:\/\/www.sportchaco.com.ar\/wp-content\/uploads\/2024\/05\/Mosquitos-aviso-240x300.jpeg 240w, https:\/\/www.sportchaco.com.ar\/wp-content\/uploads\/2024\/05\/Mosquitos-aviso-819x1024.jpeg 819w, https:\/\/www.sportchaco.com.ar\/wp-content\/uploads\/2024\/05\/Mosquitos-aviso-768x960.jpeg 768w, https:\/\/www.sportchaco.com.ar\/wp-content\/uploads\/2024\/05\/Mosquitos-aviso.jpeg 1080w\" sizes=\"auto, (max-width: 240px) 100vw, 240px\" \/><\/p>\n","protected":false},"excerpt":{"rendered":"<p>16-10-2024 En la atractiva ciudad de Necochea se puso en marcha el 54\u00b0 Congreso de la Federaci\u00f3n Argentina de Periodistas Deportivos, en el marco del aniversario n\u00famero 70 de la instituci\u00f3n, la \u00fanica entidad period\u00edstica del rubro en nuestro pa\u00eds reconocida por la Asociaci\u00f3n Internacional de Prensa Deportiva (AIPS). El C\u00edrculo de Periodistas Deportivos del &hellip;<\/p>\n","protected":false},"author":3,"featured_media":13907,"comment_status":"open","ping_status":"open","sticky":false,"template":"","format":"standard","meta":{"footnotes":""},"categories":[44],"tags":[],"class_list":["post-13906","post","type-post","status-publish","format-standard","has-post-thumbnail","hentry","category-varios"],"_links":{"self":[{"href":"https:\/\/www.sportchaco.com.ar\/index.php?rest_route=\/wp\/v2\/posts\/13906","targetHints":{"allow":["GET"]}}],"collection":[{"href":"https:\/\/www.sportchaco.com.ar\/index.php?rest_route=\/wp\/v2\/posts"}],"about":[{"href":"https:\/\/www.sportchaco.com.ar\/index.php?rest_route=\/wp\/v2\/types\/post"}],"author":[{"embeddable":true,"href":"https:\/\/www.sportchaco.com.ar\/index.php?rest_route=\/wp\/v2\/users\/3"}],"replies":[{"embeddable":true,"href":"https:\/\/www.sportchaco.com.ar\/index.php?rest_route=%2Fwp%2Fv2%2Fcomments&post=13906"}],"version-history":[{"count":1,"href":"https:\/\/www.sportchaco.com.ar\/index.php?rest_route=\/wp\/v2\/posts\/13906\/revisions"}],"predecessor-version":[{"id":13908,"href":"https:\/\/www.sportchaco.com.ar\/index.php?rest_route=\/wp\/v2\/posts\/13906\/revisions\/13908"}],"wp:featuredmedia":[{"embeddable":true,"href":"https:\/\/www.sportchaco.com.ar\/index.php?rest_route=\/wp\/v2\/media\/13907"}],"wp:attachment":[{"href":"https:\/\/www.sportchaco.com.ar\/index.php?rest_route=%2Fwp%2Fv2%2Fmedia&parent=13906"}],"wp:term":[{"taxonomy":"category","embeddable":true,"href":"https:\/\/www.sportchaco.com.ar\/index.php?rest_route=%2Fwp%2Fv2%2Fcategories&post=13906"},{"taxonomy":"post_tag","embeddable":true,"href":"https:\/\/www.sportchaco.com.ar\/index.php?rest_route=%2Fwp%2Fv2%2Ftags&post=13906"}],"curies":[{"name":"wp","href":"https:\/\/api.w.org\/{rel}","templated":true}]}}