{"id":13909,"date":"2024-10-16T18:02:49","date_gmt":"2024-10-16T21:02:49","guid":{"rendered":"https:\/\/www.sportchaco.com.ar\/?p=13909"},"modified":"2024-10-16T18:03:07","modified_gmt":"2024-10-16T21:03:07","slug":"dellarossa-el-objetivo-era-salvar-la-categoria-y-lo-pudimos-conseguir","status":"publish","type":"post","link":"https:\/\/www.sportchaco.com.ar\/?p=13909","title":{"rendered":"Dellarossa: \u00abEl objetivo era salvar la categor\u00eda y lo pudimos conseguir\u00bb"},"content":{"rendered":"<p><strong>16-10-2024<\/strong><\/p>\n<p><img loading=\"lazy\" decoding=\"async\" class=\" wp-image-11681 aligncenter\" src=\"https:\/\/www.sportchaco.com.ar\/wp-content\/uploads\/2024\/07\/CHACO-JUEGA-BANNERS-1_320X50-1-300x47.gif\" alt=\"\" width=\"389\" height=\"61\" \/><\/p>\n<p>El delantero de Chaco For Ever, Jonathan Dellarossa habl\u00f3 en el programa \u00abCara y Ceca del Deporte\u00bb, que sale los mediod\u00edas en radio Provincia (101.5), y analiz\u00f3 su pas\u00f3 por la instituci\u00f3n \u00abalbinegra\u00bb.<\/p>\n<p>\u00abEl objetivo era salvar la categor\u00eda y lo pudimos conseguir\u00bb, remarc\u00f3 para luego agregar: \u00abEs duro pelear por el descenso, nos hab\u00edamos preparado para otra cosa a principio del a\u00f1o. El recambio de jugadores tambi\u00e9n se nota durante el campeonato\u00bb.<\/p>\n<p>El cordob\u00e9s de El T\u00edo est\u00e1 a disposici\u00f3n del cuerpo t\u00e9cnico de For Ever para el duelo de este s\u00e1bado en el \u00abJuan Alberto Garc\u00eda\u00bb ante Aldosivi de Mar del Plata. \u00abEspero estar el s\u00e1bado, siempre me preparo para jugar, pero si me toca estar en el banco est\u00e1 bien tambi\u00e9n, es una decisi\u00f3n de Pancaldo\u00bb, dijo.<\/p>\n<p>Dellarossa es el goleador del equipo en la temporada 2024 de la Primera Nacional con siete goles, con respecto a su faceta goleadora, remarc\u00f3: \u00abS\u00e9 que pude haber hecho m\u00e1s goles en lo que va de la temporada, pero mi balance es positivo. Estoy conforme con el campeonato que hice\u00bb.<\/p>\n<p>Luego continu\u00f3: \u00abEn lo personal me gusta jugar con otro delantero m\u00e1s, es una categor\u00eda dura la Primera Nacional y hay centrales muy dif\u00edciles, a Diego (Osella) y Ricardo (Pancaldo) les gusta jugar as\u00ed, pero cuando Ra\u00fal (Valdez) lleg\u00f3 me toc\u00f3 jugar solo o a veces esperar detr\u00e1s de Rossi. Uno se tiene que preparar para los gustos de los entrenadores\u00bb.<\/p>\n<p>Al ser consultado por el trato con la gente del \u00abnegro\u00bb, el jugador respondi\u00f3: \u00abLa gente de For Ever me empez\u00f3 a querer despu\u00e9s del gol a Rosario Central por Copa Argentina y desde all\u00ed siempre me mostr\u00f3 su apoyo. Estoy contento de estar en el club que me dio la oportunidad de jugar y empezar a mostrarme\u00bb.<\/p>\n<p>Jonathan Dellarossa no estuvo presente en el \u00faltimo partido del equipo chaque\u00f1o cuando empat\u00f3 en R\u00edo Cuarto ante Estudiantes sin goles por una suspensi\u00f3n de acumulaci\u00f3n de tarjetas amarillas, pero es casi un hecho que estar\u00e1 en el partido ante el \u00abtibur\u00f3n\u00bb por la 37\u00aa fecha de la zona B.<\/p>\n<p><img loading=\"lazy\" decoding=\"async\" class=\" wp-image-12653 aligncenter\" src=\"https:\/\/www.sportchaco.com.ar\/wp-content\/uploads\/2024\/08\/CHACO-JUEGA-BANNERS-1_200X200-1-1.gif\" alt=\"\" width=\"283\" height=\"283\" \/><\/p>\n","protected":false},"excerpt":{"rendered":"<p>16-10-2024 El delantero de Chaco For Ever, Jonathan Dellarossa habl\u00f3 en el programa \u00abCara y Ceca del Deporte\u00bb, que sale los mediod\u00edas en radio Provincia (101.5), y analiz\u00f3 su pas\u00f3 por la instituci\u00f3n \u00abalbinegra\u00bb. \u00abEl objetivo era salvar la categor\u00eda y lo pudimos conseguir\u00bb, remarc\u00f3 para luego agregar: \u00abEs duro pelear por el descenso, nos &hellip;<\/p>\n","protected":false},"author":3,"featured_media":13910,"comment_status":"open","ping_status":"open","sticky":false,"template":"","format":"standard","meta":{"footnotes":""},"categories":[5],"tags":[],"class_list":["post-13909","post","type-post","status-publish","format-standard","has-post-thumbnail","hentry","category-futbol"],"_links":{"self":[{"href":"https:\/\/www.sportchaco.com.ar\/index.php?rest_route=\/wp\/v2\/posts\/13909","targetHints":{"allow":["GET"]}}],"collection":[{"href":"https:\/\/www.sportchaco.com.ar\/index.php?rest_route=\/wp\/v2\/posts"}],"about":[{"href":"https:\/\/www.sportchaco.com.ar\/index.php?rest_route=\/wp\/v2\/types\/post"}],"author":[{"embeddable":true,"href":"https:\/\/www.sportchaco.com.ar\/index.php?rest_route=\/wp\/v2\/users\/3"}],"replies":[{"embeddable":true,"href":"https:\/\/www.sportchaco.com.ar\/index.php?rest_route=%2Fwp%2Fv2%2Fcomments&post=13909"}],"version-history":[{"count":2,"href":"https:\/\/www.sportchaco.com.ar\/index.php?rest_route=\/wp\/v2\/posts\/13909\/revisions"}],"predecessor-version":[{"id":13912,"href":"https:\/\/www.sportchaco.com.ar\/index.php?rest_route=\/wp\/v2\/posts\/13909\/revisions\/13912"}],"wp:featuredmedia":[{"embeddable":true,"href":"https:\/\/www.sportchaco.com.ar\/index.php?rest_route=\/wp\/v2\/media\/13910"}],"wp:attachment":[{"href":"https:\/\/www.sportchaco.com.ar\/index.php?rest_route=%2Fwp%2Fv2%2Fmedia&parent=13909"}],"wp:term":[{"taxonomy":"category","embeddable":true,"href":"https:\/\/www.sportchaco.com.ar\/index.php?rest_route=%2Fwp%2Fv2%2Fcategories&post=13909"},{"taxonomy":"post_tag","embeddable":true,"href":"https:\/\/www.sportchaco.com.ar\/index.php?rest_route=%2Fwp%2Fv2%2Ftags&post=13909"}],"curies":[{"name":"wp","href":"https:\/\/api.w.org\/{rel}","templated":true}]}}