{"id":13918,"date":"2024-10-16T19:47:10","date_gmt":"2024-10-16T22:47:10","guid":{"rendered":"https:\/\/www.sportchaco.com.ar\/?p=13918"},"modified":"2024-10-17T18:15:56","modified_gmt":"2024-10-17T21:15:56","slug":"diagrama-de-partidos-para-el-regional-amateur","status":"publish","type":"post","link":"https:\/\/www.sportchaco.com.ar\/?p=13918","title":{"rendered":"Diagrama de partidos para el Regional Amateur"},"content":{"rendered":"<p><strong>16-10-2024<\/strong><\/p>\n<p><strong><img loading=\"lazy\" decoding=\"async\" class=\" wp-image-11424 aligncenter\" src=\"https:\/\/www.sportchaco.com.ar\/wp-content\/uploads\/2024\/07\/gob-salud-fijo-marzo-300x50.jpg\" alt=\"\" width=\"396\" height=\"66\" srcset=\"https:\/\/www.sportchaco.com.ar\/wp-content\/uploads\/2024\/07\/gob-salud-fijo-marzo-300x50.jpg 300w, https:\/\/www.sportchaco.com.ar\/wp-content\/uploads\/2024\/07\/gob-salud-fijo-marzo-1024x171.jpg 1024w, https:\/\/www.sportchaco.com.ar\/wp-content\/uploads\/2024\/07\/gob-salud-fijo-marzo-768x128.jpg 768w, https:\/\/www.sportchaco.com.ar\/wp-content\/uploads\/2024\/07\/gob-salud-fijo-marzo.jpg 1200w\" sizes=\"auto, (max-width: 396px) 100vw, 396px\" \/><\/strong><\/p>\n<p>El Regional Amateur tiene programaci\u00f3n confirmada para la 2\u00aa fecha de la Regi\u00f3n Litoral Norte donde se encuentran los representantes chaque\u00f1os.<\/p>\n<p>Con respectos a los equipos de la Liga Chaque\u00f1a de F\u00fatbol, el d\u00eda viernes estar\u00e1n jugando Villa Alvear y Fontana sus respectivos partidos por la zona 1. El \u00abfunebrero\u00bb recibir\u00e1 en el \u00abCoco\u00bb Lucas a Pabell\u00f3n Argentino que viene de perder en su debut; mientras que Fontana ir\u00e1 a La Leonesa para jugar ante Municipal que es el l\u00edder del grupo.<\/p>\n<p>Ya en la zona 2, Resistencia Central debutar\u00e1 de local en el \u00abBaltazar Colombo\u00bb luego de su goleada a favor en Machagai recibiendo a R\u00edo Teuco de Pampa del Indio el d\u00eda domingo por la tarde.<\/p>\n<p><strong>ZONA 1<br \/>\n2\u00aa FECHA<br \/>\n<\/strong><strong><em>Viernes 18-10<\/em><\/strong><br \/>\nA las 16, Villa Alvear &#8211; Pabell\u00f3n Argentino (Las Palmas)<br \/>\n<strong>\u00c1rbitro:<\/strong> Dar\u00edo P\u00e9rez. <strong>Asistentes:<\/strong> Dar\u00edo Aguirre y Luciano Silva (terna de Quitilipi)<\/p>\n<p>A las 19, Dep. Municipal (La Leonesa) &#8211; Fontana<br \/>\n<strong>\u00c1rbitro:<\/strong> Enrique M\u00e9ndez. <strong>Asistentes:\u00a0<\/strong>Nicol\u00e1s Cabral y V\u00edctor Ibarra (terna de San Mart\u00edn)<\/p>\n<p><strong>POSICIONES<\/strong><br \/>\nDep. Municipal 3<br \/>\nFontana 1<br \/>\nVilla Alvear 1<br \/>\nPabell\u00f3n Argentino 0<\/p>\n<p>&nbsp;<\/p>\n<p><strong>ZONA 2<br \/>\n2\u00aa FECHA<br \/>\n<\/strong><strong><em>S\u00e1bado 19-10<br \/>\n<\/em><\/strong>A las 16, Belgrano (San Mart\u00edn) &#8211; El Fort\u00edn (Machagai)<br \/>\n<strong>\u00c1rbitro:<\/strong> Leandro D\u00edaz Doro\u00f1uk. <strong>Asistentes:<\/strong> Juan M. Gamarra Gonz\u00e1lez e Ignacio Coria (terna de Las Bre\u00f1as)<\/p>\n<p><strong><em>Domingo 20-10<\/em><\/strong><br \/>\nA las 16:30, Resistencia Central &#8211; R\u00edo Teuco (Pampa del Indio)<br \/>\n<strong>\u00c1rbitro:<\/strong> Marcelo Ojeda. <strong>Asistentes:<\/strong> Rub\u00e9n Saavedra y Agust\u00edn Alegre (terna de Machagai)<\/p>\n<p><strong>POSICIONES<\/strong><br \/>\nRcia. Central 3<br \/>\nR\u00edo Teuco 1<br \/>\nBelgrano 1<br \/>\nEl Fort\u00edn 0<\/p>\n<p>&nbsp;<\/p>\n<p><strong>ZONA 3<br \/>\n2\u00aa FECHA<br \/>\n<\/strong><strong><em>Domingo 20-10<br \/>\n<\/em><\/strong>A las 17, Textil (Villa \u00c1ngela) &#8211; Potrero (Quitilipi)<br \/>\n<strong>\u00c1rbitro:<\/strong> Gabriel Hern\u00e1ndez. <strong>Asistentes:<\/strong> Fernanda Cussigh y Bautista Gonz\u00e1lez (terna de Resistencia)<\/p>\n<p><strong><em>Libre:<\/em><\/strong> Gral. Belgrano (Quitilipi)<\/p>\n<p><strong>POSICIONES<br \/>\n<\/strong>Potrero 1<br \/>\nGral. Belgrano 1<br \/>\nTextil \u2013<\/p>\n<p>&nbsp;<\/p>\n<p><strong>ZONA 4<br \/>\n2\u00aa FECHA<br \/>\n<\/strong><strong><em>S\u00e1bado 19-10<br \/>\n<\/em><\/strong>A las 16:30 Sp. Cultural (Castelli) &#8211; Dep. Comercio (Santa Sylvina)<br \/>\n<strong>\u00c1rbitro:<\/strong> Sabrina Cristaldo. <strong>Asistentes:<\/strong> Juan P. Infran y Dar\u00edo G\u00f3mez (terna de Resistencia)<\/p>\n<p><strong><em>Domingo 20-10<\/em><\/strong><br \/>\nA las 18, Avenida FC (Villa \u00c1ngela) \u2013 Sp. Pampa (Pampa del Infierno)<br \/>\n<strong>\u00c1rbitro:<\/strong> Sebasti\u00e1n Ver\u00f3n. <strong>Asistentes:<\/strong> Mauricio Rea y Gonzalo Lencina (terna de Resistencia)<\/p>\n<p><strong>POSICIONES<br \/>\n<\/strong>Avenida FC 3<br \/>\nSp. Pampa 1<br \/>\nSp. Cultural 1<br \/>\nComercio 0<\/p>\n<p><em><strong>Foto: Gentileza Francisco Gural<\/strong><\/em><\/p>\n<p><img loading=\"lazy\" decoding=\"async\" class=\" wp-image-10833 aligncenter\" src=\"https:\/\/www.sportchaco.com.ar\/wp-content\/uploads\/2024\/06\/gobierno-del-Chaco-300x297.jpg\" sizes=\"auto, (max-width: 316px) 100vw, 316px\" srcset=\"https:\/\/www.sportchaco.com.ar\/wp-content\/uploads\/2024\/06\/gobierno-del-Chaco-300x297.jpg 300w, https:\/\/www.sportchaco.com.ar\/wp-content\/uploads\/2024\/06\/gobierno-del-Chaco-150x150.jpg 150w, https:\/\/www.sportchaco.com.ar\/wp-content\/uploads\/2024\/06\/gobierno-del-Chaco.jpg 442w\" alt=\"\" width=\"316\" height=\"313\" \/><\/p>\n","protected":false},"excerpt":{"rendered":"<p>16-10-2024 El Regional Amateur tiene programaci\u00f3n confirmada para la 2\u00aa fecha de la Regi\u00f3n Litoral Norte donde se encuentran los representantes chaque\u00f1os. Con respectos a los equipos de la Liga Chaque\u00f1a de F\u00fatbol, el d\u00eda viernes estar\u00e1n jugando Villa Alvear y Fontana sus respectivos partidos por la zona 1. El \u00abfunebrero\u00bb recibir\u00e1 en el \u00abCoco\u00bb &hellip;<\/p>\n","protected":false},"author":3,"featured_media":13919,"comment_status":"open","ping_status":"open","sticky":false,"template":"","format":"standard","meta":{"footnotes":""},"categories":[5],"tags":[],"class_list":["post-13918","post","type-post","status-publish","format-standard","has-post-thumbnail","hentry","category-futbol"],"_links":{"self":[{"href":"https:\/\/www.sportchaco.com.ar\/index.php?rest_route=\/wp\/v2\/posts\/13918","targetHints":{"allow":["GET"]}}],"collection":[{"href":"https:\/\/www.sportchaco.com.ar\/index.php?rest_route=\/wp\/v2\/posts"}],"about":[{"href":"https:\/\/www.sportchaco.com.ar\/index.php?rest_route=\/wp\/v2\/types\/post"}],"author":[{"embeddable":true,"href":"https:\/\/www.sportchaco.com.ar\/index.php?rest_route=\/wp\/v2\/users\/3"}],"replies":[{"embeddable":true,"href":"https:\/\/www.sportchaco.com.ar\/index.php?rest_route=%2Fwp%2Fv2%2Fcomments&post=13918"}],"version-history":[{"count":3,"href":"https:\/\/www.sportchaco.com.ar\/index.php?rest_route=\/wp\/v2\/posts\/13918\/revisions"}],"predecessor-version":[{"id":13938,"href":"https:\/\/www.sportchaco.com.ar\/index.php?rest_route=\/wp\/v2\/posts\/13918\/revisions\/13938"}],"wp:featuredmedia":[{"embeddable":true,"href":"https:\/\/www.sportchaco.com.ar\/index.php?rest_route=\/wp\/v2\/media\/13919"}],"wp:attachment":[{"href":"https:\/\/www.sportchaco.com.ar\/index.php?rest_route=%2Fwp%2Fv2%2Fmedia&parent=13918"}],"wp:term":[{"taxonomy":"category","embeddable":true,"href":"https:\/\/www.sportchaco.com.ar\/index.php?rest_route=%2Fwp%2Fv2%2Fcategories&post=13918"},{"taxonomy":"post_tag","embeddable":true,"href":"https:\/\/www.sportchaco.com.ar\/index.php?rest_route=%2Fwp%2Fv2%2Ftags&post=13918"}],"curies":[{"name":"wp","href":"https:\/\/api.w.org\/{rel}","templated":true}]}}