{"id":13928,"date":"2024-10-17T15:12:23","date_gmt":"2024-10-17T18:12:23","guid":{"rendered":"https:\/\/www.sportchaco.com.ar\/?p=13928"},"modified":"2024-10-17T15:12:23","modified_gmt":"2024-10-17T18:12:23","slug":"viernes-a-puro-pre-federal-de-basquet","status":"publish","type":"post","link":"https:\/\/www.sportchaco.com.ar\/?p=13928","title":{"rendered":"Viernes a puro Pre-Federal de B\u00e1squet"},"content":{"rendered":"<p><strong>17-10-2024<\/strong><\/p>\n<p><img loading=\"lazy\" decoding=\"async\" class=\" wp-image-9468 aligncenter\" src=\"https:\/\/www.sportchaco.com.ar\/wp-content\/uploads\/2024\/05\/Nachec-728x90-2-300x37.gif\" alt=\"\" width=\"397\" height=\"49\" \/><\/p>\n<p>El campeonato Pre-Federal organizado por la Federaci\u00f3n Chaque\u00f1a de B\u00e1squet tendr\u00e1 actividad este viernes en ambas zonas, A y B.<\/p>\n<p>A dos jornadas del final de la fase regular los equipos buscar\u00e1n posicionarse en zonas de clasificaci\u00f3n.<\/p>\n<p><strong>ZONA<\/strong><strong>\u00a0A<br \/>\n<\/strong><strong>TODA LA 13\u00aa FECHA<\/strong><br \/>\n<strong>Viernes 18-10<\/strong><br \/>\nA las 20, H\u00e9rcules &#8211; Villa San Mart\u00edn<br \/>\nA las 22, Alvear &#8211; Don Orione<br \/>\nA las 22, Italiana &#8211; Don Bosco<br \/>\n<strong>Libre:<\/strong> Acci\u00f3n<\/p>\n<p><strong>POSICIONES<\/strong><br \/>\nH\u00e9rcules 19<br \/>\nVilla San Mart\u00edn 18<br \/>\nAlvear 16<br \/>\nAcci\u00f3n 16<br \/>\nDon Bosco 15<br \/>\nItaliana 12<br \/>\nDon Orione 12<\/p>\n<p>&nbsp;<\/p>\n<p><strong>ZONA<\/strong><strong>\u00a0B<br \/>\n<\/strong><strong>TODA LA 13\u00aa FECHA<\/strong><br \/>\n<strong>Viernes 18-10<\/strong><br \/>\nA las 21:30, Regatas Rcia. &#8211; Espa\u00f1ola<br \/>\nA las 22, Pinedo Central &#8211; CUNE<br \/>\nA las 22, Cultural &#8211; Hind\u00fa Club<br \/>\n<strong>Libre:<\/strong> JUVA<\/p>\n<p><strong>POSICIONES<\/strong><br \/>\nHind\u00fa Club 20<br \/>\nEspa\u00f1ola 17<br \/>\nRegatas Rcia. 17<br \/>\nCultural 16<br \/>\nPinedo Central 15<br \/>\nCUNE 12<br \/>\nJUVA 11<\/p>\n<p><img loading=\"lazy\" decoding=\"async\" class=\" wp-image-8481 aligncenter\" src=\"https:\/\/www.sportchaco.com.ar\/wp-content\/uploads\/2024\/04\/Nachec1-200x200-2.gif\" alt=\"\" width=\"251\" height=\"251\" \/><\/p>\n","protected":false},"excerpt":{"rendered":"<p>17-10-2024 El campeonato Pre-Federal organizado por la Federaci\u00f3n Chaque\u00f1a de B\u00e1squet tendr\u00e1 actividad este viernes en ambas zonas, A y B. A dos jornadas del final de la fase regular los equipos buscar\u00e1n posicionarse en zonas de clasificaci\u00f3n. ZONA\u00a0A TODA LA 13\u00aa FECHA Viernes 18-10 A las 20, H\u00e9rcules &#8211; Villa San Mart\u00edn A las &hellip;<\/p>\n","protected":false},"author":3,"featured_media":13929,"comment_status":"open","ping_status":"open","sticky":false,"template":"","format":"standard","meta":{"footnotes":""},"categories":[3],"tags":[],"class_list":["post-13928","post","type-post","status-publish","format-standard","has-post-thumbnail","hentry","category-basquetbol"],"_links":{"self":[{"href":"https:\/\/www.sportchaco.com.ar\/index.php?rest_route=\/wp\/v2\/posts\/13928","targetHints":{"allow":["GET"]}}],"collection":[{"href":"https:\/\/www.sportchaco.com.ar\/index.php?rest_route=\/wp\/v2\/posts"}],"about":[{"href":"https:\/\/www.sportchaco.com.ar\/index.php?rest_route=\/wp\/v2\/types\/post"}],"author":[{"embeddable":true,"href":"https:\/\/www.sportchaco.com.ar\/index.php?rest_route=\/wp\/v2\/users\/3"}],"replies":[{"embeddable":true,"href":"https:\/\/www.sportchaco.com.ar\/index.php?rest_route=%2Fwp%2Fv2%2Fcomments&post=13928"}],"version-history":[{"count":1,"href":"https:\/\/www.sportchaco.com.ar\/index.php?rest_route=\/wp\/v2\/posts\/13928\/revisions"}],"predecessor-version":[{"id":13930,"href":"https:\/\/www.sportchaco.com.ar\/index.php?rest_route=\/wp\/v2\/posts\/13928\/revisions\/13930"}],"wp:featuredmedia":[{"embeddable":true,"href":"https:\/\/www.sportchaco.com.ar\/index.php?rest_route=\/wp\/v2\/media\/13929"}],"wp:attachment":[{"href":"https:\/\/www.sportchaco.com.ar\/index.php?rest_route=%2Fwp%2Fv2%2Fmedia&parent=13928"}],"wp:term":[{"taxonomy":"category","embeddable":true,"href":"https:\/\/www.sportchaco.com.ar\/index.php?rest_route=%2Fwp%2Fv2%2Fcategories&post=13928"},{"taxonomy":"post_tag","embeddable":true,"href":"https:\/\/www.sportchaco.com.ar\/index.php?rest_route=%2Fwp%2Fv2%2Ftags&post=13928"}],"curies":[{"name":"wp","href":"https:\/\/api.w.org\/{rel}","templated":true}]}}