{"id":13989,"date":"2024-10-19T22:18:38","date_gmt":"2024-10-20T01:18:38","guid":{"rendered":"https:\/\/www.sportchaco.com.ar\/?p=13989"},"modified":"2024-10-19T22:19:01","modified_gmt":"2024-10-20T01:19:01","slug":"13989","status":"publish","type":"post","link":"https:\/\/www.sportchaco.com.ar\/?p=13989","title":{"rendered":"Efem\u00e9rides del 20 de octubre"},"content":{"rendered":"<p><strong>Esta es la Efem\u00e9rides del Deporte en el Chaco de un 20 de octubre del periodista Luis Dar\u00edo Molodezky.<\/strong><\/p>\n<p><strong>\u00a0<\/strong><\/p>\n<p><img loading=\"lazy\" decoding=\"async\" class=\"alignnone size-medium wp-image-13854\" src=\"https:\/\/www.sportchaco.com.ar\/wp-content\/uploads\/2024\/10\/Luis-2021-300x199.jpg\" alt=\"\" width=\"300\" height=\"199\" srcset=\"https:\/\/www.sportchaco.com.ar\/wp-content\/uploads\/2024\/10\/Luis-2021-300x199.jpg 300w, https:\/\/www.sportchaco.com.ar\/wp-content\/uploads\/2024\/10\/Luis-2021-768x508.jpg 768w, https:\/\/www.sportchaco.com.ar\/wp-content\/uploads\/2024\/10\/Luis-2021.jpg 772w\" sizes=\"auto, (max-width: 300px) 100vw, 300px\" \/><\/p>\n<p><strong>1951 \/ <\/strong>Villa se consagra campe\u00f3n argentino de clubes en San Juan. Integraron ese plantel Alcides Prado Lima, Walter Dosso, Gustavo Lutringer, Miguel Lucuix (DT), Alfonso Prado Lima, Miguel Gonz\u00e1lez y Pocholo Aguilar, Armando Arizaga, Benjam\u00edn Margosa, V\u00edctor Romero, Omar Prado Lima y Juan Carlos Margosa.<\/p>\n<p><strong>1954 <\/strong>\/ Se larga desde Resistencia la Tercera Etapa del Gran Premio Automovil\u00edstico Argentino entre la capital del Chaco y Santiago del Estero.<\/p>\n<p><strong>1958 <\/strong>\/ Nace en Saladas, Corrientes, Jos\u00e9 Luis Cubilla, desarrollado box\u00edsticamente en el Chaco. Gan\u00f3 9 pelea (5 KO), perdi\u00f3 14 (6 KO) y empat\u00f3 6. Falleci\u00f3 muy joven tras un accidente.<\/p>\n<p><strong>1984 <\/strong>\/ Carolina Guti\u00e9rrez bate el r\u00e9cord provincial menores juveniles y mayores de 200 metros llanos con 27\u201d05\/ 10, en la pista del CEF N\u00ba 1.<\/p>\n<p><strong>2006 <\/strong>\/ Carlos Varese se consagra campe\u00f3n panamericano en persecuci\u00f3n de pista categor\u00eda. M\u00e1ster A 1, evento disputado en Mar del Plata. El pedalista integr\u00f3 la selecci\u00f3n argentina de ciclismo y logr\u00f3 adem\u00e1s un subcampeonato en 4000 metros con su equipo y dos cuartos lugares en scratch y vuelta puntuable.<\/p>\n<p><strong>2006 \/<\/strong> Santiago Moreno Kaenel se corona campe\u00f3n Argentino Sub 12 de Ajedrez, en Colon, Entre R\u00edos<\/p>\n<p><strong>2021<\/strong>\/ Fallece en Barranqueras Carlos Gim\u00e9nez (foto portada), un \u00eddolo de Don Orione Athletic Club y de la ciudad, y respetado por todas las hinchadas. Campe\u00f3n con Sarmiento y For Ever. Siendo muy joven integr\u00f3 el famoso equipo dirigido por Jos\u00e9 Lestani que gan\u00f3 el Regional e ingres\u00f3 al Nacional 1971. Negrulla era un buen jugador y amigo de sus compa\u00f1eros.<\/p>\n<p>&nbsp;<\/p>\n<p>&nbsp;<\/p>\n<p>&nbsp;<\/p>\n<p><strong>Foto portada: Carlos Gim\u00e9nez<\/strong><\/p>\n<p>&nbsp;<\/p>\n<p style=\"text-align: center;\"><img loading=\"lazy\" decoding=\"async\" class=\"alignnone size-full wp-image-13753\" src=\"https:\/\/www.sportchaco.com.ar\/wp-content\/uploads\/2024\/10\/CHACO-JUEGA-BANNERS-1_250X250-1.gif\" alt=\"\" width=\"250\" height=\"250\" \/><\/p>\n","protected":false},"excerpt":{"rendered":"<p>Esta es la Efem\u00e9rides del Deporte en el Chaco de un 20 de octubre del periodista Luis Dar\u00edo Molodezky. \u00a0 1951 \/ Villa se consagra campe\u00f3n argentino de clubes en San Juan. Integraron ese plantel Alcides Prado Lima, Walter Dosso, Gustavo Lutringer, Miguel Lucuix (DT), Alfonso Prado Lima, Miguel Gonz\u00e1lez y Pocholo Aguilar, Armando Arizaga, &hellip;<\/p>\n","protected":false},"author":2,"featured_media":13990,"comment_status":"open","ping_status":"open","sticky":false,"template":"","format":"standard","meta":{"footnotes":""},"categories":[45,40],"tags":[],"class_list":["post-13989","post","type-post","status-publish","format-standard","has-post-thumbnail","hentry","category-efemerides-dia-por-dia","category-octubre"],"_links":{"self":[{"href":"https:\/\/www.sportchaco.com.ar\/index.php?rest_route=\/wp\/v2\/posts\/13989","targetHints":{"allow":["GET"]}}],"collection":[{"href":"https:\/\/www.sportchaco.com.ar\/index.php?rest_route=\/wp\/v2\/posts"}],"about":[{"href":"https:\/\/www.sportchaco.com.ar\/index.php?rest_route=\/wp\/v2\/types\/post"}],"author":[{"embeddable":true,"href":"https:\/\/www.sportchaco.com.ar\/index.php?rest_route=\/wp\/v2\/users\/2"}],"replies":[{"embeddable":true,"href":"https:\/\/www.sportchaco.com.ar\/index.php?rest_route=%2Fwp%2Fv2%2Fcomments&post=13989"}],"version-history":[{"count":2,"href":"https:\/\/www.sportchaco.com.ar\/index.php?rest_route=\/wp\/v2\/posts\/13989\/revisions"}],"predecessor-version":[{"id":13992,"href":"https:\/\/www.sportchaco.com.ar\/index.php?rest_route=\/wp\/v2\/posts\/13989\/revisions\/13992"}],"wp:featuredmedia":[{"embeddable":true,"href":"https:\/\/www.sportchaco.com.ar\/index.php?rest_route=\/wp\/v2\/media\/13990"}],"wp:attachment":[{"href":"https:\/\/www.sportchaco.com.ar\/index.php?rest_route=%2Fwp%2Fv2%2Fmedia&parent=13989"}],"wp:term":[{"taxonomy":"category","embeddable":true,"href":"https:\/\/www.sportchaco.com.ar\/index.php?rest_route=%2Fwp%2Fv2%2Fcategories&post=13989"},{"taxonomy":"post_tag","embeddable":true,"href":"https:\/\/www.sportchaco.com.ar\/index.php?rest_route=%2Fwp%2Fv2%2Ftags&post=13989"}],"curies":[{"name":"wp","href":"https:\/\/api.w.org\/{rel}","templated":true}]}}