{"id":14033,"date":"2024-10-22T09:12:27","date_gmt":"2024-10-22T12:12:27","guid":{"rendered":"https:\/\/www.sportchaco.com.ar\/?p=14033"},"modified":"2024-10-22T18:55:38","modified_gmt":"2024-10-22T21:55:38","slug":"se-completa-la-cuatro-continua-la-cinco-y-arranca-la-seis","status":"publish","type":"post","link":"https:\/\/www.sportchaco.com.ar\/?p=14033","title":{"rendered":"Se completa la cuatro, contin\u00faa la cinco y arranca la seis"},"content":{"rendered":"<p><strong>22-10-2024<\/strong><\/p>\n<p><img loading=\"lazy\" decoding=\"async\" class=\" wp-image-9640 aligncenter\" src=\"https:\/\/www.sportchaco.com.ar\/wp-content\/uploads\/2024\/05\/gob-obras-marzo-apaisado-300x29.gif\" alt=\"\" width=\"424\" height=\"41\" srcset=\"https:\/\/www.sportchaco.com.ar\/wp-content\/uploads\/2024\/05\/gob-obras-marzo-apaisado-300x29.gif 300w, https:\/\/www.sportchaco.com.ar\/wp-content\/uploads\/2024\/05\/gob-obras-marzo-apaisado-768x74.gif 768w\" sizes=\"auto, (max-width: 424px) 100vw, 424px\" \/><\/p>\n<p>Un mi\u00e9rcoles at\u00edpico tendr\u00e1 la Liga Chaque\u00f1a de F\u00fatbol que disputar\u00e1 dos fechas en una misma tarde. La 4\u00aa se va a completar con el pendiente entre Defensores de Vilelas y Resistencia Central y la 5\u00aa continuar\u00e1 con el partido de Zona Sur y Fontana. Ya en la jornada del jueves, la 6\u00aa comenzar\u00e1 con el duelo entre Policiales y Villa Alvear.<\/p>\n<p>De esta manera, quedar\u00e1 pendiente un partido para completar la quinta fecha y luego durante el viernes y s\u00e1bado habr\u00e1 continuidad para la sexta jornada.<\/p>\n<p><strong>PROGRAMACI\u00d3N<\/strong><br \/>\n<strong>Mi\u00e9rcoles 23-10<\/strong><br \/>\nA las 16:30, Defensores \u2013 Rcia. Central <em>(4\u00aa fecha)<\/em><br \/>\nA las 16:30, Dep. Zona Sur \u2013 Fontana, en Regional <em>(5\u00aa fecha)<\/em><\/p>\n<p><strong><b>TODA LA 6\u00aa FECHA<br \/>\nJueves 24-10<br \/>\n<\/b><\/strong>A las 17, Policiales &#8211; Villa Alvear, en V\u00e9lez<\/p>\n<p><strong><b>Viernes 25-10<\/b><br \/>\n<\/strong>A las 17, For Ever &#8211; Regional<\/p>\n<p><strong>S\u00e1bado 26-10<\/strong><br \/>\nA las 16:30, Estudiantes &#8211; El Nacional<br \/>\nA las 17, Central Ben\u00edtez &#8211; Defensores<br \/>\nA las 17, Juventud &#8211; CUNE<br \/>\nA las 17, San Mart\u00edn (MB) &#8211; Dep. Zona Sur<br \/>\nA las 17, Bancarios &#8211; San Fernando<br \/>\nA las 17, Sarmiento &#8211; Municipal (MB)<br \/>\nA las 19, Dep. Itat\u00ed &#8211; Don Orione, en San Fernando<\/p>\n<p><strong>Libres<\/strong><br \/>\nRcia. Central<em> (zona A)<\/em><br \/>\nFontana<em> (zona B)<br \/>\n<\/em>Central Norte<em> (zona C)<\/em><strong><br \/>\n<\/strong><\/p>\n<p><strong>Pendiente 5\u00aa fecha<\/strong><br \/>\nRcia. Central &#8211; Villa Alvear<\/p>\n<p><b>POSICIONES<\/b><br \/>\n<b>ZONA A<\/b><br \/>\nEstudiantes 9<br \/>\nCentral Ben\u00edtez 8<br \/>\nResistencia Central 7*<br \/>\nDefensores 4*<br \/>\nVilla Alvear 4<br \/>\nPoliciales 4<br \/>\nEl Nacional 0<br \/>\n<em>*deben su partido de la 4\u00aa fecha<\/em><\/p>\n<p><b>ZONA B<\/b><br \/>\nRegional 9<br \/>\nFontana 8<br \/>\nSan Mart\u00edn (MB) 7<br \/>\nFor Ever 6<br \/>\nJuventud 5<br \/>\nCUNE 1<br \/>\nDep. Zona Sur 1<\/p>\n<p><b>ZONA C<\/b><br \/>\nDon Orione 10<br \/>\nCentral Norte 8<br \/>\nBancarios 5<br \/>\nMunicipal (MB) 5<br \/>\nDep. Itat\u00ed 5<br \/>\nSan Fernando 4<br \/>\nSarmiento 2<\/p>\n<p>&nbsp;<\/p>\n<p><img loading=\"lazy\" decoding=\"async\" class=\" wp-image-13538 aligncenter\" src=\"https:\/\/www.sportchaco.com.ar\/wp-content\/uploads\/2024\/09\/gobierno-paisaje-300x116.png\" sizes=\"auto, (max-width: 589px) 100vw, 589px\" srcset=\"https:\/\/www.sportchaco.com.ar\/wp-content\/uploads\/2024\/09\/gobierno-paisaje-300x116.png 300w, https:\/\/www.sportchaco.com.ar\/wp-content\/uploads\/2024\/09\/gobierno-paisaje-768x297.png 768w, https:\/\/www.sportchaco.com.ar\/wp-content\/uploads\/2024\/09\/gobierno-paisaje.png 800w\" alt=\"\" width=\"589\" height=\"228\" \/><\/p>\n","protected":false},"excerpt":{"rendered":"<p>22-10-2024 Un mi\u00e9rcoles at\u00edpico tendr\u00e1 la Liga Chaque\u00f1a de F\u00fatbol que disputar\u00e1 dos fechas en una misma tarde. La 4\u00aa se va a completar con el pendiente entre Defensores de Vilelas y Resistencia Central y la 5\u00aa continuar\u00e1 con el partido de Zona Sur y Fontana. Ya en la jornada del jueves, la 6\u00aa comenzar\u00e1 &hellip;<\/p>\n","protected":false},"author":3,"featured_media":14034,"comment_status":"open","ping_status":"open","sticky":false,"template":"","format":"standard","meta":{"footnotes":""},"categories":[5],"tags":[],"class_list":["post-14033","post","type-post","status-publish","format-standard","has-post-thumbnail","hentry","category-futbol"],"_links":{"self":[{"href":"https:\/\/www.sportchaco.com.ar\/index.php?rest_route=\/wp\/v2\/posts\/14033","targetHints":{"allow":["GET"]}}],"collection":[{"href":"https:\/\/www.sportchaco.com.ar\/index.php?rest_route=\/wp\/v2\/posts"}],"about":[{"href":"https:\/\/www.sportchaco.com.ar\/index.php?rest_route=\/wp\/v2\/types\/post"}],"author":[{"embeddable":true,"href":"https:\/\/www.sportchaco.com.ar\/index.php?rest_route=\/wp\/v2\/users\/3"}],"replies":[{"embeddable":true,"href":"https:\/\/www.sportchaco.com.ar\/index.php?rest_route=%2Fwp%2Fv2%2Fcomments&post=14033"}],"version-history":[{"count":4,"href":"https:\/\/www.sportchaco.com.ar\/index.php?rest_route=\/wp\/v2\/posts\/14033\/revisions"}],"predecessor-version":[{"id":14051,"href":"https:\/\/www.sportchaco.com.ar\/index.php?rest_route=\/wp\/v2\/posts\/14033\/revisions\/14051"}],"wp:featuredmedia":[{"embeddable":true,"href":"https:\/\/www.sportchaco.com.ar\/index.php?rest_route=\/wp\/v2\/media\/14034"}],"wp:attachment":[{"href":"https:\/\/www.sportchaco.com.ar\/index.php?rest_route=%2Fwp%2Fv2%2Fmedia&parent=14033"}],"wp:term":[{"taxonomy":"category","embeddable":true,"href":"https:\/\/www.sportchaco.com.ar\/index.php?rest_route=%2Fwp%2Fv2%2Fcategories&post=14033"},{"taxonomy":"post_tag","embeddable":true,"href":"https:\/\/www.sportchaco.com.ar\/index.php?rest_route=%2Fwp%2Fv2%2Ftags&post=14033"}],"curies":[{"name":"wp","href":"https:\/\/api.w.org\/{rel}","templated":true}]}}