{"id":14046,"date":"2024-10-22T15:15:13","date_gmt":"2024-10-22T18:15:13","guid":{"rendered":"https:\/\/www.sportchaco.com.ar\/?p=14046"},"modified":"2024-10-22T15:17:00","modified_gmt":"2024-10-22T18:17:00","slug":"valenzuela-queremos-ser-competitivos-y-llevar-a-alvear-a-las-instancias-finales","status":"publish","type":"post","link":"https:\/\/www.sportchaco.com.ar\/?p=14046","title":{"rendered":"Valenzuela: \u201cQueremos ser competitivos y llevar a Alvear a las instancias finales\u201d"},"content":{"rendered":"<p><strong>22-10-2024<\/strong><\/p>\n<p><img loading=\"lazy\" decoding=\"async\" class=\" wp-image-11681 aligncenter\" src=\"https:\/\/www.sportchaco.com.ar\/wp-content\/uploads\/2024\/07\/CHACO-JUEGA-BANNERS-1_320X50-1-300x47.gif\" alt=\"\" width=\"389\" height=\"61\" \/><\/p>\n<p>Mario Valenzuela, DT de Villa Alvear, dialog\u00f3 en el programa deportivo \u00abCara y Ceca del Deporte\u00bb <em>(radio Provincia 101.5)<\/em> sobre el arranque de su equipo en el Regional Amateur.<\/p>\n<p><em>\u00abEn estos d\u00edas pudimos terminar una semana buena, la cual no hab\u00eda arrancado bien por el hecho de que empezamos 0-2 con Fontana en el debut del Regional Amateur y nos hab\u00edamos propuesto no arrancar perdiendo en el torneo, no dejar puntos en el camino. Est\u00e1bamos para el golpe y terminamos sacando un empate con un jugador menos, lo cual nos vino muy bien desde lo an\u00edmico\u00bb<\/em> remarc\u00f3.<\/p>\n<p>Luego continu\u00f3: <em>\u00abLo que hablamos con los dirigentes fue de llevar a Alvear a las instancias finales y ser competitivos. Los refuerzos nos llegaron tarde, pero fueron solamente por cuestiones econ\u00f3micas. Esto reci\u00e9n empieza y tenemos un equipo para lograr llegar a los partidos decisivos\u00bb<\/em>.<\/p>\n<p>El entrenador del \u00abfunebrero\u00bb remarc\u00f3 la importancia de lo an\u00edmico tambi\u00e9n para el \u00e1mbito local, ya que en el medio de las fechas del Regional Amateur, su equipo sac\u00f3 un triunfo ante El Nacional con tres expulsiones y a\u00fan mantiene chances de clasificaci\u00f3n para las semifinales.<\/p>\n<p>Al ser consultado por la fecha que se le viene a Villa Alvear donde enfrentar\u00e1 al otro l\u00edder de la zona 1, Valenzuela respondi\u00f3: <em>\u00abMunicipal de La Leonesa es duro, seguramente jugar\u00e1 la base del equipo que le gan\u00f3 a Pabell\u00f3n se va a mantener, pero uno o dos cambios voy a realizar porque venimos con mucha competencia entre este torneo y la Liga Chaque\u00f1a y, adem\u00e1s, las expulsiones perjudican al equipo y por eso lo charl\u00e9 con los jugadores en esta semana\u00bb.<\/em><\/p>\n<p><em>\u00abHablamos con los jugadores en la semana que el torneo te pide ser un poco m\u00e1s duro y nosotros todav\u00eda no llegamos a lo que creemos que podemos dar sobre todo en la parte defensiva. Estamos trabajando en eso porque con las caracter\u00edsticas de los jugadores que tenemos de mitad de cancha en adelante sabemos que en alg\u00fan momento vamos a marcar un gol\u00bb<\/em>, finaliz\u00f3 el DT.<\/p>\n<p><em><strong>Foto: Gentileza Pedro Ariel Meza<\/strong><\/em><\/p>\n<p><img loading=\"lazy\" decoding=\"async\" class=\" wp-image-13423 aligncenter\" src=\"https:\/\/www.sportchaco.com.ar\/wp-content\/uploads\/2024\/09\/CHACO-JUEGA-BANNERS-1_1080X1350-1-240x300.gif\" alt=\"\" width=\"294\" height=\"368\" srcset=\"https:\/\/www.sportchaco.com.ar\/wp-content\/uploads\/2024\/09\/CHACO-JUEGA-BANNERS-1_1080X1350-1-240x300.gif 240w, https:\/\/www.sportchaco.com.ar\/wp-content\/uploads\/2024\/09\/CHACO-JUEGA-BANNERS-1_1080X1350-1-819x1024.gif 819w, https:\/\/www.sportchaco.com.ar\/wp-content\/uploads\/2024\/09\/CHACO-JUEGA-BANNERS-1_1080X1350-1-768x960.gif 768w\" sizes=\"auto, (max-width: 294px) 100vw, 294px\" \/><\/p>\n","protected":false},"excerpt":{"rendered":"<p>22-10-2024 Mario Valenzuela, DT de Villa Alvear, dialog\u00f3 en el programa deportivo \u00abCara y Ceca del Deporte\u00bb (radio Provincia 101.5) sobre el arranque de su equipo en el Regional Amateur. \u00abEn estos d\u00edas pudimos terminar una semana buena, la cual no hab\u00eda arrancado bien por el hecho de que empezamos 0-2 con Fontana en el &hellip;<\/p>\n","protected":false},"author":3,"featured_media":14047,"comment_status":"open","ping_status":"open","sticky":false,"template":"","format":"standard","meta":{"footnotes":""},"categories":[5],"tags":[],"class_list":["post-14046","post","type-post","status-publish","format-standard","has-post-thumbnail","hentry","category-futbol"],"_links":{"self":[{"href":"https:\/\/www.sportchaco.com.ar\/index.php?rest_route=\/wp\/v2\/posts\/14046","targetHints":{"allow":["GET"]}}],"collection":[{"href":"https:\/\/www.sportchaco.com.ar\/index.php?rest_route=\/wp\/v2\/posts"}],"about":[{"href":"https:\/\/www.sportchaco.com.ar\/index.php?rest_route=\/wp\/v2\/types\/post"}],"author":[{"embeddable":true,"href":"https:\/\/www.sportchaco.com.ar\/index.php?rest_route=\/wp\/v2\/users\/3"}],"replies":[{"embeddable":true,"href":"https:\/\/www.sportchaco.com.ar\/index.php?rest_route=%2Fwp%2Fv2%2Fcomments&post=14046"}],"version-history":[{"count":3,"href":"https:\/\/www.sportchaco.com.ar\/index.php?rest_route=\/wp\/v2\/posts\/14046\/revisions"}],"predecessor-version":[{"id":14050,"href":"https:\/\/www.sportchaco.com.ar\/index.php?rest_route=\/wp\/v2\/posts\/14046\/revisions\/14050"}],"wp:featuredmedia":[{"embeddable":true,"href":"https:\/\/www.sportchaco.com.ar\/index.php?rest_route=\/wp\/v2\/media\/14047"}],"wp:attachment":[{"href":"https:\/\/www.sportchaco.com.ar\/index.php?rest_route=%2Fwp%2Fv2%2Fmedia&parent=14046"}],"wp:term":[{"taxonomy":"category","embeddable":true,"href":"https:\/\/www.sportchaco.com.ar\/index.php?rest_route=%2Fwp%2Fv2%2Fcategories&post=14046"},{"taxonomy":"post_tag","embeddable":true,"href":"https:\/\/www.sportchaco.com.ar\/index.php?rest_route=%2Fwp%2Fv2%2Ftags&post=14046"}],"curies":[{"name":"wp","href":"https:\/\/api.w.org\/{rel}","templated":true}]}}