{"id":14079,"date":"2024-10-23T17:05:32","date_gmt":"2024-10-23T20:05:32","guid":{"rendered":"https:\/\/www.sportchaco.com.ar\/?p=14079"},"modified":"2024-10-23T17:05:32","modified_gmt":"2024-10-23T20:05:32","slug":"hindu-inicia-un-ciclo-de-talleres-integrales-construyendo-dialogos-asertivos-en-el-deporte","status":"publish","type":"post","link":"https:\/\/www.sportchaco.com.ar\/?p=14079","title":{"rendered":"Hind\u00fa inicia un ciclo de Talleres integrales \u201cConstruyendo di\u00e1logos asertivos en el Deporte\u201d"},"content":{"rendered":"<p><strong>23-10-2024<\/strong><\/p>\n<p><img loading=\"lazy\" decoding=\"async\" class=\" wp-image-11424 aligncenter\" src=\"https:\/\/www.sportchaco.com.ar\/wp-content\/uploads\/2024\/07\/gob-salud-fijo-marzo-300x50.jpg\" alt=\"\" width=\"414\" height=\"69\" srcset=\"https:\/\/www.sportchaco.com.ar\/wp-content\/uploads\/2024\/07\/gob-salud-fijo-marzo-300x50.jpg 300w, https:\/\/www.sportchaco.com.ar\/wp-content\/uploads\/2024\/07\/gob-salud-fijo-marzo-1024x171.jpg 1024w, https:\/\/www.sportchaco.com.ar\/wp-content\/uploads\/2024\/07\/gob-salud-fijo-marzo-768x128.jpg 768w, https:\/\/www.sportchaco.com.ar\/wp-content\/uploads\/2024\/07\/gob-salud-fijo-marzo.jpg 1200w\" sizes=\"auto, (max-width: 414px) 100vw, 414px\" \/><\/p>\n<p>Este jueves 24, Hind\u00fa Club dar\u00e1 inicio a un ciclo de Talleres integrales \u201cConstruyendo di\u00e1logos asertivos en el Deporte\u201d, donde conjuntamente con la Defensora municipal de ni\u00f1as, ni\u00f1os y adolescentes, la Secretar\u00eda de Extensi\u00f3n universitaria de la Facultad de Derecho y Ciencias Sociales y Pol\u00edticas de la UNNE y la Fundaci\u00f3n Derechos Humanos Equidad y G\u00e9nero , se llevar\u00e1 adelante el desarrollo de actividades de promoci\u00f3n y difusi\u00f3n de derechos, de fortalecimiento de trabajo en equipo y afianzamiento de las relaciones dentro de la instituci\u00f3n.<\/p>\n<p>El mismo est\u00e1 destinado a las ni\u00f1as, ni\u00f1os y adolescentes de las categor\u00edas formativas de la disciplina b\u00e1squet, familiares y a todos los socios del club.<\/p>\n<p>La convocatoria ser\u00e1 este jueves 24 a las 20 horas, en las instalaciones de la instituci\u00f3n capitalina (Franklin 56) de la ciudad de Resistencia.<\/p>\n<figure class=\"wp-block-image size-full\"><a href=\"https:\/\/baskettotal.com.ar\/wp-content\/uploads\/2024\/10\/IMG-20241023-WA0022.jpg\"><img loading=\"lazy\" decoding=\"async\" class=\"lazy wp-image-24741 lazy-loaded aligncenter\" src=\"https:\/\/baskettotal.com.ar\/wp-content\/uploads\/2024\/10\/IMG-20241023-WA0022.jpg\" sizes=\"auto, (max-width: 624px) 100vw, 624px\" srcset=\"https:\/\/baskettotal.com.ar\/wp-content\/uploads\/2024\/10\/IMG-20241023-WA0022.jpg 624w, https:\/\/baskettotal.com.ar\/wp-content\/uploads\/2024\/10\/IMG-20241023-WA0022-240x300.jpg 240w\" alt=\"\" width=\"624\" height=\"780\" data-lazy-type=\"image\" data-lazy-src=\"https:\/\/baskettotal.com.ar\/wp-content\/uploads\/2024\/10\/IMG-20241023-WA0022.jpg\" data-lazy-srcset=\"https:\/\/baskettotal.com.ar\/wp-content\/uploads\/2024\/10\/IMG-20241023-WA0022.jpg 624w, https:\/\/baskettotal.com.ar\/wp-content\/uploads\/2024\/10\/IMG-20241023-WA0022-240x300.jpg 240w\" data-lazy-sizes=\"(max-width: 624px) 100vw, 624px\" \/><\/a><figcaption class=\"wp-element-caption\"><strong><br \/>\nFoto: Micaela Fern\u00e1ndez (Hind\u00fa Club)<\/strong><\/figcaption><\/figure>\n<p><img loading=\"lazy\" decoding=\"async\" class=\" wp-image-9489 aligncenter\" src=\"https:\/\/www.sportchaco.com.ar\/wp-content\/uploads\/2024\/05\/gob-sube-marzo-24-2-300x300.jpeg\" alt=\"\" width=\"329\" height=\"329\" srcset=\"https:\/\/www.sportchaco.com.ar\/wp-content\/uploads\/2024\/05\/gob-sube-marzo-24-2-300x300.jpeg 300w, https:\/\/www.sportchaco.com.ar\/wp-content\/uploads\/2024\/05\/gob-sube-marzo-24-2-1024x1024.jpeg 1024w, https:\/\/www.sportchaco.com.ar\/wp-content\/uploads\/2024\/05\/gob-sube-marzo-24-2-150x150.jpeg 150w, https:\/\/www.sportchaco.com.ar\/wp-content\/uploads\/2024\/05\/gob-sube-marzo-24-2-768x768.jpeg 768w, https:\/\/www.sportchaco.com.ar\/wp-content\/uploads\/2024\/05\/gob-sube-marzo-24-2.jpeg 1080w\" sizes=\"auto, (max-width: 329px) 100vw, 329px\" \/><\/p>\n","protected":false},"excerpt":{"rendered":"<p>23-10-2024 Este jueves 24, Hind\u00fa Club dar\u00e1 inicio a un ciclo de Talleres integrales \u201cConstruyendo di\u00e1logos asertivos en el Deporte\u201d, donde conjuntamente con la Defensora municipal de ni\u00f1as, ni\u00f1os y adolescentes, la Secretar\u00eda de Extensi\u00f3n universitaria de la Facultad de Derecho y Ciencias Sociales y Pol\u00edticas de la UNNE y la Fundaci\u00f3n Derechos Humanos Equidad &hellip;<\/p>\n","protected":false},"author":3,"featured_media":14080,"comment_status":"open","ping_status":"open","sticky":false,"template":"","format":"standard","meta":{"footnotes":""},"categories":[3],"tags":[],"class_list":["post-14079","post","type-post","status-publish","format-standard","has-post-thumbnail","hentry","category-basquetbol"],"_links":{"self":[{"href":"https:\/\/www.sportchaco.com.ar\/index.php?rest_route=\/wp\/v2\/posts\/14079","targetHints":{"allow":["GET"]}}],"collection":[{"href":"https:\/\/www.sportchaco.com.ar\/index.php?rest_route=\/wp\/v2\/posts"}],"about":[{"href":"https:\/\/www.sportchaco.com.ar\/index.php?rest_route=\/wp\/v2\/types\/post"}],"author":[{"embeddable":true,"href":"https:\/\/www.sportchaco.com.ar\/index.php?rest_route=\/wp\/v2\/users\/3"}],"replies":[{"embeddable":true,"href":"https:\/\/www.sportchaco.com.ar\/index.php?rest_route=%2Fwp%2Fv2%2Fcomments&post=14079"}],"version-history":[{"count":1,"href":"https:\/\/www.sportchaco.com.ar\/index.php?rest_route=\/wp\/v2\/posts\/14079\/revisions"}],"predecessor-version":[{"id":14081,"href":"https:\/\/www.sportchaco.com.ar\/index.php?rest_route=\/wp\/v2\/posts\/14079\/revisions\/14081"}],"wp:featuredmedia":[{"embeddable":true,"href":"https:\/\/www.sportchaco.com.ar\/index.php?rest_route=\/wp\/v2\/media\/14080"}],"wp:attachment":[{"href":"https:\/\/www.sportchaco.com.ar\/index.php?rest_route=%2Fwp%2Fv2%2Fmedia&parent=14079"}],"wp:term":[{"taxonomy":"category","embeddable":true,"href":"https:\/\/www.sportchaco.com.ar\/index.php?rest_route=%2Fwp%2Fv2%2Fcategories&post=14079"},{"taxonomy":"post_tag","embeddable":true,"href":"https:\/\/www.sportchaco.com.ar\/index.php?rest_route=%2Fwp%2Fv2%2Ftags&post=14079"}],"curies":[{"name":"wp","href":"https:\/\/api.w.org\/{rel}","templated":true}]}}