{"id":14087,"date":"2024-10-23T19:50:50","date_gmt":"2024-10-23T22:50:50","guid":{"rendered":"https:\/\/www.sportchaco.com.ar\/?p=14087"},"modified":"2024-10-23T19:50:50","modified_gmt":"2024-10-23T22:50:50","slug":"arbitros-dias-y-horarios-para-los-equipos-chaquenos","status":"publish","type":"post","link":"https:\/\/www.sportchaco.com.ar\/?p=14087","title":{"rendered":"\u00c1rbitros, d\u00edas y horarios para los equipos chaque\u00f1os"},"content":{"rendered":"<p><strong>23-10-2024<\/strong><\/p>\n<p><img loading=\"lazy\" decoding=\"async\" class=\" wp-image-9639 aligncenter\" src=\"https:\/\/www.sportchaco.com.ar\/wp-content\/uploads\/2024\/05\/gob-salud-apaisado-marzo-300x37.gif\" alt=\"\" width=\"324\" height=\"40\" \/><\/p>\n<p>La Regi\u00f3n Litoral Norte del torneo Regional Amateur tiene confirmadas las designaciones arbitrales, d\u00edas y horarios para el desarrollo de la 3\u00aa fecha.<\/p>\n<p>En cuanto a los representantes de la Liga Chaque\u00f1a, por la zona 1, Villa Alvear visitar\u00e1 al otro l\u00edder del grupo, Municipal de La Leonesa, este domingo a las 16 horas.<\/p>\n<p>Por la misma zona, Fontana recibir\u00e1 tambi\u00e9n el domingo a Pabell\u00f3n Argentino de Las Palmas, pero desde las 17.<\/p>\n<p>Ya en la zona 2, Resistencia Central, l\u00edder del grupo con puntaje ideal, visitar\u00e1 a su escolta Belgrano en San Mart\u00edn el d\u00eda domingo desde las 16 horas.<\/p>\n<p>A continuaci\u00f3n la programaci\u00f3n para todos los equipos chaque\u00f1os.<\/p>\n<p><strong>ZONA 1<br \/>\n3\u00aa FECHA<br \/>\n<\/strong><strong><em>Domingo 27-10<\/em><\/strong><br \/>\nA las 16, Dep. Municipal (La Leonesa) &#8211; Villa Alvear<br \/>\n<strong>\u00c1rbitro:<\/strong> Daniel Ebel. <strong>Asistentes:<\/strong> Jean Capra y Omar Oviedo (terna de Formosa)<\/p>\n<p>A las 17, Fontana \u2013 Pabell\u00f3n Argentino (Las Palmas)<br \/>\n<strong>\u00c1rbitro:<\/strong> Diego Walker. <strong>Asistentes:<\/strong> Luciano Arnolfo y Ezequiel Ponce (terna de Reconquista)<\/p>\n<p><strong>POSICIONES<\/strong><br \/>\nVilla Alvear 4<br \/>\nDep. Municipal 4<br \/>\nFontana 2<br \/>\nPabell\u00f3n Argentino 0<\/p>\n<p>&nbsp;<\/p>\n<p><strong>ZONA 2<br \/>\n3\u00aa FECHA<br \/>\n<\/strong><strong><em>Domingo 27-10<br \/>\n<\/em><\/strong>A las 16, Belgrano (San Mart\u00edn) \u2013 Resistencia Central<br \/>\n<strong>\u00c1rbitro:<\/strong> Dar\u00edo Aguirre. <strong>Asistentes:<\/strong> Dar\u00edo P\u00e9rez y Luciano Silva (terna de Quitilipi)<\/p>\n<p>A las 17, El Fort\u00edn (Machagai) \u2013 R\u00edo Teuco (Pampa del Indio)<br \/>\n<strong>\u00c1rbitro:<\/strong> Mar\u00eda R\u00edos. <strong>Asistentes:<\/strong> Claudio Casco y Carlos Ojeda (terna de Resistencia)<\/p>\n<p><strong>POSICIONES<\/strong><br \/>\nRcia. Central 6<br \/>\nBelgrano 4<br \/>\nR\u00edo Teuco 1<br \/>\nEl Fort\u00edn 0<\/p>\n<p>&nbsp;<\/p>\n<p><strong>ZONA 3<br \/>\n3\u00aa FECHA<br \/>\n<\/strong><strong><em>Domingo 20-10<br \/>\n<\/em><\/strong>\u00a0A las 16, Gral. Belgrano (Quitilipi) &#8211; Textil (Villa \u00c1ngela)<br \/>\n<strong>\u00c1rbitro:<\/strong> Juan Pablo Infran. <strong>Asistentes:<\/strong> Rodrigo Gonz\u00e1lez e Ivo Ca\u00f1ete (terna de Resistencia)<\/p>\n<p><strong><em>Libre:<\/em><\/strong> Potrero (Quitilipi)<\/p>\n<p><strong>POSICIONES<br \/>\n<\/strong>Textil 3<br \/>\nPotrero 1<br \/>\nGral. Belgrano 1<\/p>\n<p>&nbsp;<\/p>\n<p><strong>ZONA 4<br \/>\n3\u00aa FECHA<br \/>\n<\/strong><strong><em>Domingo 27-10<br \/>\n<\/em><\/strong>A las 17, Avenida FC (Villa \u00c1ngela) \u2013 Sp. Cultural (Castelli)<br \/>\n<strong>\u00c1rbitro:<\/strong> Diego Mitoire. <strong>Asistentes:<\/strong> David Vallejos y Yanina Ben\u00edtez (terna de Resistencia)<\/p>\n<p>A las 17, Sp. Pampa (Pampa del Infierno) &#8211; Dep. Comercio (Santa Sylvina)<br \/>\n<strong>\u00c1rbitro:<\/strong> Federico Encinas. <strong>Asistentes:<\/strong> Federico P\u00e9rez Saucedo y Natalia Sanabria (terna de Corrientes)<\/p>\n<p><strong>POSICIONES<br \/>\n<\/strong>Sp. Pampa 4<br \/>\nAvenida FC 3<br \/>\nSp. Cultural 2<br \/>\nComercio 1<\/p>\n<p><em><strong>Foto:<\/strong> <span class=\"xt0psk2\"><strong class=\"html-strong xdj266r x11i5rnm xat24cr x1mh8g0r xexx8yu x4uap5 x18d9i69 xkhd6sd x1hl2dhg x16tdsg8 x1vvkbs x1s688f\"><span class=\"html-span xdj266r x11i5rnm xat24cr x1mh8g0r xexx8yu x4uap5 x18d9i69 xkhd6sd x1hl2dhg x16tdsg8 x1vvkbs\">MagaLih Sports<\/span><\/strong><\/span><\/em><\/p>\n<p><img loading=\"lazy\" decoding=\"async\" class=\" wp-image-10833 aligncenter\" src=\"https:\/\/www.sportchaco.com.ar\/wp-content\/uploads\/2024\/06\/gobierno-del-Chaco-300x297.jpg\" sizes=\"auto, (max-width: 316px) 100vw, 316px\" srcset=\"https:\/\/www.sportchaco.com.ar\/wp-content\/uploads\/2024\/06\/gobierno-del-Chaco-300x297.jpg 300w, https:\/\/www.sportchaco.com.ar\/wp-content\/uploads\/2024\/06\/gobierno-del-Chaco-150x150.jpg 150w, https:\/\/www.sportchaco.com.ar\/wp-content\/uploads\/2024\/06\/gobierno-del-Chaco.jpg 442w\" alt=\"\" width=\"316\" height=\"313\" \/><\/p>\n","protected":false},"excerpt":{"rendered":"<p>23-10-2024 La Regi\u00f3n Litoral Norte del torneo Regional Amateur tiene confirmadas las designaciones arbitrales, d\u00edas y horarios para el desarrollo de la 3\u00aa fecha. En cuanto a los representantes de la Liga Chaque\u00f1a, por la zona 1, Villa Alvear visitar\u00e1 al otro l\u00edder del grupo, Municipal de La Leonesa, este domingo a las 16 horas. &hellip;<\/p>\n","protected":false},"author":3,"featured_media":14088,"comment_status":"open","ping_status":"open","sticky":false,"template":"","format":"standard","meta":{"footnotes":""},"categories":[5],"tags":[],"class_list":["post-14087","post","type-post","status-publish","format-standard","has-post-thumbnail","hentry","category-futbol"],"_links":{"self":[{"href":"https:\/\/www.sportchaco.com.ar\/index.php?rest_route=\/wp\/v2\/posts\/14087","targetHints":{"allow":["GET"]}}],"collection":[{"href":"https:\/\/www.sportchaco.com.ar\/index.php?rest_route=\/wp\/v2\/posts"}],"about":[{"href":"https:\/\/www.sportchaco.com.ar\/index.php?rest_route=\/wp\/v2\/types\/post"}],"author":[{"embeddable":true,"href":"https:\/\/www.sportchaco.com.ar\/index.php?rest_route=\/wp\/v2\/users\/3"}],"replies":[{"embeddable":true,"href":"https:\/\/www.sportchaco.com.ar\/index.php?rest_route=%2Fwp%2Fv2%2Fcomments&post=14087"}],"version-history":[{"count":1,"href":"https:\/\/www.sportchaco.com.ar\/index.php?rest_route=\/wp\/v2\/posts\/14087\/revisions"}],"predecessor-version":[{"id":14089,"href":"https:\/\/www.sportchaco.com.ar\/index.php?rest_route=\/wp\/v2\/posts\/14087\/revisions\/14089"}],"wp:featuredmedia":[{"embeddable":true,"href":"https:\/\/www.sportchaco.com.ar\/index.php?rest_route=\/wp\/v2\/media\/14088"}],"wp:attachment":[{"href":"https:\/\/www.sportchaco.com.ar\/index.php?rest_route=%2Fwp%2Fv2%2Fmedia&parent=14087"}],"wp:term":[{"taxonomy":"category","embeddable":true,"href":"https:\/\/www.sportchaco.com.ar\/index.php?rest_route=%2Fwp%2Fv2%2Fcategories&post=14087"},{"taxonomy":"post_tag","embeddable":true,"href":"https:\/\/www.sportchaco.com.ar\/index.php?rest_route=%2Fwp%2Fv2%2Ftags&post=14087"}],"curies":[{"name":"wp","href":"https:\/\/api.w.org\/{rel}","templated":true}]}}