{"id":14112,"date":"2024-10-24T23:12:44","date_gmt":"2024-10-25T02:12:44","guid":{"rendered":"https:\/\/www.sportchaco.com.ar\/?p=14112"},"modified":"2024-10-24T23:12:44","modified_gmt":"2024-10-25T02:12:44","slug":"efemerides-del-25-de-octubre","status":"publish","type":"post","link":"https:\/\/www.sportchaco.com.ar\/?p=14112","title":{"rendered":"Efem\u00e9rides del 25 de octubre"},"content":{"rendered":"<p>&nbsp;<\/p>\n<p><strong>Esta es la Efem\u00e9rides del Deporte en el Chaco de un 24 de octubre del periodista Luis Dar\u00edo Molodezky.<\/strong><\/p>\n<p><img loading=\"lazy\" decoding=\"async\" class=\"alignnone size-medium wp-image-14091\" src=\"https:\/\/www.sportchaco.com.ar\/wp-content\/uploads\/2024\/10\/Molodezky-Luis-300x199.jpg\" alt=\"\" width=\"300\" height=\"199\" srcset=\"https:\/\/www.sportchaco.com.ar\/wp-content\/uploads\/2024\/10\/Molodezky-Luis-300x199.jpg 300w, https:\/\/www.sportchaco.com.ar\/wp-content\/uploads\/2024\/10\/Molodezky-Luis-768x508.jpg 768w, https:\/\/www.sportchaco.com.ar\/wp-content\/uploads\/2024\/10\/Molodezky-Luis.jpg 772w\" sizes=\"auto, (max-width: 300px) 100vw, 300px\" \/><\/p>\n<p>&nbsp;<\/p>\n<p><strong>1947 \/ <\/strong>Se inaugura el Parque 2 de febrero en la ciudad de Resistencia, con la presencia del presidente Juan Domingo Per\u00f3n, Eva Duarte y el gobernador Antenor Far\u00edas All\u00ed estuvo enclavado el primer cementerio de la Colonia Resistencia. En 1935 se resuelve en el Concejo Municipal la creaci\u00f3n de un Parque, en el Lote 200. En 1935 se acepta la donaci\u00f3n del Ministerio del interior del predio y 10 a\u00f1os despu\u00e9s comienza el desarrollo del proyecto que contemplaba un pabell\u00f3n; un audit\u00f3rium, con escenario para mil personas; un lago artificial que tomar\u00eda su caudal del agua del Rio Negro, con el que estaba conectado y un escenario para manifestaciones art\u00edsticas, al aire libre llamado Anfiteatro Griego, con capacidad de tres mil personas sentadas. Los trabajos fueron arduos e intensos trabajando de sol a sol para poder terminarlo a tiempo para la fiesta de Algod\u00f3n de 1947.\u00a0 Aquella noche se eleg\u00eda a la primera Reina Nacional del Algod\u00f3n. La primera reina electa fue Olga Dufek. Asistieron al evento unas 80.000 personas en una fiesta multitudinaria y apote\u00f3tica, nunca vista en la ciudad. A partir de ese momento todas las pr\u00e1cticas deportivas se concentrar en ese predio y donde pasaron muchas generaciones de estudiantes que desarrollaban sus clases de educaci\u00f3n f\u00edsica.<\/p>\n<p><strong>1951 <\/strong>\/ Villa San Mart\u00edn se consagra \u2013por primera vez\u2013 Campe\u00f3n Argentino de Campeones en b\u00e1squetbol al derrotar en la final, en San Juan, al representante de Mendoza 35 a 29. La semifinal la ganaron a un equipo de San Juan por 34 a 25. Los campeones fueron Carlos Mar\u00eda \u201cPocholo\u201d Aguilar, V\u00edctor \u201cGood Bay\u201d Romero, Armando Arizaga, Juan Carlos Margoza, Alcides Prado Lima, Benjam\u00edn Margoza, Alfonso Prado Lima, Hugo Gonz\u00e1lez, Omar Prado Lima, Walter \u201cChiche\u201d Dosso y Gustavo Lutringer. El entrenador Miguel Lucuix.<\/p>\n<p><strong>1953 <\/strong>\/ En la vieja cancha de For Ever (hoy plaza Espa\u00f1a) se presenta el campe\u00f3n mundial de los medio pesados, Archie Moore, realizando una exhibici\u00f3n, frente al \u00eddolo local primero, <em>Tatalo <\/em>Dom\u00ednguez y luego ante los porte\u00f1os N\u00fa\u00f1ez y Obloskosky. Moore se fue ovacionado por su notable calidad y bonhom\u00eda arriba del ring.<\/p>\n<p><strong>1968<\/strong> \/ Se enfrentan en pelea revancha Jos\u00e9 Jatchuk y Armando Cepillo Lescano. Ante una gran concurrencia que dej\u00f3 en boleter\u00edas m\u00e1s de 230 mil pesos, la \u2018bomba\u2019 Jatchuk por puntos al cabo de cinco ardorosos rounds. Dos jurados, Giuliano y Malisani, vieron ganador al villangelense, mientras que Oscar Andreata fall\u00f3 empate, lo que inclin\u00f3 la balanza para el cr\u00e9dito de Domingo D\u2019El\u00eda (p).<\/p>\n<p><strong>1981 \/<\/strong> Juan Carlos Su\u00e1rez se impone en el Regional de Bochas disputado en Las Bre\u00f1as, organizado por la Asociaci\u00f3n del Noroeste y que lleva el nombre de Mario Esteban Varela.\u00a0 Estuvieron presentes y el presidente y secretario de la Asociaci\u00f3n Chaque\u00f1a, Atilio Bangher y Elio Luna. En el cotejo final Su\u00e1rez derrot\u00f3 a Celestino Orellana por 18 a 17. El ganador clasific\u00f3 para el Argentino de Salta.<\/p>\n<p><strong>2003 <\/strong>\/ Javier \u00c1lvarez logra el t\u00edtulo latino OMB (interino) al vencer por puntos en 12 asaltos en Corrientes al local Eduardo <em>Pamperito <\/em>Rom\u00e1n. El peso de \u00c1lvarez fue de 60,800 kg.<\/p>\n<p><strong>2006 \/<\/strong> Santiago Moreno Kaenel se corona campe\u00f3n Argentino Sub 12 de Ajedrez, en Colon, Entre R\u00edos<\/p>\n<p><strong>2009 <\/strong>\/ Emanuel Escalante de 16 a\u00f1os alumno del CEP 47 de General San Mart\u00edn, establece 1,90 m en salto en alto durante los Juegos Deportivos Nacionales Evita que se disputan en Mar del Plata. Marc\u00f3 un nuevo Record Provincial de Menores Sub 18 y de Juveniles Sub 20 en esa prueba e igual\u00f3 el Record Provincial Absoluto de Adri\u00e1n Ansaloni registrado en 1984. Roc\u00edo Sabadini, r\u00e9cord provincial de Menores en Jabalina (41,07m); Douglas Sandoval, r\u00e9cord provincial de cadetes en 300 m llanos (36,66\u201d); y el equipo integrada por Enzo Delpech, Berto Gal\u00e1n, Runo Wedercik y Ariel D\u00edaz, r\u00e9cord provincial juvenil en Posta de 4x100m (44,55\u201d).<\/p>\n<p><img loading=\"lazy\" decoding=\"async\" class=\"alignnone size-full wp-image-14093 aligncenter\" src=\"https:\/\/www.sportchaco.com.ar\/wp-content\/uploads\/2024\/10\/CHACO-JUEGA-BANNERS-1_250X250-1-1.gif\" alt=\"\" width=\"250\" height=\"250\" \/><\/p>\n<p>&nbsp;<\/p>\n","protected":false},"excerpt":{"rendered":"<p>&nbsp; Esta es la Efem\u00e9rides del Deporte en el Chaco de un 24 de octubre del periodista Luis Dar\u00edo Molodezky. &nbsp; 1947 \/ Se inaugura el Parque 2 de febrero en la ciudad de Resistencia, con la presencia del presidente Juan Domingo Per\u00f3n, Eva Duarte y el gobernador Antenor Far\u00edas All\u00ed estuvo enclavado el primer &hellip;<\/p>\n","protected":false},"author":2,"featured_media":14115,"comment_status":"open","ping_status":"open","sticky":false,"template":"","format":"standard","meta":{"footnotes":""},"categories":[45,40],"tags":[],"class_list":["post-14112","post","type-post","status-publish","format-standard","has-post-thumbnail","hentry","category-efemerides-dia-por-dia","category-octubre"],"_links":{"self":[{"href":"https:\/\/www.sportchaco.com.ar\/index.php?rest_route=\/wp\/v2\/posts\/14112","targetHints":{"allow":["GET"]}}],"collection":[{"href":"https:\/\/www.sportchaco.com.ar\/index.php?rest_route=\/wp\/v2\/posts"}],"about":[{"href":"https:\/\/www.sportchaco.com.ar\/index.php?rest_route=\/wp\/v2\/types\/post"}],"author":[{"embeddable":true,"href":"https:\/\/www.sportchaco.com.ar\/index.php?rest_route=\/wp\/v2\/users\/2"}],"replies":[{"embeddable":true,"href":"https:\/\/www.sportchaco.com.ar\/index.php?rest_route=%2Fwp%2Fv2%2Fcomments&post=14112"}],"version-history":[{"count":1,"href":"https:\/\/www.sportchaco.com.ar\/index.php?rest_route=\/wp\/v2\/posts\/14112\/revisions"}],"predecessor-version":[{"id":14116,"href":"https:\/\/www.sportchaco.com.ar\/index.php?rest_route=\/wp\/v2\/posts\/14112\/revisions\/14116"}],"wp:featuredmedia":[{"embeddable":true,"href":"https:\/\/www.sportchaco.com.ar\/index.php?rest_route=\/wp\/v2\/media\/14115"}],"wp:attachment":[{"href":"https:\/\/www.sportchaco.com.ar\/index.php?rest_route=%2Fwp%2Fv2%2Fmedia&parent=14112"}],"wp:term":[{"taxonomy":"category","embeddable":true,"href":"https:\/\/www.sportchaco.com.ar\/index.php?rest_route=%2Fwp%2Fv2%2Fcategories&post=14112"},{"taxonomy":"post_tag","embeddable":true,"href":"https:\/\/www.sportchaco.com.ar\/index.php?rest_route=%2Fwp%2Fv2%2Ftags&post=14112"}],"curies":[{"name":"wp","href":"https:\/\/api.w.org\/{rel}","templated":true}]}}