{"id":14189,"date":"2024-10-27T15:22:04","date_gmt":"2024-10-27T18:22:04","guid":{"rendered":"https:\/\/www.sportchaco.com.ar\/?p=14189"},"modified":"2024-10-27T15:22:04","modified_gmt":"2024-10-27T18:22:04","slug":"fabio-vazquez-buscamos-tener-presencia-y-promover-la-participacion-inclusion-igualdad-de-oportunidades-y-valores","status":"publish","type":"post","link":"https:\/\/www.sportchaco.com.ar\/?p=14189","title":{"rendered":"Fabio V\u00e1zquez: \u00abBuscamos tener presencia y promover la participaci\u00f3n, inclusi\u00f3n, igualdad de oportunidades y valores\u00bb"},"content":{"rendered":"<p><strong>27-10-2024<\/strong><\/p>\n<p><img loading=\"lazy\" decoding=\"async\" class=\" wp-image-9640 aligncenter\" src=\"https:\/\/www.sportchaco.com.ar\/wp-content\/uploads\/2024\/05\/gob-obras-marzo-apaisado-300x29.gif\" alt=\"\" width=\"507\" height=\"49\" srcset=\"https:\/\/www.sportchaco.com.ar\/wp-content\/uploads\/2024\/05\/gob-obras-marzo-apaisado-300x29.gif 300w, https:\/\/www.sportchaco.com.ar\/wp-content\/uploads\/2024\/05\/gob-obras-marzo-apaisado-768x74.gif 768w\" sizes=\"auto, (max-width: 507px) 100vw, 507px\" \/><\/p>\n<p>Durante la jornada del s\u00e1bado 26, el Gobierno provincial, a trav\u00e9s del Instituto del Deporte Chaque\u00f1o (IDCH), llev\u00f3 adelante la etapa final del programa deportivo \u00abChaco Juega\u00bb, que cont\u00f3 con la participaci\u00f3n de j\u00f3venes provenientes de los distintos puntos de la provincia, quienes a lo largo de este certamen mostraron el talento con el que cuentan, adem\u00e1s de competir sanamente en distintos escenarios, a lo largo de 10 meses.<\/p>\n<p>\u00abEstoy muy contento de ver a tantos j\u00f3venes con muchas ansias de participar y disfrutar de una jornada deportiva que fue todo un \u00e9xito, donde adem\u00e1s el d\u00eda nos acompa\u00f1\u00f3\u00bb, fueron las primeras palabras del presidente del IDCH, Fabio V\u00e1zquez.<\/p>\n<p>En el mes de marzo, el gobernador Leandro Zdero junto a la vicegobernadora Silvana Schneider y el presidente del IDCH Fabio V\u00e1zquez, lanzaron la primera edici\u00f3n del programa \u201cChaco Juega\u201d, una iniciativa provincial integral de impulso al deporte comunitario e integraci\u00f3n social de m\u00e1s de 60.000 j\u00f3venes chaque\u00f1os.<\/p>\n<p>\u00abEsta apuesta que hizo el Gobierno, es lo que nos ped\u00edan los j\u00f3venes, que quer\u00edan ser protagonistas y este programa provincial dise\u00f1ado por el IDCH y aprobado por el gobernador Leandro Zdero es lo que a nosotros nos llena de orgullo y satisfacci\u00f3n, contando con m\u00e1s de 1.500 chicos en esta etapa final2, expres\u00f3 el titular de la cartera deportiva.<\/p>\n<p>El objetivo de esta primera edici\u00f3n del programa deportivo provincial \u201cChaco Juega\u201d, fue promover la integraci\u00f3n social en los j\u00f3venes, utilizando la competencia deportiva como agente de participaci\u00f3n e inclusi\u00f3n comunitaria en todas las localidades de la provincia. \u00abCon este programa buscamos tener presencia y acompa\u00f1amiento en las 70 localidades, promoviendo la participaci\u00f3n, inclusi\u00f3n, igualdad de oportunidades y los valores en nuestros j\u00f3venes\u00bb, dej\u00f3 en claro Fabio V\u00e1zquez.<\/p>\n<p>\u00abEl balance es positivo, seguramente haya cosas por mejorar y est\u00e1 bueno para corregirlas el pr\u00f3ximo a\u00f1o, para que el deporte siga teniendo el lugar que se merece dentro de un organismo provincial\u00bb.<\/p>\n<p>Vale remarcar que para esta etapa final del \u00abChaco Juega\u00bb, los deportistas contaron con el desayuno, el almuerzo y merienda, brindado por el Gobierno provincial, adem\u00e1s del traslad\u00f3 a los diferentes escenarios donde se llevaron adelante las finales de las disciplinas.<\/p>\n<p><img loading=\"lazy\" decoding=\"async\" class=\" wp-image-9591 aligncenter\" src=\"https:\/\/www.sportchaco.com.ar\/wp-content\/uploads\/2024\/05\/gob-salud-marzo-apaisado-2-2.gif\" alt=\"\" width=\"357\" height=\"357\" \/><\/p>\n","protected":false},"excerpt":{"rendered":"<p>27-10-2024 Durante la jornada del s\u00e1bado 26, el Gobierno provincial, a trav\u00e9s del Instituto del Deporte Chaque\u00f1o (IDCH), llev\u00f3 adelante la etapa final del programa deportivo \u00abChaco Juega\u00bb, que cont\u00f3 con la participaci\u00f3n de j\u00f3venes provenientes de los distintos puntos de la provincia, quienes a lo largo de este certamen mostraron el talento con el &hellip;<\/p>\n","protected":false},"author":3,"featured_media":14190,"comment_status":"open","ping_status":"open","sticky":false,"template":"","format":"standard","meta":{"footnotes":""},"categories":[44],"tags":[],"class_list":["post-14189","post","type-post","status-publish","format-standard","has-post-thumbnail","hentry","category-varios"],"_links":{"self":[{"href":"https:\/\/www.sportchaco.com.ar\/index.php?rest_route=\/wp\/v2\/posts\/14189","targetHints":{"allow":["GET"]}}],"collection":[{"href":"https:\/\/www.sportchaco.com.ar\/index.php?rest_route=\/wp\/v2\/posts"}],"about":[{"href":"https:\/\/www.sportchaco.com.ar\/index.php?rest_route=\/wp\/v2\/types\/post"}],"author":[{"embeddable":true,"href":"https:\/\/www.sportchaco.com.ar\/index.php?rest_route=\/wp\/v2\/users\/3"}],"replies":[{"embeddable":true,"href":"https:\/\/www.sportchaco.com.ar\/index.php?rest_route=%2Fwp%2Fv2%2Fcomments&post=14189"}],"version-history":[{"count":1,"href":"https:\/\/www.sportchaco.com.ar\/index.php?rest_route=\/wp\/v2\/posts\/14189\/revisions"}],"predecessor-version":[{"id":14191,"href":"https:\/\/www.sportchaco.com.ar\/index.php?rest_route=\/wp\/v2\/posts\/14189\/revisions\/14191"}],"wp:featuredmedia":[{"embeddable":true,"href":"https:\/\/www.sportchaco.com.ar\/index.php?rest_route=\/wp\/v2\/media\/14190"}],"wp:attachment":[{"href":"https:\/\/www.sportchaco.com.ar\/index.php?rest_route=%2Fwp%2Fv2%2Fmedia&parent=14189"}],"wp:term":[{"taxonomy":"category","embeddable":true,"href":"https:\/\/www.sportchaco.com.ar\/index.php?rest_route=%2Fwp%2Fv2%2Fcategories&post=14189"},{"taxonomy":"post_tag","embeddable":true,"href":"https:\/\/www.sportchaco.com.ar\/index.php?rest_route=%2Fwp%2Fv2%2Ftags&post=14189"}],"curies":[{"name":"wp","href":"https:\/\/api.w.org\/{rel}","templated":true}]}}