{"id":14242,"date":"2024-10-30T14:37:33","date_gmt":"2024-10-30T17:37:33","guid":{"rendered":"https:\/\/www.sportchaco.com.ar\/?p=14242"},"modified":"2024-10-30T14:37:33","modified_gmt":"2024-10-30T17:37:33","slug":"el-tribunal-de-disciplina-fallo-a-favor-del-tricolor","status":"publish","type":"post","link":"https:\/\/www.sportchaco.com.ar\/?p=14242","title":{"rendered":"El Tribunal de Disciplina fall\u00f3 a favor del \u00abtricolor\u00bb"},"content":{"rendered":"<p><strong>30-10-2024<\/strong><\/p>\n<p><img loading=\"lazy\" decoding=\"async\" class=\" wp-image-9468 aligncenter\" src=\"https:\/\/www.sportchaco.com.ar\/wp-content\/uploads\/2024\/05\/Nachec-728x90-2-300x37.gif\" alt=\"\" width=\"430\" height=\"53\" \/><\/p>\n<p>El Tribunal de Disciplina de la Liga Chaque\u00f1a de F\u00fatbol fall\u00f3 a favor de FC Barber\u00e1n tras la protesta del partido entre el \u00abtricolor\u00bb ante Deportivo G\u00fciraldes en el cual, tras empatar 1 a 1, el \u201cG\u00fcira\u201d se hab\u00eda clasificado a la final del Reducido de la Primera B por penales.<\/p>\n<p>En dicha protesta el equipo del barrio Barber\u00e1n present\u00f3 una protesta por la supuesta indebida inclusi\u00f3n del jugador An\u00edbal Ojeda, que adem\u00e1s es dirigente del club Uni\u00f3n del Sur (participa en inferiores en la Liga). Y el reglamento estipula que un jugador no puede cumplir tambi\u00e9n el rol de directivo en el seno liguista.<\/p>\n<p>Con lo cual FC Barber\u00e1n jugar\u00e1 la final ante Independiente Tirol este s\u00e1bado, desde las 17 horas, en For Ever para saber que equipo acompa\u00f1ar\u00e1 a Deportivo Luj\u00e1n (campe\u00f3n del torneo) y Tiro FC (gan\u00f3 una final del Reducido) a jugar en la temporada que viene en Primera Divisi\u00f3n.<\/p>\n<p>Aunque, no conforme con el fallo, la dirigencia de G\u00fciraldes ir\u00e1 al Consejo Federal para que el ente superior revierta o reafirme el mismo. En ese caso, es muy probable que no se juegue el partido este fin de semana.<\/p>\n<p><img loading=\"lazy\" decoding=\"async\" class=\" wp-image-9671 aligncenter\" src=\"https:\/\/www.sportchaco.com.ar\/wp-content\/uploads\/2024\/05\/Nachec1-200x200-1.gif\" alt=\"\" width=\"317\" height=\"317\" \/><\/p>\n","protected":false},"excerpt":{"rendered":"<p>30-10-2024 El Tribunal de Disciplina de la Liga Chaque\u00f1a de F\u00fatbol fall\u00f3 a favor de FC Barber\u00e1n tras la protesta del partido entre el \u00abtricolor\u00bb ante Deportivo G\u00fciraldes en el cual, tras empatar 1 a 1, el \u201cG\u00fcira\u201d se hab\u00eda clasificado a la final del Reducido de la Primera B por penales. En dicha protesta &hellip;<\/p>\n","protected":false},"author":3,"featured_media":9454,"comment_status":"open","ping_status":"open","sticky":false,"template":"","format":"standard","meta":{"footnotes":""},"categories":[5],"tags":[],"class_list":["post-14242","post","type-post","status-publish","format-standard","has-post-thumbnail","hentry","category-futbol"],"_links":{"self":[{"href":"https:\/\/www.sportchaco.com.ar\/index.php?rest_route=\/wp\/v2\/posts\/14242","targetHints":{"allow":["GET"]}}],"collection":[{"href":"https:\/\/www.sportchaco.com.ar\/index.php?rest_route=\/wp\/v2\/posts"}],"about":[{"href":"https:\/\/www.sportchaco.com.ar\/index.php?rest_route=\/wp\/v2\/types\/post"}],"author":[{"embeddable":true,"href":"https:\/\/www.sportchaco.com.ar\/index.php?rest_route=\/wp\/v2\/users\/3"}],"replies":[{"embeddable":true,"href":"https:\/\/www.sportchaco.com.ar\/index.php?rest_route=%2Fwp%2Fv2%2Fcomments&post=14242"}],"version-history":[{"count":1,"href":"https:\/\/www.sportchaco.com.ar\/index.php?rest_route=\/wp\/v2\/posts\/14242\/revisions"}],"predecessor-version":[{"id":14243,"href":"https:\/\/www.sportchaco.com.ar\/index.php?rest_route=\/wp\/v2\/posts\/14242\/revisions\/14243"}],"wp:featuredmedia":[{"embeddable":true,"href":"https:\/\/www.sportchaco.com.ar\/index.php?rest_route=\/wp\/v2\/media\/9454"}],"wp:attachment":[{"href":"https:\/\/www.sportchaco.com.ar\/index.php?rest_route=%2Fwp%2Fv2%2Fmedia&parent=14242"}],"wp:term":[{"taxonomy":"category","embeddable":true,"href":"https:\/\/www.sportchaco.com.ar\/index.php?rest_route=%2Fwp%2Fv2%2Fcategories&post=14242"},{"taxonomy":"post_tag","embeddable":true,"href":"https:\/\/www.sportchaco.com.ar\/index.php?rest_route=%2Fwp%2Fv2%2Ftags&post=14242"}],"curies":[{"name":"wp","href":"https:\/\/api.w.org\/{rel}","templated":true}]}}