{"id":14295,"date":"2024-11-01T09:39:53","date_gmt":"2024-11-01T12:39:53","guid":{"rendered":"https:\/\/www.sportchaco.com.ar\/?p=14295"},"modified":"2024-11-01T09:44:32","modified_gmt":"2024-11-01T12:44:32","slug":"14295","status":"publish","type":"post","link":"https:\/\/www.sportchaco.com.ar\/?p=14295","title":{"rendered":"Racing jugar\u00e1 la final de la Sudamericana"},"content":{"rendered":"<header class=\"article-header-wrapper\">\n<div class=\"article-header\">\n<h5 id=\"racing-elimino-al-corinthians-y-buscara-un-titulo-internacional-despues-de-36-anos\" class=\"article-headline left\">Racing elimin\u00f3 al Corinthians y buscar\u00e1 un t\u00edtulo internacional despu\u00e9s de 36 a\u00f1o. El conjunto de Gustavo Costas super\u00f3 al Timao y buscar\u00e1 la gloria en Asunci\u00f3n. El actual entrenador de la Academia era el capit\u00e1n del equipo que conquist\u00f3 la Supercopa de 1988, justamente frente al Cruzeiro<\/h5>\n<\/div>\n<\/header>\n<article class=\"article\">\n<div class=\"sharebar-container\">\n<div class=\"sharebar-buttons-container\">\n<div class=\"sharebar-buttons button-save\" tabindex=\"0\" role=\"button\" aria-label=\"Guardar\">Fuente Infobae<\/div>\n<div class=\"sharebar-buttons-separator\"><\/div>\n<p>&nbsp;<\/p>\n<\/div>\n<\/div>\n<div class=\"body-article \">\n<div class=\"rawHTML raw_html \">\n<div><\/div>\n<\/div>\n<p class=\"paragraph\"><a href=\"https:\/\/www.infobae.com\/deportes\/2024\/10\/31\/racing-se-juega-el-pasaje-a-la-final-de-la-copa-sudamericana-ante-corinthians-en-avellaneda-en-vivo-hora-tv-y-formaciones\/\" target=\"_blank\" rel=\"noopener noreferrer\"><b>Racing\u00a0<\/b>elimin\u00f3 al\u00a0<b>Corinthians\u00a0<\/b>en el\u00a0<i>Cilindro\u00a0<\/i>y sac\u00f3 los boletos para la\u00a0<b>final\u00a0<\/b>de la\u00a0<b>Copa Sudamericana<\/b><\/a><b>.<\/b>\u00a0El equipo de\u00a0<b>Gustavo Costas\u00a0<\/b>rompi\u00f3 una pared que permite so\u00f1ar en grande. Es que la\u00a0<i>Academia\u00a0<\/i>logr\u00f3 acceder al duelo decisivo en<b>\u00a0una competici\u00f3n internacional<\/b>\u00a0despu\u00e9s de 36 a\u00f1os, ya que el \u00faltimo antecedente se remontaba a la\u00a0<b>Supercopa de<\/b>\u00a0<b>1988<\/b>, cuando por el entonces conjunto del\u00a0<i><b>Coco\u00a0<\/b><\/i><b>Basile\u00a0<\/b>se consagr\u00f3 campe\u00f3n, justamente frente al\u00a0<b>Cruzeiro<\/b>.<\/p>\n<p class=\"paragraph\">Varios puntos en com\u00fan tendr\u00e1 el choque que se disputar\u00e1 en Asunci\u00f3n, el pr\u00f3ximo\u00a0<b>s\u00e1bado 23 de noviembre<\/b>. Es que adem\u00e1s de revivir el cruce entre los rivales de Avellaneda y Belo Horizonte, el entrenador actual del combinado albiceleste era el capit\u00e1n de aquel recordado equipo que consigui\u00f3 la gloria con figuras de la talla del\u00a0<i><b>Pato<\/b><\/i><b>\u00a0Fillol, Rub\u00e9n Paz,\u00a0<\/b><i><b>Camote<\/b><\/i><b>\u00a0Acu\u00f1a, la\u00a0<\/b><i><b>Tota<\/b><\/i><b>\u00a0Fabbri<\/b>\u00a0o<b>\u00a0Walter Fern\u00e1ndez<\/b>.<\/p>\n<p class=\"paragraph\">Si bien en los registros oficiales, figura como<b>\u00a0t\u00edtulo internacional la Superfinal\u00a0<\/b>que el equipo de\u00a0<b>Fernando Gago\u00a0<\/b>le gan\u00f3 a\u00a0<b>Boca\u00a0<\/b>en\u00a0<b>Medio Oriente en 2022<\/b>, los hinchas mantienen en su memoria la<b>\u00a0Supercopa del elenco de Basile<\/b>, porque se trat\u00f3 de un torneo completo (a diferencia del choque \u00fanico que se disput\u00f3 en la ciudad de los Emiratos \u00c1rabes Unidos, Al Ain). Es que la\u00a0<i>Academia\u00a0<\/i>debi\u00f3 eliminar al\u00a0<b>Santos<\/b>\u00a0y a\u00a0<b>River Plate<\/b>, antes de quedarse con el trofeo luego de ganar 2 a 1 en el\u00a0<b>Presidente Per\u00f3n<\/b>\u00a0y empatar 1-1 en el pa\u00eds vecino con el recordado gol de<b>\u00a0Omar Catal\u00e1n<\/b>.<\/p>\n<p class=\"paragraph\">Otro de los antecedentes que pas\u00f3 desapercibido por los fan\u00e1ticos, fue la primera edici\u00f3n de la\u00a0<b>Recopa Sudamericana\u00a0<\/b>que se disput\u00f3 en\u00a0<b>1989.<\/b>\u00a0El cruce con<b>\u00a0Nacional de Montevideo, campe\u00f3n de la Copa Libertadores tras vencer a Newell\u2019s,\u00a0<\/b>concluy\u00f3 con festejos del otro lado del R\u00edo de la Plata. Es que el\u00a0<i>Bolso\u00a0<\/i>se qued\u00f3 con el t\u00edtulo internacional gracias al gol de\u00a0<b>Daniel Fonseca\u00a0<\/b>que sell\u00f3\u00a0<b>el 1 a 0<\/b>\u00a0en\u00a0<b>Uruguay,<\/b>\u00a0dado que en la revancha disputada en el<b>\u00a0Jos\u00e9 Amalfitani de V\u00e9lez\u00a0<\/b>termin\u00f3 con una igualdad sin emociones\u00a0<b>(0-0).<\/b><\/p>\n<\/div>\n<figure id=\"attachment_14300\" aria-describedby=\"caption-attachment-14300\" style=\"width: 494px\" class=\"wp-caption alignnone\"><img loading=\"lazy\" decoding=\"async\" class=\" wp-image-14300\" src=\"https:\/\/www.sportchaco.com.ar\/wp-content\/uploads\/2024\/11\/juanfer0-300x200.jpg\" alt=\"\" width=\"494\" height=\"329\" srcset=\"https:\/\/www.sportchaco.com.ar\/wp-content\/uploads\/2024\/11\/juanfer0-300x200.jpg 300w, https:\/\/www.sportchaco.com.ar\/wp-content\/uploads\/2024\/11\/juanfer0-1024x683.jpg 1024w, https:\/\/www.sportchaco.com.ar\/wp-content\/uploads\/2024\/11\/juanfer0-768x512.jpg 768w, https:\/\/www.sportchaco.com.ar\/wp-content\/uploads\/2024\/11\/juanfer0-1536x1024.jpg 1536w, https:\/\/www.sportchaco.com.ar\/wp-content\/uploads\/2024\/11\/juanfer0.jpg 1920w\" sizes=\"auto, (max-width: 494px) 100vw, 494px\" \/><figcaption id=\"caption-attachment-14300\" class=\"wp-caption-text\">Juan Fernando Quintero (c) de Racing celebra con sus compa\u00f1eros un gol ante Corinthians\u00a0<\/figcaption><\/figure>\n<div class=\"body-article \">\n<p class=\"paragraph\">M\u00e1s cercano en el tiempo, en\u00a0<b>1992<\/b>,\u00a0<b>Racing\u00a0<\/b>volvi\u00f3 a tener la oportunidad de conquistar la\u00a0<b>Supercopa\u00a0<\/b>frente al\u00a0<b>Cruzeiro<\/b>, pero en aquella ocasi\u00f3n, el conjunto brasile\u00f1o se tom\u00f3 revancha de lo que hab\u00eda sucedido cuatro a\u00f1os antes y se impuso como local con un aplastante\u00a0<b>4 a 0<\/b>\u00a0gracias a las conquistas de\u00a0<b>Roberto Ga\u00facho\u00a0<\/b>(en 2 oportunidades),\u00a0<b>Luis Fernando\u00a0<\/b>y\u00a0<b>Boladeiro<\/b>.Un resultado abultado que sentenci\u00f3 la serie, ya que el grito del\u00a0<i><b>Turco\u00a0<\/b><\/i><b>Garc\u00eda\u00a0<\/b>en el desquite no alcanz\u00f3 para revertir la historia. En la memoria de los m\u00e1s nost\u00e1lgicos, todav\u00eda est\u00e1 presente la grosera mano del propio Turco Garc\u00eda que le permiti\u00f3 al equipo dirigido por Humbertito Grondona eliminar a Independiente en la semifinal.\u00a0<a href=\"https:\/\/www.infobae.com\/deportes-2\/2018\/08\/14\/el-turco-garcia-intimo-su-debut-sexual-el-canje-de-una-gorra-de-fidel-por-cocaina-y-la-cabala-en-el-cabaret-antes-de-jugar-para-racing\/\" target=\"_blank\" rel=\"noopener noreferrer\">\u201c<b>Fue la mano de Castellani<\/b>\u201d, hab\u00eda reconocido con su habitual cuota humor\u00edstica el ex delantero en una entrevista con\u00a0<b>Infobae<\/b>.<\/a><\/p>\n<p class=\"paragraph\"><b>Alejandro Sabella<\/b>\u00a0se refiri\u00f3 a \u201c<b>cruzar el\u00a0<\/b><i><b>Rubic\u00f3n<\/b><\/i>\u201d cuando la selecci\u00f3n argentina super\u00f3 los\u00a0<b>cuartos de final\u00a0<\/b>en el<b>\u00a0Mundial de Brasil\u00a0<\/b>ante\u00a0<b>B\u00e9lgica<\/b>, una clasificaci\u00f3n que llevaba<b>\u00a024 a\u00f1os\u00a0<\/b>sin gestarse. Y en la noche del jueves, Gustavo Costas consigui\u00f3 romper esa pared para ir por el m\u00e1ximo sue\u00f1o. Como ocurri\u00f3 en la Copa Libertadores de 1967 (final ante Nacional) y la Copa Intercontinental de ese mismo a\u00f1o (frente al Celtic), en la Academia todos sue\u00f1an con volver a ganar un certamen internacional. Y a la espera del encuentro en Paraguay contra el\u00a0<b>Cruzeiro<\/b>, los fan\u00e1ticos se entusiasman con la consagraci\u00f3n continental, una alegr\u00eda que no se repite desde la\u00a0<b>Supercopa de 1988<\/b>. Una haza\u00f1a que se podr\u00e1 concretar si est\u00e1n todos unidos.<\/p>\n<p class=\"paragraph\"><b>LOS T\u00cdTULOS INTERNACIONALES QUE TIENE RACING<\/b><\/p>\n<p class=\"paragraph\"><i>1913 COPA DE HONOR COUSENIER<\/i><\/p>\n<p class=\"paragraph\"><i>1918 COPA DR. RICARDO C. ALDAO<\/i><\/p>\n<p class=\"paragraph\"><i>1919 COPA DR. RICARDO C. ALDAO<\/i><\/p>\n<p class=\"paragraph\"><i>1967 COPA LIBERTADORES<\/i><\/p>\n<p class=\"paragraph\"><i>1967 COPA INTERCONTINENTAL<\/i><\/p>\n<p class=\"paragraph\"><i>1988 SUPERCOPA SUDAMERICANA<\/i><\/p>\n<p class=\"paragraph\"><i>1988 SUPERCOPA INTERAMERICANA<\/i><\/p>\n<p class=\"paragraph\"><i>2022: SUPERCOPA INTERNACIONAL<\/i><\/p>\n<\/div>\n<p><img loading=\"lazy\" decoding=\"async\" class=\"alignnone size-full wp-image-14093 aligncenter\" src=\"https:\/\/www.sportchaco.com.ar\/wp-content\/uploads\/2024\/10\/CHACO-JUEGA-BANNERS-1_250X250-1-1.gif\" alt=\"\" width=\"250\" height=\"250\" \/><\/p>\n<\/article>\n","protected":false},"excerpt":{"rendered":"<p>Racing elimin\u00f3 al Corinthians y buscar\u00e1 un t\u00edtulo internacional despu\u00e9s de 36 a\u00f1o. El conjunto de Gustavo Costas super\u00f3 al Timao y buscar\u00e1 la gloria en Asunci\u00f3n. El actual entrenador de la Academia era el capit\u00e1n del equipo que conquist\u00f3 la Supercopa de 1988, justamente frente al Cruzeiro Fuente Infobae &nbsp; Racing\u00a0elimin\u00f3 al\u00a0Corinthians\u00a0en el\u00a0Cilindro\u00a0y sac\u00f3 &hellip;<\/p>\n","protected":false},"author":2,"featured_media":14296,"comment_status":"open","ping_status":"open","sticky":false,"template":"","format":"standard","meta":{"footnotes":""},"categories":[6],"tags":[],"class_list":["post-14295","post","type-post","status-publish","format-standard","has-post-thumbnail","hentry","category-internacionales"],"_links":{"self":[{"href":"https:\/\/www.sportchaco.com.ar\/index.php?rest_route=\/wp\/v2\/posts\/14295","targetHints":{"allow":["GET"]}}],"collection":[{"href":"https:\/\/www.sportchaco.com.ar\/index.php?rest_route=\/wp\/v2\/posts"}],"about":[{"href":"https:\/\/www.sportchaco.com.ar\/index.php?rest_route=\/wp\/v2\/types\/post"}],"author":[{"embeddable":true,"href":"https:\/\/www.sportchaco.com.ar\/index.php?rest_route=\/wp\/v2\/users\/2"}],"replies":[{"embeddable":true,"href":"https:\/\/www.sportchaco.com.ar\/index.php?rest_route=%2Fwp%2Fv2%2Fcomments&post=14295"}],"version-history":[{"count":4,"href":"https:\/\/www.sportchaco.com.ar\/index.php?rest_route=\/wp\/v2\/posts\/14295\/revisions"}],"predecessor-version":[{"id":14301,"href":"https:\/\/www.sportchaco.com.ar\/index.php?rest_route=\/wp\/v2\/posts\/14295\/revisions\/14301"}],"wp:featuredmedia":[{"embeddable":true,"href":"https:\/\/www.sportchaco.com.ar\/index.php?rest_route=\/wp\/v2\/media\/14296"}],"wp:attachment":[{"href":"https:\/\/www.sportchaco.com.ar\/index.php?rest_route=%2Fwp%2Fv2%2Fmedia&parent=14295"}],"wp:term":[{"taxonomy":"category","embeddable":true,"href":"https:\/\/www.sportchaco.com.ar\/index.php?rest_route=%2Fwp%2Fv2%2Fcategories&post=14295"},{"taxonomy":"post_tag","embeddable":true,"href":"https:\/\/www.sportchaco.com.ar\/index.php?rest_route=%2Fwp%2Fv2%2Ftags&post=14295"}],"curies":[{"name":"wp","href":"https:\/\/api.w.org\/{rel}","templated":true}]}}