{"id":14397,"date":"2024-11-05T12:19:35","date_gmt":"2024-11-05T15:19:35","guid":{"rendered":"https:\/\/www.sportchaco.com.ar\/?p=14397"},"modified":"2024-11-05T12:19:35","modified_gmt":"2024-11-05T15:19:35","slug":"djokovic-anuncio-que-no-jugara-las-atp-finals","status":"publish","type":"post","link":"https:\/\/www.sportchaco.com.ar\/?p=14397","title":{"rendered":"Djokovic anunci\u00f3 que no jugar\u00e1 las ATP Finals"},"content":{"rendered":"<p><strong>5\/11\/2024<\/strong><\/p>\n<p>El tenista serbio Novak Djokovic anunci\u00f3 que no jugar\u00e1 las ATP Finals debido a una lesi\u00f3n, por lo que no volver\u00eda de manera oficial a las canchas hasta el 2025.<\/p>\n<p>A trav\u00e9s de un comunicado en sus redes sociales, Djokovic dijo que \u201ces un gran honor clasificarse para las Nitto ATP Finals en Tur\u00edn. Ten\u00eda muchas ganas de estar all\u00ed\u201d, pero cont\u00f3 que \u201cdebido a una lesi\u00f3n no jugar\u00e9 la pr\u00f3xima semana. Disculpas a aquellos que planeaban verme. Les deseo a todos los jugadores un gran torneo. Nos vemos pronto\u201d.<\/p>\n<p>De esta manera, Djokovic da por finalizada una temporada que fue de mayor a menor, que arranc\u00f3 con unos flojos resultados que le hicieron perder el n\u00famero 1 del ranking. Sin embargo, luego de operarse por una lesi\u00f3n en la rodilla, alcanz\u00f3 la final en Wimbledon y consigui\u00f3 la medalla de oro en los Juegos Ol\u00edmpicos de Par\u00eds, en uno de los momentos m\u00e1s emotivos de su carrera.<\/p>\n<p>Su \u00faltimo torneo oficial en la temporada fue el Masters 1000 de Shangh\u00e1i, donde perdi\u00f3 en la final ante el italiano y actual n\u00famero 1 del mundo, Jannik Sinner.<\/p>\n<p>Djokovic es el m\u00e1ximo ganador en la historia de las ATP Finals, con siete conquistas. La primera fue en 2008, luego lo hizo cuatro veces seguidas entre 2012 y 2015, mientras que tambi\u00e9n se qued\u00f3 con las \u00faltimas dos ediciones, en 2022 y 2023. Adem\u00e1s, perdi\u00f3 la final en 2016 (contra Andy Murray) y en 2018 (ante Alexander Zverev).<\/p>\n<p>La baja de Djokovic provoc\u00f3 que ya queden confirmados todos los clasificados a las ATP Finals 2024.<\/p>\n<p>Jannik Sinner, Alexander Zverev, Carlos Alcaraz, Daniil Medvedev y Taylor Fritz ya ten\u00edan un lugar asegurado, mientras que Casper Ruud, Alex de Mi\u00f1aur y Andrey Rublev consiguieron en boleto a Tur\u00edn luego de la baja del \u00faltimo bicampe\u00f3n.<\/p>\n<p>Las ATP Finals se pondr\u00e1n en marcha el 10 de noviembre y se extender\u00e1n hasta el domingo 17, marcando el final de la temporada 2024 antes de las Finales de la Copa Davis.<\/p>\n<p><img loading=\"lazy\" decoding=\"async\" class=\"size-full wp-image-14093 aligncenter\" src=\"https:\/\/www.sportchaco.com.ar\/wp-content\/uploads\/2024\/10\/CHACO-JUEGA-BANNERS-1_250X250-1-1.gif\" alt=\"\" width=\"250\" height=\"250\" \/><\/p>\n","protected":false},"excerpt":{"rendered":"<p>5\/11\/2024 El tenista serbio Novak Djokovic anunci\u00f3 que no jugar\u00e1 las ATP Finals debido a una lesi\u00f3n, por lo que no volver\u00eda de manera oficial a las canchas hasta el 2025. A trav\u00e9s de un comunicado en sus redes sociales, Djokovic dijo que \u201ces un gran honor clasificarse para las Nitto ATP Finals en Tur\u00edn. &hellip;<\/p>\n","protected":false},"author":5,"featured_media":14398,"comment_status":"open","ping_status":"open","sticky":false,"template":"","format":"standard","meta":{"footnotes":""},"categories":[46],"tags":[],"class_list":["post-14397","post","type-post","status-publish","format-standard","has-post-thumbnail","hentry","category-tenis"],"_links":{"self":[{"href":"https:\/\/www.sportchaco.com.ar\/index.php?rest_route=\/wp\/v2\/posts\/14397","targetHints":{"allow":["GET"]}}],"collection":[{"href":"https:\/\/www.sportchaco.com.ar\/index.php?rest_route=\/wp\/v2\/posts"}],"about":[{"href":"https:\/\/www.sportchaco.com.ar\/index.php?rest_route=\/wp\/v2\/types\/post"}],"author":[{"embeddable":true,"href":"https:\/\/www.sportchaco.com.ar\/index.php?rest_route=\/wp\/v2\/users\/5"}],"replies":[{"embeddable":true,"href":"https:\/\/www.sportchaco.com.ar\/index.php?rest_route=%2Fwp%2Fv2%2Fcomments&post=14397"}],"version-history":[{"count":1,"href":"https:\/\/www.sportchaco.com.ar\/index.php?rest_route=\/wp\/v2\/posts\/14397\/revisions"}],"predecessor-version":[{"id":14399,"href":"https:\/\/www.sportchaco.com.ar\/index.php?rest_route=\/wp\/v2\/posts\/14397\/revisions\/14399"}],"wp:featuredmedia":[{"embeddable":true,"href":"https:\/\/www.sportchaco.com.ar\/index.php?rest_route=\/wp\/v2\/media\/14398"}],"wp:attachment":[{"href":"https:\/\/www.sportchaco.com.ar\/index.php?rest_route=%2Fwp%2Fv2%2Fmedia&parent=14397"}],"wp:term":[{"taxonomy":"category","embeddable":true,"href":"https:\/\/www.sportchaco.com.ar\/index.php?rest_route=%2Fwp%2Fv2%2Fcategories&post=14397"},{"taxonomy":"post_tag","embeddable":true,"href":"https:\/\/www.sportchaco.com.ar\/index.php?rest_route=%2Fwp%2Fv2%2Ftags&post=14397"}],"curies":[{"name":"wp","href":"https:\/\/api.w.org\/{rel}","templated":true}]}}