{"id":14431,"date":"2024-11-06T20:45:45","date_gmt":"2024-11-06T23:45:45","guid":{"rendered":"https:\/\/www.sportchaco.com.ar\/?p=14431"},"modified":"2024-11-08T12:44:38","modified_gmt":"2024-11-08T15:44:38","slug":"los-chaquenos-tienen-todo-confirmado-para-la-quinta-fecha","status":"publish","type":"post","link":"https:\/\/www.sportchaco.com.ar\/?p=14431","title":{"rendered":"Los chaque\u00f1os tienen todo confirmado para la quinta fecha"},"content":{"rendered":"<p><strong>06-11-2024<\/strong><\/p>\n<p><img loading=\"lazy\" decoding=\"async\" class=\" wp-image-11990 aligncenter\" src=\"https:\/\/www.sportchaco.com.ar\/wp-content\/uploads\/2024\/07\/Copy-of-CHACO-JUEGA-BANNERS-1_1200X200-1-300x50.gif\" sizes=\"auto, (max-width: 402px) 100vw, 402px\" srcset=\"https:\/\/www.sportchaco.com.ar\/wp-content\/uploads\/2024\/07\/Copy-of-CHACO-JUEGA-BANNERS-1_1200X200-1-300x50.gif 300w, https:\/\/www.sportchaco.com.ar\/wp-content\/uploads\/2024\/07\/Copy-of-CHACO-JUEGA-BANNERS-1_1200X200-1-1024x171.gif 1024w, https:\/\/www.sportchaco.com.ar\/wp-content\/uploads\/2024\/07\/Copy-of-CHACO-JUEGA-BANNERS-1_1200X200-1-768x128.gif 768w\" alt=\"\" width=\"402\" height=\"67\" \/><\/p>\n<p>El Consejo Federal de F\u00fatbol dio a conocer los d\u00edas, horarios y ternas arbitrales para la 5\u00aa fecha de la Regi\u00f3n Litoral Norte del Regional Amateur.<\/p>\n<p>Villa Alvear y Resistencia Central podr\u00edan asegurar su clasificaci\u00f3n a la segunda llave del campeonato de conseguir este fin de semana un triunfo. Ambos ir\u00e1n, por sus respectivos grupos, en condici\u00f3n de visitante.<\/p>\n<p>El \u00abfunebrero\u00bb visitar\u00e1 el s\u00e1bado a Pabell\u00f3n Argentino de Las Palmas y el \u00abalbo\u00bb de Villa Mar\u00edn, el domingo, a R\u00edo Teuco en Pampa del Indio.<\/p>\n<p>Qui\u00e9n jugar\u00e1 de local, ante Municipal de La Leonesa, ser\u00e1 Fontana en la zona 2 con la urgencia de sumar de a tres para mantener chances de clasificaci\u00f3n. El encuentro ir\u00e1 este domingo a las 18:15 horas.<\/p>\n<p>A continuaci\u00f3n la programaci\u00f3n para todos los equipos de la provincia.<\/p>\n<p><strong>TODA LA 5\u00aa FECHA<\/strong><br \/>\n<strong>ZONA 1<\/strong><br \/>\n<strong>S\u00e1bado 09-11<\/strong><br \/>\nA las 17, Pabell\u00f3n Argentino (Las Palmas) &#8211; Villa Alvear<br \/>\n<strong>\u00c1rbitro:<\/strong> Nicol\u00e1s Cabral. <strong>Asistentes:<\/strong> \u00c1ngel D\u00edaz y V\u00edctor Ibarra (terna de Gral. San Mart\u00edn)<\/p>\n<p><strong>Domingo 10-11<\/strong><br \/>\nA las 18:15, Fontana &#8211; Municipal (La Leonesa)<br \/>\n<strong>\u00c1rbitro:<\/strong> Sergio Soria. <strong>Asistentes:<\/strong> Leonardo Kitoff y Melani Basiluk (terna de Villa \u00c1ngela)<\/p>\n<p><strong>POSICIONES<\/strong><br \/>\nVilla Alvear 10<br \/>\nDep. Municipal 5<br \/>\nPabell\u00f3n Argentino 4<br \/>\nFontana 2<\/p>\n<p>&nbsp;<\/p>\n<p><strong>ZONA 2<\/strong><br \/>\n<strong>Domingo 10-11<\/strong><br \/>\nA las 17:30, R\u00edo Teuco (Pampa del Indio) &#8211; Resistencia Central<br \/>\n<strong>\u00c1rbitro:<\/strong> Dar\u00edo P\u00e9rez. <strong>Asistentes:<\/strong> Dar\u00edo Aguirre y Luciano Silva (terna de Quitilipi)<\/p>\n<p>A las 17:30, El Fort\u00edn (Machagai) &#8211; Belgrano (San Mart\u00edn)<br \/>\n<strong>\u00c1rbitro:<\/strong> Diego De Jes\u00fas. <strong>Asistentes:<\/strong> Alberto Coronel Rojas y Lautaro Nalda Aguero (terna de Las Bre\u00f1as)<\/p>\n<p><strong>POSICIONES<\/strong><br \/>\nRcia. Central 10<br \/>\nBelgrano 5<br \/>\nR\u00edo Teuco 5<br \/>\nEl Fort\u00edn 1<\/p>\n<p>&nbsp;<\/p>\n<p><strong>ZONA 3<\/strong><br \/>\n<strong>Domingo 10-11<\/strong><br \/>\nA las 17, Potrero (Quitilipi) &#8211; Textil (Villa \u00c1ngela)<br \/>\n<strong>\u00c1rbitro:<\/strong> Mauricio Aquino Fari\u00f1a. <strong>Asistentes:<\/strong> Marcos Sabalich y Agust\u00edn Alegre (terna de Machagai)<\/p>\n<p><strong>Libre:<\/strong> Gral. Belgrano (Quitilipi)<\/p>\n<p><strong>POSICIONES<\/strong><br \/>\nPotrero 4<br \/>\nGral. Belgrano 4<br \/>\nTextil 3<\/p>\n<p>&nbsp;<\/p>\n<p><strong>ZONA 4<\/strong><br \/>\n<strong>Domingo 10-11<br \/>\n<\/strong>A las 17, Comercio (Santa Sylvina) &#8211; Cultural (Castelli)<br \/>\n<strong>\u00c1rbitro:<\/strong> Diego Mitoire. <strong>Asistentes:<\/strong> Fernanda Cussigh y Bautista Gonz\u00e1lez (terna de Resistencia)<\/p>\n<p>A las 17:30, Sportivo Pampa (Pampa del Infierno) &#8211; Avenida FC (Villa \u00c1ngela)<br \/>\n<strong>\u00c1rbitro:<\/strong> Fernando Brillada. <strong>Asistentes:<\/strong> Dar\u00edo G\u00f3mez y Claudio Casco (terna de Resistencia)<\/p>\n<p><strong>POSICIONES<\/strong><br \/>\nSportivo Pampa 7<br \/>\nAvenida FC 6<br \/>\nCultural 5<br \/>\nComercio 4<\/p>\n<p>&nbsp;<\/p>\n<p><em><strong>Foto: Gentileza Pedro Ariel Meza<\/strong><\/em><\/p>\n<p><img loading=\"lazy\" decoding=\"async\" class=\" wp-image-12986 aligncenter\" src=\"https:\/\/www.sportchaco.com.ar\/wp-content\/uploads\/2024\/09\/CHACO-JUEGA-BANNERS-1_300X250-1.gif\" alt=\"\" width=\"384\" height=\"320\" \/><\/p>\n","protected":false},"excerpt":{"rendered":"<p>06-11-2024 El Consejo Federal de F\u00fatbol dio a conocer los d\u00edas, horarios y ternas arbitrales para la 5\u00aa fecha de la Regi\u00f3n Litoral Norte del Regional Amateur. Villa Alvear y Resistencia Central podr\u00edan asegurar su clasificaci\u00f3n a la segunda llave del campeonato de conseguir este fin de semana un triunfo. Ambos ir\u00e1n, por sus respectivos &hellip;<\/p>\n","protected":false},"author":3,"featured_media":14432,"comment_status":"open","ping_status":"open","sticky":false,"template":"","format":"standard","meta":{"footnotes":""},"categories":[5],"tags":[],"class_list":["post-14431","post","type-post","status-publish","format-standard","has-post-thumbnail","hentry","category-futbol"],"_links":{"self":[{"href":"https:\/\/www.sportchaco.com.ar\/index.php?rest_route=\/wp\/v2\/posts\/14431","targetHints":{"allow":["GET"]}}],"collection":[{"href":"https:\/\/www.sportchaco.com.ar\/index.php?rest_route=\/wp\/v2\/posts"}],"about":[{"href":"https:\/\/www.sportchaco.com.ar\/index.php?rest_route=\/wp\/v2\/types\/post"}],"author":[{"embeddable":true,"href":"https:\/\/www.sportchaco.com.ar\/index.php?rest_route=\/wp\/v2\/users\/3"}],"replies":[{"embeddable":true,"href":"https:\/\/www.sportchaco.com.ar\/index.php?rest_route=%2Fwp%2Fv2%2Fcomments&post=14431"}],"version-history":[{"count":3,"href":"https:\/\/www.sportchaco.com.ar\/index.php?rest_route=\/wp\/v2\/posts\/14431\/revisions"}],"predecessor-version":[{"id":14484,"href":"https:\/\/www.sportchaco.com.ar\/index.php?rest_route=\/wp\/v2\/posts\/14431\/revisions\/14484"}],"wp:featuredmedia":[{"embeddable":true,"href":"https:\/\/www.sportchaco.com.ar\/index.php?rest_route=\/wp\/v2\/media\/14432"}],"wp:attachment":[{"href":"https:\/\/www.sportchaco.com.ar\/index.php?rest_route=%2Fwp%2Fv2%2Fmedia&parent=14431"}],"wp:term":[{"taxonomy":"category","embeddable":true,"href":"https:\/\/www.sportchaco.com.ar\/index.php?rest_route=%2Fwp%2Fv2%2Fcategories&post=14431"},{"taxonomy":"post_tag","embeddable":true,"href":"https:\/\/www.sportchaco.com.ar\/index.php?rest_route=%2Fwp%2Fv2%2Ftags&post=14431"}],"curies":[{"name":"wp","href":"https:\/\/api.w.org\/{rel}","templated":true}]}}