{"id":14442,"date":"2024-11-06T22:52:09","date_gmt":"2024-11-07T01:52:09","guid":{"rendered":"https:\/\/www.sportchaco.com.ar\/?p=14442"},"modified":"2024-11-06T22:52:09","modified_gmt":"2024-11-07T01:52:09","slug":"efemerides-del-7-de-noviembre-2","status":"publish","type":"post","link":"https:\/\/www.sportchaco.com.ar\/?p=14442","title":{"rendered":"Efem\u00e9rides del 7 de noviembre"},"content":{"rendered":"<p><strong>Esta es la Efem\u00e9rides del Deporte en el Chaco de un 7 de noviembre del periodista Luis Dar\u00edo Molodezky.<\/strong><\/p>\n<p><img loading=\"lazy\" decoding=\"async\" class=\"alignnone size-medium wp-image-2524\" src=\"https:\/\/www.sportchaco.com.ar\/wp-content\/uploads\/2023\/11\/Luis-2023-224x300.jpg\" sizes=\"auto, (max-width: 224px) 100vw, 224px\" srcset=\"https:\/\/www.sportchaco.com.ar\/wp-content\/uploads\/2023\/11\/Luis-2023-224x300.jpg 224w, https:\/\/www.sportchaco.com.ar\/wp-content\/uploads\/2023\/11\/Luis-2023.jpg 351w\" alt=\"\" width=\"224\" height=\"300\" \/><\/p>\n<p>&nbsp;<\/p>\n<p>&nbsp;<\/p>\n<h4><strong><em>D\u00eda del Periodista Deportivo.<\/em><\/strong><\/h4>\n<h4><strong><em>\u00a0<\/em><\/strong><\/h4>\n<p>&nbsp;<\/p>\n<p><strong>1997<\/strong> \/ Asociaci\u00f3n Italiana deja inaugurado el complejo<br \/>\ndeportivo y cultural. La construcci\u00f3n se inici\u00f3 en 1991.<\/p>\n<p>&nbsp;<\/p>\n<p><strong>2013<\/strong> \/ Se inaugura la sede del C\u00edrculo de Periodistas Deportivos en la avenida Italia 1146, con la presencia del gobernador Jorge Capitanich. La obra se realiz\u00f3 a trav\u00e9s de una inversi\u00f3n de un mill\u00f3n de pesos de Loter\u00eda Chaque\u00f1a. El terreno fue una donaci\u00f3n del Sindicato de Prensa del Chaco, que a su vez recibi\u00f3 el local de L\u00f3pez y Planes 856, donde funcionaba el C\u00edrculo. Estuvo presente el presidente de Loter\u00eda, Dar\u00edo Kohli, gran impulsor de la obra y estuvo toda la comisi\u00f3n del C\u00edrculo encabezada por Luis Dar\u00edo Molodezky. El edificio tiene dos plantas con 340 metros cuadrados de extensi\u00f3n, con un amplio sal\u00f3n para la realizaci\u00f3n de conferencias, convenciones y diversas actividades.<\/p>\n<p><strong>Foto del corte de cintas en la inauguraci\u00f3n de la sede del CPDCh con la presencia del actual\u00a0gobernador Zdero, P\u00e9rtile, Molodezky, Kohli, Capitanich y Peppo.<\/strong><\/p>\n<p><strong>\u00a0<\/strong><\/p>\n","protected":false},"excerpt":{"rendered":"<p>Esta es la Efem\u00e9rides del Deporte en el Chaco de un 7 de noviembre del periodista Luis Dar\u00edo Molodezky. &nbsp; &nbsp; D\u00eda del Periodista Deportivo. \u00a0 &nbsp; 1997 \/ Asociaci\u00f3n Italiana deja inaugurado el complejo deportivo y cultural. La construcci\u00f3n se inici\u00f3 en 1991. &nbsp; 2013 \/ Se inaugura la sede del C\u00edrculo de Periodistas &hellip;<\/p>\n","protected":false},"author":2,"featured_media":14443,"comment_status":"open","ping_status":"open","sticky":false,"template":"","format":"standard","meta":{"footnotes":""},"categories":[45,41],"tags":[],"class_list":["post-14442","post","type-post","status-publish","format-standard","has-post-thumbnail","hentry","category-efemerides-dia-por-dia","category-noviembre"],"_links":{"self":[{"href":"https:\/\/www.sportchaco.com.ar\/index.php?rest_route=\/wp\/v2\/posts\/14442","targetHints":{"allow":["GET"]}}],"collection":[{"href":"https:\/\/www.sportchaco.com.ar\/index.php?rest_route=\/wp\/v2\/posts"}],"about":[{"href":"https:\/\/www.sportchaco.com.ar\/index.php?rest_route=\/wp\/v2\/types\/post"}],"author":[{"embeddable":true,"href":"https:\/\/www.sportchaco.com.ar\/index.php?rest_route=\/wp\/v2\/users\/2"}],"replies":[{"embeddable":true,"href":"https:\/\/www.sportchaco.com.ar\/index.php?rest_route=%2Fwp%2Fv2%2Fcomments&post=14442"}],"version-history":[{"count":1,"href":"https:\/\/www.sportchaco.com.ar\/index.php?rest_route=\/wp\/v2\/posts\/14442\/revisions"}],"predecessor-version":[{"id":14444,"href":"https:\/\/www.sportchaco.com.ar\/index.php?rest_route=\/wp\/v2\/posts\/14442\/revisions\/14444"}],"wp:featuredmedia":[{"embeddable":true,"href":"https:\/\/www.sportchaco.com.ar\/index.php?rest_route=\/wp\/v2\/media\/14443"}],"wp:attachment":[{"href":"https:\/\/www.sportchaco.com.ar\/index.php?rest_route=%2Fwp%2Fv2%2Fmedia&parent=14442"}],"wp:term":[{"taxonomy":"category","embeddable":true,"href":"https:\/\/www.sportchaco.com.ar\/index.php?rest_route=%2Fwp%2Fv2%2Fcategories&post=14442"},{"taxonomy":"post_tag","embeddable":true,"href":"https:\/\/www.sportchaco.com.ar\/index.php?rest_route=%2Fwp%2Fv2%2Ftags&post=14442"}],"curies":[{"name":"wp","href":"https:\/\/api.w.org\/{rel}","templated":true}]}}