{"id":14459,"date":"2024-11-07T23:00:43","date_gmt":"2024-11-08T02:00:43","guid":{"rendered":"https:\/\/www.sportchaco.com.ar\/?p=14459"},"modified":"2024-11-08T08:18:28","modified_gmt":"2024-11-08T11:18:28","slug":"efemerides-de-8-de-noviembre","status":"publish","type":"post","link":"https:\/\/www.sportchaco.com.ar\/?p=14459","title":{"rendered":"Efem\u00e9rides de 8 de noviembre"},"content":{"rendered":"<p><strong>Esta es la Efem\u00e9rides del Deporte en el Chaco de un 8 de noviembre del periodista Luis Dar\u00edo Molodezky.<\/strong><\/p>\n<p><strong> <img loading=\"lazy\" decoding=\"async\" class=\"alignnone size-medium wp-image-14460\" src=\"https:\/\/www.sportchaco.com.ar\/wp-content\/uploads\/2024\/11\/Molodezky-Luis-300x199.jpg\" alt=\"\" width=\"300\" height=\"199\" srcset=\"https:\/\/www.sportchaco.com.ar\/wp-content\/uploads\/2024\/11\/Molodezky-Luis-300x199.jpg 300w, https:\/\/www.sportchaco.com.ar\/wp-content\/uploads\/2024\/11\/Molodezky-Luis-768x508.jpg 768w, https:\/\/www.sportchaco.com.ar\/wp-content\/uploads\/2024\/11\/Molodezky-Luis.jpg 772w\" sizes=\"auto, (max-width: 300px) 100vw, 300px\" \/><\/strong><\/p>\n<p><strong>1939<\/strong> \/ Se funda en Presidencia Roque S\u00e1enz Pe\u00f1a el \u00abClub Social\u00bb, en la misma sede que ocupa actualmente.<\/p>\n<p><strong>1948 <\/strong>\/ El chaque\u00f1o Eduardo Ger\u00f3nimo Orcola con su Chevrolet N\u00ba 46, arriba decimotercero en la carrera Buenos Aires-Caracas, en aquella carrera de conflictiva definici\u00f3n ganada por Toscanito Marim\u00f3n.<\/p>\n<p>&nbsp;<\/p>\n<p><strong>1985 <\/strong>\/ Sale por primera vez al aire el primer programa deportivo en la nueva Radio Chaco, LRH 251, y que lleva por nombre La Voz del deporte. Integraron el primer equipo Edmundo Duncan Molina, Emilio Miguel Lagranja, Eduardo Rub\u00e9n Ferreyra, Alejandro Lionel Cardozo, Ricardo Coco Ruiz y Marcelo Lagranja.<\/p>\n","protected":false},"excerpt":{"rendered":"<p>Esta es la Efem\u00e9rides del Deporte en el Chaco de un 8 de noviembre del periodista Luis Dar\u00edo Molodezky. 1939 \/ Se funda en Presidencia Roque S\u00e1enz Pe\u00f1a el \u00abClub Social\u00bb, en la misma sede que ocupa actualmente. 1948 \/ El chaque\u00f1o Eduardo Ger\u00f3nimo Orcola con su Chevrolet N\u00ba 46, arriba decimotercero en la carrera &hellip;<\/p>\n","protected":false},"author":2,"featured_media":14461,"comment_status":"open","ping_status":"open","sticky":false,"template":"","format":"standard","meta":{"footnotes":""},"categories":[45,41],"tags":[],"class_list":["post-14459","post","type-post","status-publish","format-standard","has-post-thumbnail","hentry","category-efemerides-dia-por-dia","category-noviembre"],"_links":{"self":[{"href":"https:\/\/www.sportchaco.com.ar\/index.php?rest_route=\/wp\/v2\/posts\/14459","targetHints":{"allow":["GET"]}}],"collection":[{"href":"https:\/\/www.sportchaco.com.ar\/index.php?rest_route=\/wp\/v2\/posts"}],"about":[{"href":"https:\/\/www.sportchaco.com.ar\/index.php?rest_route=\/wp\/v2\/types\/post"}],"author":[{"embeddable":true,"href":"https:\/\/www.sportchaco.com.ar\/index.php?rest_route=\/wp\/v2\/users\/2"}],"replies":[{"embeddable":true,"href":"https:\/\/www.sportchaco.com.ar\/index.php?rest_route=%2Fwp%2Fv2%2Fcomments&post=14459"}],"version-history":[{"count":1,"href":"https:\/\/www.sportchaco.com.ar\/index.php?rest_route=\/wp\/v2\/posts\/14459\/revisions"}],"predecessor-version":[{"id":14462,"href":"https:\/\/www.sportchaco.com.ar\/index.php?rest_route=\/wp\/v2\/posts\/14459\/revisions\/14462"}],"wp:featuredmedia":[{"embeddable":true,"href":"https:\/\/www.sportchaco.com.ar\/index.php?rest_route=\/wp\/v2\/media\/14461"}],"wp:attachment":[{"href":"https:\/\/www.sportchaco.com.ar\/index.php?rest_route=%2Fwp%2Fv2%2Fmedia&parent=14459"}],"wp:term":[{"taxonomy":"category","embeddable":true,"href":"https:\/\/www.sportchaco.com.ar\/index.php?rest_route=%2Fwp%2Fv2%2Fcategories&post=14459"},{"taxonomy":"post_tag","embeddable":true,"href":"https:\/\/www.sportchaco.com.ar\/index.php?rest_route=%2Fwp%2Fv2%2Ftags&post=14459"}],"curies":[{"name":"wp","href":"https:\/\/api.w.org\/{rel}","templated":true}]}}