{"id":14545,"date":"2024-11-10T22:38:25","date_gmt":"2024-11-11T01:38:25","guid":{"rendered":"https:\/\/www.sportchaco.com.ar\/?p=14545"},"modified":"2024-11-10T22:38:25","modified_gmt":"2024-11-11T01:38:25","slug":"centro-juvenil-de-santa-sylvina-se-posiciona-en-los-planos-provinciales","status":"publish","type":"post","link":"https:\/\/www.sportchaco.com.ar\/?p=14545","title":{"rendered":"Centro Juvenil de Santa Sylvina se posiciona en los planos provinciales"},"content":{"rendered":"<p><strong>10-11-2024<\/strong><\/p>\n<p><img loading=\"lazy\" decoding=\"async\" class=\" wp-image-9468 aligncenter\" src=\"https:\/\/www.sportchaco.com.ar\/wp-content\/uploads\/2024\/05\/Nachec-728x90-2-300x37.gif\" alt=\"\" width=\"373\" height=\"46\" \/><\/p>\n<p>El Club Centro Juvenil contin\u00faa por un pleno crecimiento y desarrollo, teniendo grandes objetivos a nivel infraestructura, como as\u00ed tambi\u00e9n continuar fortaleciendo todas sus categor\u00edas en materia deportiva. Vale remarcar que el pasado 7 de noviembre asumi\u00f3 la nueva comisi\u00f3n directiva, con mandato durante dos a\u00f1os. En el 2008 la instituci\u00f3n consigue la tan ansiada personer\u00eda jur\u00eddica con matr\u00edcula Numero 2474 por Decreto 461\/2008.<\/p>\n<p>Esta instituci\u00f3n sylvinense fue fundada el 25 de septiembre del a\u00f1o 1968, por iniciativa de un entusiasta de un grupo de socios y empleados de la Cooperativa Agropecuaria Santa Sylvina Algodonera Limitada(CASSAL) con la finalidad de que los j\u00f3venes encuentren el espacio para practicar actividades deportivas, donde el f\u00fatbol la disciplina por excelencia la que se fue imponiendo. En este 2024 la instituci\u00f3n cumpli\u00f3 56 a\u00f1os de vida institucional.<\/p>\n<p>El debut oficial se produjo el 13 de julio de 1969. Desde aqu\u00e9l entonces el \u201cClub Agrario\u201d, como se lo identifica, se halla afiliado a la Asociaci\u00f3n de F\u00fatbol del Oeste Chaque\u00f1o (AFOCH) y han pasado por sus planteles una infinidad de glorias del f\u00fatbol sylvinense y de la regi\u00f3n que a\u00fan quedan en los anales de su rica y dilatada historia.<\/p>\n<p>Los a\u00f1os fueron pasando y el prestigio del Centro Juvenil en la liga iba creciendo d\u00eda a d\u00eda, transform\u00e1ndolo en un animador importante de los cert\u00e1menes organizados por A.F.O.Ch, consiguiendo consiguiendo su primer t\u00edtulo en la segunda divisi\u00f3n en el a\u00f1o 1978 con lo cual regresa primera divisi\u00f3n.<\/p>\n<p>El hincha apasionado de Juvenil siempre acompa\u00f1\u00f3 y sigue a su equipo muy de cerca; y desde la perspectiva de sus dirigentes a comienzos de la d\u00e9cada del 80 comenzaron con la construcci\u00f3n de las tribunas para que la gente que iba al estadio est\u00e9 c\u00f3modamente sentada. A la ya construcci\u00f3n de los vestuarios con t\u00fanel para salir al campo de juego se le sumaba esta obra casi majestuosa para la \u00e9poca; en el a\u00f1o 1982 quedan oficialmente inauguradas.<\/p>\n<p>A partir del a\u00f1o 2004 tambi\u00e9n el equipo de la avenida Alem obtuvo una seguidilla de campeonatos en torneos organizados por la Asociaci\u00f3n de F\u00fatbol del Oeste Chaque\u00f1o (AFOCH) m\u00e1s precisamente en los a\u00f1os 2006, 2008, 2009, 2011, 2013, 2014 y 2022, por lo que hoy 9 estrellas representan sus campeonatos en AFOCH y por ende trofeos varios que galardonan sus vitrinas.\u00a0 Ya en el 2005 el Centro Juvenil disput\u00f3 por primera vez el Torneo Federativo y en el 2008 juega el primer Torneo del Interior, de un total de seis, 2009, 2010, 2011, 2013 y 2015.<\/p>\n<p><strong>La nueva comisi\u00f3n directiva<br \/>\n<\/strong>El pasado 7 de noviembre, se proclam\u00f3 la nueva comisi\u00f3n directiva, conformada por hinchas hist\u00f3ricos de esta instituci\u00f3n. La misma est\u00e1 integrada por: N\u00e9stor Schultz (presidente); Daniel S\u00e1nchez (vicepresidente); Norma Rodr\u00edguez (secretaria); Griselda Mi\u00f1o (tesorera); Ileana Ram\u00edrez (vocal titular 1\u00b0); Antonio Zalazar (vocal titular 2\u00b0); Ra\u00fal Alderete (vocal titular 3\u00b0); Abel Zalazar (vocal suplente 1\u00b0); Silvia Mandziuk (vocal suplente 2\u00b0); Maida Gervasoni (vocal suplente 3\u00b0); Yanina Morales (revisora de cuentas titular); y Luis P\u00e9rez (revisor de cuentas suplente).<\/p>\n<p><strong>Trabajo en conjunto con el Municipio<br \/>\n<\/strong>El Club Centro Juvenil ha recibido varios aportes econ\u00f3micos del Municipio de Santa Sylvina, donde cuando la instituci\u00f3n juega de visitante, el equipo se traslada en un micro municipal, adem\u00e1s de que la comuna colabora en un alto porcentaje con un merendero para las inferiores y ha otorgado en comodato un terreno de 100metros por 65 metros donde funcionan dos canchas de 7 jugadores y un sector con parrilleros. \u201cObviamente sumamente agradecidos con la intendente Susana Maggio, pues en gobiernos municipales y provinciales anteriores no hemos recibido ning\u00fan tipo de colaboraci\u00f3n o aportes\u201d.<\/p>\n<p><strong>Prioridades y desaf\u00edos<br \/>\n<\/strong>Con respecto a las prioridades de esta nueva comisi\u00f3n directiva, las mismas est\u00e1n trazadas en \u201cmejorar el sistema lum\u00ednico y realizar gestiones con Provincia y Naci\u00f3n para acceder a aportes econ\u00f3micos que nos permita reformar nuestra tribuna, siendo este el objetivo primordial\u201d, remarcando desde la flamante comisi\u00f3n directiva que \u201ctambi\u00e9n queremos seguir participando con las inferioresen los distintos cert\u00e1menes y creemos que va a ser factible\u201d.<\/p>\n<p><img loading=\"lazy\" decoding=\"async\" class=\" wp-image-9671 aligncenter\" src=\"https:\/\/www.sportchaco.com.ar\/wp-content\/uploads\/2024\/05\/Nachec1-200x200-1.gif\" alt=\"\" width=\"276\" height=\"276\" \/><\/p>\n","protected":false},"excerpt":{"rendered":"<p>10-11-2024 El Club Centro Juvenil contin\u00faa por un pleno crecimiento y desarrollo, teniendo grandes objetivos a nivel infraestructura, como as\u00ed tambi\u00e9n continuar fortaleciendo todas sus categor\u00edas en materia deportiva. Vale remarcar que el pasado 7 de noviembre asumi\u00f3 la nueva comisi\u00f3n directiva, con mandato durante dos a\u00f1os. En el 2008 la instituci\u00f3n consigue la tan &hellip;<\/p>\n","protected":false},"author":3,"featured_media":14546,"comment_status":"open","ping_status":"open","sticky":false,"template":"","format":"standard","meta":{"footnotes":""},"categories":[8],"tags":[],"class_list":["post-14545","post","type-post","status-publish","format-standard","has-post-thumbnail","hentry","category-sport-nea"],"_links":{"self":[{"href":"https:\/\/www.sportchaco.com.ar\/index.php?rest_route=\/wp\/v2\/posts\/14545","targetHints":{"allow":["GET"]}}],"collection":[{"href":"https:\/\/www.sportchaco.com.ar\/index.php?rest_route=\/wp\/v2\/posts"}],"about":[{"href":"https:\/\/www.sportchaco.com.ar\/index.php?rest_route=\/wp\/v2\/types\/post"}],"author":[{"embeddable":true,"href":"https:\/\/www.sportchaco.com.ar\/index.php?rest_route=\/wp\/v2\/users\/3"}],"replies":[{"embeddable":true,"href":"https:\/\/www.sportchaco.com.ar\/index.php?rest_route=%2Fwp%2Fv2%2Fcomments&post=14545"}],"version-history":[{"count":1,"href":"https:\/\/www.sportchaco.com.ar\/index.php?rest_route=\/wp\/v2\/posts\/14545\/revisions"}],"predecessor-version":[{"id":14547,"href":"https:\/\/www.sportchaco.com.ar\/index.php?rest_route=\/wp\/v2\/posts\/14545\/revisions\/14547"}],"wp:featuredmedia":[{"embeddable":true,"href":"https:\/\/www.sportchaco.com.ar\/index.php?rest_route=\/wp\/v2\/media\/14546"}],"wp:attachment":[{"href":"https:\/\/www.sportchaco.com.ar\/index.php?rest_route=%2Fwp%2Fv2%2Fmedia&parent=14545"}],"wp:term":[{"taxonomy":"category","embeddable":true,"href":"https:\/\/www.sportchaco.com.ar\/index.php?rest_route=%2Fwp%2Fv2%2Fcategories&post=14545"},{"taxonomy":"post_tag","embeddable":true,"href":"https:\/\/www.sportchaco.com.ar\/index.php?rest_route=%2Fwp%2Fv2%2Ftags&post=14545"}],"curies":[{"name":"wp","href":"https:\/\/api.w.org\/{rel}","templated":true}]}}