{"id":14583,"date":"2024-11-12T23:39:52","date_gmt":"2024-11-13T02:39:52","guid":{"rendered":"https:\/\/www.sportchaco.com.ar\/?p=14583"},"modified":"2024-11-13T02:31:02","modified_gmt":"2024-11-13T05:31:02","slug":"el-dia-que-estrellas-del-futbol-argentino-llenaron-de-nostalgia-al-futbol-chaqueno","status":"publish","type":"post","link":"https:\/\/www.sportchaco.com.ar\/?p=14583","title":{"rendered":"El d\u00eda que estrellas del f\u00fatbol argentino llenaron de nostalgia al f\u00fatbol chaque\u00f1o"},"content":{"rendered":"<p><strong>13-11-2024<\/strong><\/p>\n<p><img loading=\"lazy\" decoding=\"async\" class=\" wp-image-11990 aligncenter\" src=\"https:\/\/www.sportchaco.com.ar\/wp-content\/uploads\/2024\/07\/Copy-of-CHACO-JUEGA-BANNERS-1_1200X200-1-300x50.gif\" alt=\"\" width=\"444\" height=\"74\" srcset=\"https:\/\/www.sportchaco.com.ar\/wp-content\/uploads\/2024\/07\/Copy-of-CHACO-JUEGA-BANNERS-1_1200X200-1-300x50.gif 300w, https:\/\/www.sportchaco.com.ar\/wp-content\/uploads\/2024\/07\/Copy-of-CHACO-JUEGA-BANNERS-1_1200X200-1-1024x171.gif 1024w, https:\/\/www.sportchaco.com.ar\/wp-content\/uploads\/2024\/07\/Copy-of-CHACO-JUEGA-BANNERS-1_1200X200-1-768x128.gif 768w\" sizes=\"auto, (max-width: 444px) 100vw, 444px\" \/><\/p>\n<p>El d\u00eda 13 de noviembre del a\u00f1o 1992, se realiz\u00f3 en la ciudad de Resistencia unos de los eventos deportivos m\u00e1s sobresaliente para la Provincia y la regi\u00f3n. Un grupo de futbolistas que conformaban el club Veteranos Sud Am\u00e9rica con Marcos Cima como presidente y que participaban en ese momento, en los torneos que organizaba la Asociaci\u00f3n de Veteranos, fueron los encargados de la organizaci\u00f3n.<\/p>\n<p>Fueron meses duros (casi 6 meses) de preparaci\u00f3n porque hab\u00eda que tener en cuenta que todas las estrellas del futbol que participaron, fueron contactadas personalmente en Buenos aires y convencerlas de venir al Chaco sin ning\u00fan respaldo oficial y totalmente invitados, el club se hizo cargo de los pasajes y la estad\u00eda, adem\u00e1s de no descuidar la gran cena show que se preparaba para alrededor de casi 1,000 personas.<\/p>\n<p>El evento se realiz\u00f3 en las instalaciones de la Sociedad Rural del Chaco, estuvieron en la conducci\u00f3n, los recordados (ya fallecidos) Horacio Reinaldo Vallejos y Edmundo Duncan Molina. Gran cantidad de importantes premios se sortearon, siendo el premio mayor un auto que lo gano Pinocho Garc\u00eda. La fiesta duro hasta el amanecer con una lluvia que comenz\u00f3 a las 20 y no paro en toda la noche, m\u00e1s de 200 mil\u00edmetros, toda la ciudad inundada. El servicio estuvo atendido por V\u00edctor Brest quien estuvo a la altura del acontecimiento.<\/p>\n<p>En el aspecto estrictamente deportivo, fueron agasajados los futbolistas chaque\u00f1os con trayectoria local y nacional. Se entregaron plaquetas a Horacio Panelo, Rolando\u00abfanfa\u00ab Veloso, Rodolfo \u00abkingo\u00ab Moreno, Lechero Ayala, Santos Oliveira, Juan Carlos \u00abArchie Moore\u00ab Rodr\u00edguez y por supuesto el m\u00e1s grande, el \u00abAlmirante\u00ab Nelson Mart\u00ednez, nunca antes a ninguno de ellos se le hizo un reconocimiento por su trayectoria.<\/p>\n<p>Estuvieron adem\u00e1s presente, Adolfo Pedernera, Silvio Marzolini, Ubaldo Ratt\u00edn, el chino Ben\u00edtez y y por parte de futbolistas argentinos agremiados, estuvieron Juan Carlos Touri\u00f1o, quien jug\u00f3 en el Real Madrid y Carlos Alberto Della Savia.<\/p>\n<p>Previo a dicho evento las estrellas del futbol argentino ofrecieron una conferencia de prensa en el hotel Covadonga y fueron recibidos por el entonces gobernador de la Provincia Dr. Rolando Tauguinas, salvo Ratt\u00edn y el Chino Ben\u00edtez, todos los dem\u00e1s fallecidos.<\/p>\n<p>Esa noche, se le entreg\u00f3 un petitorio a Carlos\u00a0 Della Savia para declarar el dia 13 de noviembre de cada a\u00f1o como el d\u00eda del futbolista veterano, cosa que a nivel nacional no prosper\u00f3, pero se sigui\u00f3 conmemorando en el Chaco .<\/p>\n<p>Se vivi\u00f3 una noche m\u00e1gica, donde muchos pudieron sacarse una foto con sus \u00eddolos, el m\u00e1s requerido por supuesto Adolfo Pedernera y Ubaldo Ratt\u00edn. Fue muy emotivo ver a Silvio Marzolini y Nelson Mart\u00ednez juntos despu\u00e9s de tantos a\u00f1os de haber compartido equipo en Ferrocarril Oeste.<\/p>\n<p>Razones de saludo impidieron la llegada de Antonio Roma y Amadeo Carrizo, quien a \u00faltimo momento no pudieron embarcarse.<\/p>\n<p>La satisfacci\u00f3n inmensa de este grupo de jugadores que conformaron el equipo de Sud Am\u00e9rica, no solo animador de los torneos de veteranos, sino organizador del mayor evento que se realiz\u00f3 en la provincia del Chaco, que con esfuerzo e ingenio hicieron posible este sue\u00f1o en realidad.<\/p>\n<p>Este 13 de noviembre del 2022 se cumplen 30 a\u00f1os de aquella epopeya chaque\u00f1a.<\/p>\n<p><img loading=\"lazy\" decoding=\"async\" class=\" wp-image-14586 aligncenter\" src=\"https:\/\/www.sportchaco.com.ar\/wp-content\/uploads\/2024\/11\/Silvio-Marzolini-con-Nelson-300x244.jpg\" alt=\"\" width=\"373\" height=\"303\" srcset=\"https:\/\/www.sportchaco.com.ar\/wp-content\/uploads\/2024\/11\/Silvio-Marzolini-con-Nelson-300x244.jpg 300w, https:\/\/www.sportchaco.com.ar\/wp-content\/uploads\/2024\/11\/Silvio-Marzolini-con-Nelson.jpg 567w\" sizes=\"auto, (max-width: 373px) 100vw, 373px\" \/><strong>\u00a0 \u00a0 \u00a0 \u00a0 \u00a0 \u00a0 \u00a0 \u00a0 \u00a0 \u00a0 \u00a0 \u00a0 \u00a0 \u00a0 \u00a0 \u00a0 \u00a0 \u00a0 \u00a0 \u00a0 \u00a0 \u00a0 \u00a0 \u00a0 \u00a0 \u00a0Silvio Marzolini y con Nelson Mart\u00ednez en 1992<\/strong><\/p>\n<p><img loading=\"lazy\" decoding=\"async\" class=\"size-medium wp-image-14584 aligncenter\" src=\"https:\/\/www.sportchaco.com.ar\/wp-content\/uploads\/2024\/11\/Pedernera-Luis-Arancibia-13-nov-92-300x188.jpg\" alt=\"\" width=\"300\" height=\"188\" srcset=\"https:\/\/www.sportchaco.com.ar\/wp-content\/uploads\/2024\/11\/Pedernera-Luis-Arancibia-13-nov-92-300x188.jpg 300w, https:\/\/www.sportchaco.com.ar\/wp-content\/uploads\/2024\/11\/Pedernera-Luis-Arancibia-13-nov-92-1024x643.jpg 1024w, https:\/\/www.sportchaco.com.ar\/wp-content\/uploads\/2024\/11\/Pedernera-Luis-Arancibia-13-nov-92-768x482.jpg 768w, https:\/\/www.sportchaco.com.ar\/wp-content\/uploads\/2024\/11\/Pedernera-Luis-Arancibia-13-nov-92.jpg 1207w\" sizes=\"auto, (max-width: 300px) 100vw, 300px\" \/><\/p>\n<p><strong>\u00a0 \u00a0 \u00a0 \u00a0 \u00a0 \u00a0 \u00a0 \u00a0 \u00a0 \u00a0 \u00a0 \u00a0 \u00a0 \u00a0 \u00a0 \u00a0 \u00a0 \u00a0 \u00a0 \u00a0 \u00a0 \u00a0 \u00a0 \u00a0 Pedernera con Molodezky y el dibujante Arancibia<\/strong><\/p>\n<p><img loading=\"lazy\" decoding=\"async\" class=\"size-medium wp-image-14585 aligncenter\" src=\"https:\/\/www.sportchaco.com.ar\/wp-content\/uploads\/2024\/11\/Fanfa-vloso-con-ramon-y-duncan-300x201.jpg\" alt=\"\" width=\"300\" height=\"201\" srcset=\"https:\/\/www.sportchaco.com.ar\/wp-content\/uploads\/2024\/11\/Fanfa-vloso-con-ramon-y-duncan-300x201.jpg 300w, https:\/\/www.sportchaco.com.ar\/wp-content\/uploads\/2024\/11\/Fanfa-vloso-con-ramon-y-duncan-1024x685.jpg 1024w, https:\/\/www.sportchaco.com.ar\/wp-content\/uploads\/2024\/11\/Fanfa-vloso-con-ramon-y-duncan-768x514.jpg 768w, https:\/\/www.sportchaco.com.ar\/wp-content\/uploads\/2024\/11\/Fanfa-vloso-con-ramon-y-duncan-1536x1027.jpg 1536w, https:\/\/www.sportchaco.com.ar\/wp-content\/uploads\/2024\/11\/Fanfa-vloso-con-ramon-y-duncan.jpg 2025w\" sizes=\"auto, (max-width: 300px) 100vw, 300px\" \/><\/p>\n<p><strong>\u00a0 \u00a0 \u00a0 \u00a0 \u00a0 \u00a0 \u00a0 \u00a0 \u00a0 \u00a0 \u00a0 \u00a0 \u00a0 \u00a0 \u00a0 \u00a0 \u00a0 \u00a0El \u201cfanfa\u201d Rolando Veloso con Ram\u00f3n Gonz\u00e1lez y Duncan Molina<\/strong><\/p>\n<p>&nbsp;<\/p>\n<p><em><strong>Foto portada: Marcos Jes\u00fas Cima con Antonio Ratt\u00edn<\/strong><\/em><\/p>\n<p><img loading=\"lazy\" decoding=\"async\" class=\"alignnone  wp-image-14581 aligncenter\" src=\"https:\/\/www.sportchaco.com.ar\/wp-content\/uploads\/2024\/11\/CHACO-JUEGA-BANNERS-1_250X250-1.gif\" alt=\"\" width=\"323\" height=\"323\" \/><\/p>\n","protected":false},"excerpt":{"rendered":"<p>13-11-2024 El d\u00eda 13 de noviembre del a\u00f1o 1992, se realiz\u00f3 en la ciudad de Resistencia unos de los eventos deportivos m\u00e1s sobresaliente para la Provincia y la regi\u00f3n. Un grupo de futbolistas que conformaban el club Veteranos Sud Am\u00e9rica con Marcos Cima como presidente y que participaban en ese momento, en los torneos que &hellip;<\/p>\n","protected":false},"author":2,"featured_media":14579,"comment_status":"open","ping_status":"open","sticky":false,"template":"","format":"standard","meta":{"footnotes":""},"categories":[5],"tags":[],"class_list":["post-14583","post","type-post","status-publish","format-standard","has-post-thumbnail","hentry","category-futbol"],"_links":{"self":[{"href":"https:\/\/www.sportchaco.com.ar\/index.php?rest_route=\/wp\/v2\/posts\/14583","targetHints":{"allow":["GET"]}}],"collection":[{"href":"https:\/\/www.sportchaco.com.ar\/index.php?rest_route=\/wp\/v2\/posts"}],"about":[{"href":"https:\/\/www.sportchaco.com.ar\/index.php?rest_route=\/wp\/v2\/types\/post"}],"author":[{"embeddable":true,"href":"https:\/\/www.sportchaco.com.ar\/index.php?rest_route=\/wp\/v2\/users\/2"}],"replies":[{"embeddable":true,"href":"https:\/\/www.sportchaco.com.ar\/index.php?rest_route=%2Fwp%2Fv2%2Fcomments&post=14583"}],"version-history":[{"count":3,"href":"https:\/\/www.sportchaco.com.ar\/index.php?rest_route=\/wp\/v2\/posts\/14583\/revisions"}],"predecessor-version":[{"id":14594,"href":"https:\/\/www.sportchaco.com.ar\/index.php?rest_route=\/wp\/v2\/posts\/14583\/revisions\/14594"}],"wp:featuredmedia":[{"embeddable":true,"href":"https:\/\/www.sportchaco.com.ar\/index.php?rest_route=\/wp\/v2\/media\/14579"}],"wp:attachment":[{"href":"https:\/\/www.sportchaco.com.ar\/index.php?rest_route=%2Fwp%2Fv2%2Fmedia&parent=14583"}],"wp:term":[{"taxonomy":"category","embeddable":true,"href":"https:\/\/www.sportchaco.com.ar\/index.php?rest_route=%2Fwp%2Fv2%2Fcategories&post=14583"},{"taxonomy":"post_tag","embeddable":true,"href":"https:\/\/www.sportchaco.com.ar\/index.php?rest_route=%2Fwp%2Fv2%2Ftags&post=14583"}],"curies":[{"name":"wp","href":"https:\/\/api.w.org\/{rel}","templated":true}]}}