{"id":14665,"date":"2024-11-15T18:47:30","date_gmt":"2024-11-15T21:47:30","guid":{"rendered":"https:\/\/www.sportchaco.com.ar\/?p=14665"},"modified":"2024-11-15T18:47:30","modified_gmt":"2024-11-15T21:47:30","slug":"pablo-miranda-hoy-gano-el-futbol","status":"publish","type":"post","link":"https:\/\/www.sportchaco.com.ar\/?p=14665","title":{"rendered":"Pablo Miranda: \u00abHoy gan\u00f3 el f\u00fatbol\u00bb"},"content":{"rendered":"<p><strong>15-11-2024<\/strong><\/p>\n<p><img loading=\"lazy\" decoding=\"async\" class=\" wp-image-7249 aligncenter\" src=\"https:\/\/www.sportchaco.com.ar\/wp-content\/uploads\/2024\/03\/aviso-Impulsamos-turismo-1-300x31.jpg\" alt=\"\" width=\"426\" height=\"44\" srcset=\"https:\/\/www.sportchaco.com.ar\/wp-content\/uploads\/2024\/03\/aviso-Impulsamos-turismo-1-300x31.jpg 300w, https:\/\/www.sportchaco.com.ar\/wp-content\/uploads\/2024\/03\/aviso-Impulsamos-turismo-1-1024x106.jpg 1024w, https:\/\/www.sportchaco.com.ar\/wp-content\/uploads\/2024\/03\/aviso-Impulsamos-turismo-1-768x79.jpg 768w, https:\/\/www.sportchaco.com.ar\/wp-content\/uploads\/2024\/03\/aviso-Impulsamos-turismo-1.jpg 1366w\" sizes=\"auto, (max-width: 426px) 100vw, 426px\" \/><\/p>\n<p>Pablo Miranda charl\u00f3 en Cara y Ceca del Deporte (Radio Provincia 101.5) sobre la situaci\u00f3n del Deportivo G\u00fciraldes en la Liga Chaque\u00f1a luego de concerse el fallo del Tribunal del Consejo Federal.<\/p>\n<p>El ente superior revoc\u00f3 la decisi\u00f3n del Tribunal de Disciplina local y ratific\u00f3 el triunfo de G\u00fciraldes en cancha sobre el FC Barber\u00e1n. \u00abHoy con esta decisi\u00f3n que se tom\u00f3 ha ganado el f\u00fatbol\u00bb, remarc\u00f3 Miranda.<\/p>\n<p>\u00abFuimos al Consejo Federal porque entend\u00edamos que est\u00e1bamos en condiciones de hacer valer nuestro reclamo, por suerte la Comisi\u00f3n Directiva del club apoy\u00f3 la decisi\u00f3n. Anibal Ojeda es jugador del club hace m\u00e1s de diez a\u00f1os y siempre jug\u00f3 con nosotros, si tiene otra actividad fuera de G\u00fciraldes no nos afecta y eso ten\u00edan que entender todos\u00bb, sentenci\u00f3.<\/p>\n<p>El presidente del \u00abG\u00fcira\u00bb coment\u00f3 la alegr\u00eda que le dio la noticia cuando fue notificado por la Liga Chaque\u00f1a del fallo favorable: \u00abVen\u00edamos de realizar un amistoso, nos quedamos en el club y festejamos entre todos cuando nos enteramos. Nos merec\u00edamos jugar esta final\u00bb.<\/p>\n<p>Con respecto al partido en s\u00ed ante Independiente Tirol por el tercer ascenso que otorga la categor\u00eda, Miranda dijo: \u00abHablamos con Mosqueda y la gente de Tirol, lo m\u00e1s probable es que se juegue el partido decisivo en cancha de Sarmiento el viernes de la semana que viene, est\u00e1 todo encaminado\u00bb.<\/p>\n<p>A su vez aprovech\u00f3 para contar del crecimiento institucional del Deportivo G\u00fciraldes con las obras que se est\u00e1n realizando el la sede del barrio y el apoyo de las familias y profesores con respecto a f\u00fatbol de inferiores del \u00abG\u00fcira\u00bb.<\/p>\n<p><img loading=\"lazy\" decoding=\"async\" class=\" wp-image-9746 aligncenter\" src=\"https:\/\/www.sportchaco.com.ar\/wp-content\/uploads\/2024\/05\/Mosquitos-aviso-240x300.jpeg\" alt=\"\" width=\"277\" height=\"346\" srcset=\"https:\/\/www.sportchaco.com.ar\/wp-content\/uploads\/2024\/05\/Mosquitos-aviso-240x300.jpeg 240w, https:\/\/www.sportchaco.com.ar\/wp-content\/uploads\/2024\/05\/Mosquitos-aviso-819x1024.jpeg 819w, https:\/\/www.sportchaco.com.ar\/wp-content\/uploads\/2024\/05\/Mosquitos-aviso-768x960.jpeg 768w, https:\/\/www.sportchaco.com.ar\/wp-content\/uploads\/2024\/05\/Mosquitos-aviso.jpeg 1080w\" sizes=\"auto, (max-width: 277px) 100vw, 277px\" \/><\/p>\n","protected":false},"excerpt":{"rendered":"<p>15-11-2024 Pablo Miranda charl\u00f3 en Cara y Ceca del Deporte (Radio Provincia 101.5) sobre la situaci\u00f3n del Deportivo G\u00fciraldes en la Liga Chaque\u00f1a luego de concerse el fallo del Tribunal del Consejo Federal. El ente superior revoc\u00f3 la decisi\u00f3n del Tribunal de Disciplina local y ratific\u00f3 el triunfo de G\u00fciraldes en cancha sobre el FC &hellip;<\/p>\n","protected":false},"author":3,"featured_media":14666,"comment_status":"open","ping_status":"open","sticky":false,"template":"","format":"standard","meta":{"footnotes":""},"categories":[5],"tags":[],"class_list":["post-14665","post","type-post","status-publish","format-standard","has-post-thumbnail","hentry","category-futbol"],"_links":{"self":[{"href":"https:\/\/www.sportchaco.com.ar\/index.php?rest_route=\/wp\/v2\/posts\/14665","targetHints":{"allow":["GET"]}}],"collection":[{"href":"https:\/\/www.sportchaco.com.ar\/index.php?rest_route=\/wp\/v2\/posts"}],"about":[{"href":"https:\/\/www.sportchaco.com.ar\/index.php?rest_route=\/wp\/v2\/types\/post"}],"author":[{"embeddable":true,"href":"https:\/\/www.sportchaco.com.ar\/index.php?rest_route=\/wp\/v2\/users\/3"}],"replies":[{"embeddable":true,"href":"https:\/\/www.sportchaco.com.ar\/index.php?rest_route=%2Fwp%2Fv2%2Fcomments&post=14665"}],"version-history":[{"count":1,"href":"https:\/\/www.sportchaco.com.ar\/index.php?rest_route=\/wp\/v2\/posts\/14665\/revisions"}],"predecessor-version":[{"id":14667,"href":"https:\/\/www.sportchaco.com.ar\/index.php?rest_route=\/wp\/v2\/posts\/14665\/revisions\/14667"}],"wp:featuredmedia":[{"embeddable":true,"href":"https:\/\/www.sportchaco.com.ar\/index.php?rest_route=\/wp\/v2\/media\/14666"}],"wp:attachment":[{"href":"https:\/\/www.sportchaco.com.ar\/index.php?rest_route=%2Fwp%2Fv2%2Fmedia&parent=14665"}],"wp:term":[{"taxonomy":"category","embeddable":true,"href":"https:\/\/www.sportchaco.com.ar\/index.php?rest_route=%2Fwp%2Fv2%2Fcategories&post=14665"},{"taxonomy":"post_tag","embeddable":true,"href":"https:\/\/www.sportchaco.com.ar\/index.php?rest_route=%2Fwp%2Fv2%2Ftags&post=14665"}],"curies":[{"name":"wp","href":"https:\/\/api.w.org\/{rel}","templated":true}]}}