{"id":14734,"date":"2024-11-19T07:07:29","date_gmt":"2024-11-19T10:07:29","guid":{"rendered":"https:\/\/www.sportchaco.com.ar\/?p=14734"},"modified":"2024-11-19T07:07:29","modified_gmt":"2024-11-19T10:07:29","slug":"regatas-oficializo-la-nueva-subcomision-de-basquet-con-dimas-segovia-al-frente","status":"publish","type":"post","link":"https:\/\/www.sportchaco.com.ar\/?p=14734","title":{"rendered":"Regatas oficializ\u00f3 la nueva subcomisi\u00f3n de B\u00e1squet con Dimas Segovia al frente"},"content":{"rendered":"<p><strong>19-11-2024<\/strong><\/p>\n<p><img loading=\"lazy\" decoding=\"async\" class=\" wp-image-9468 aligncenter\" src=\"https:\/\/www.sportchaco.com.ar\/wp-content\/uploads\/2024\/05\/Nachec-728x90-2-300x37.gif\" alt=\"\" width=\"422\" height=\"52\" \/><\/p>\n<p>En las \u00faltimas horas, el club Regatas de Resistencia cuenta con una nueva subcomisi\u00f3n de B\u00e1squet, que se extender\u00e1 en sus funciones hasta el 2027, siendo el flamante presidente Dimas Segovia, este ex jugador, con logros importantes e hist\u00f3ricos en la instituci\u00f3n, donde junto a sus hijos y esposa tambi\u00e9n forman parte de la \u201cfamilia remera\u201d.<\/p>\n<p>\u201cEra un sue\u00f1o ser dirigente, no era ser presidente pero las cosas se fueron dando gracias al equipo que conformamos, donde quer\u00edamos un equipo con gente nueva, ahora se dio todo y en com\u00fan acuerdo me eligieron de presidente, que es un honor para m\u00ed; Regatas es mi segunda casa\u201d, fueron las primeras palabras del flamante presidente de la subcomisi\u00f3n de B\u00e1squet, Dimas Segovia.<\/p>\n<p>La instituci\u00f3n \u201cremera\u201d combina calidad de jugadores en las diferentes edades, junto a una infraestructura de jerarqu\u00eda. Continuar fortaleciendo las diferentes categor\u00edas y alcanzar a conformar una Primera con chicos netamente del club, entre los principales objetivos de esta nueva gesti\u00f3n basquetbol\u00edstica.<\/p>\n<figure class=\"wp-block-image size-large\"><a href=\"https:\/\/baskettotal.com.ar\/wp-content\/uploads\/2024\/11\/CRR-2.jpg\"><img loading=\"lazy\" decoding=\"async\" class=\"lazy wp-image-25200 lazy-loaded aligncenter\" src=\"https:\/\/baskettotal.com.ar\/wp-content\/uploads\/2024\/11\/CRR-2-1024x562.jpg\" sizes=\"auto, (max-width: 1024px) 100vw, 1024px\" srcset=\"https:\/\/baskettotal.com.ar\/wp-content\/uploads\/2024\/11\/CRR-2-1024x562.jpg 1024w, https:\/\/baskettotal.com.ar\/wp-content\/uploads\/2024\/11\/CRR-2-300x165.jpg 300w, https:\/\/baskettotal.com.ar\/wp-content\/uploads\/2024\/11\/CRR-2-768x422.jpg 768w, https:\/\/baskettotal.com.ar\/wp-content\/uploads\/2024\/11\/CRR-2.jpg 1040w\" alt=\"\" width=\"1024\" height=\"562\" data-lazy-type=\"image\" data-lazy-src=\"https:\/\/baskettotal.com.ar\/wp-content\/uploads\/2024\/11\/CRR-2-1024x562.jpg\" data-lazy-srcset=\"https:\/\/baskettotal.com.ar\/wp-content\/uploads\/2024\/11\/CRR-2-1024x562.jpg 1024w, https:\/\/baskettotal.com.ar\/wp-content\/uploads\/2024\/11\/CRR-2-300x165.jpg 300w, https:\/\/baskettotal.com.ar\/wp-content\/uploads\/2024\/11\/CRR-2-768x422.jpg 768w, https:\/\/baskettotal.com.ar\/wp-content\/uploads\/2024\/11\/CRR-2.jpg 1040w\" data-lazy-sizes=\"(max-width: 1024px) 100vw, 1024px\" \/><\/a><\/figure>\n<p>\u201cEn las categor\u00edas formativas se est\u00e1 trabajando muy bien, no podemos decir nada, aunque hay que ajustar algunas cosas, darle nuestra impronta, ya que queremos que los chicos tengan much\u00edsimas ganas de jugar en Primera y esa es la idea\u201d, dej\u00f3 en claro Segovia.<\/p>\n<p>En este marco, el dirigente \u201cremero\u201d marc\u00f3 claramente sus objetivos, afirmando que se buscar\u00e1 \u201cel desarrollo de los chicos, no solo en la tira A sino tambi\u00e9n en la tira B; queremos llegar a grandes cosas, tratar de armar una Primera con chicos del club y competir en todos los cert\u00e1menes que disputemos\u201d, finaliz\u00f3.<\/p>\n<p><strong>LA SUBCOMISI\u00d3N<br \/>\n<\/strong>La flamante subcomisi\u00f3n de B\u00e1squet est\u00e1 conformada por: Dimas Segovia (presidente), Albertina Tomassone (secretaria), Ariel Silva (tesorero), Mauro La Regina (pro \u2013 tesorero), Mar\u00eda Eugenia Rueda (vocal titular), Oscar Beccari (vocal titular), Karina Checura (vocal suplente) y Pablo Guill\u00e9n (vocal suplente 2).<\/p>\n<p><img loading=\"lazy\" decoding=\"async\" class=\" wp-image-9671 aligncenter\" src=\"https:\/\/www.sportchaco.com.ar\/wp-content\/uploads\/2024\/05\/Nachec1-200x200-1.gif\" alt=\"\" width=\"269\" height=\"269\" \/><\/p>\n","protected":false},"excerpt":{"rendered":"<p>19-11-2024 En las \u00faltimas horas, el club Regatas de Resistencia cuenta con una nueva subcomisi\u00f3n de B\u00e1squet, que se extender\u00e1 en sus funciones hasta el 2027, siendo el flamante presidente Dimas Segovia, este ex jugador, con logros importantes e hist\u00f3ricos en la instituci\u00f3n, donde junto a sus hijos y esposa tambi\u00e9n forman parte de la &hellip;<\/p>\n","protected":false},"author":3,"featured_media":14735,"comment_status":"open","ping_status":"open","sticky":false,"template":"","format":"standard","meta":{"footnotes":""},"categories":[3],"tags":[],"class_list":["post-14734","post","type-post","status-publish","format-standard","has-post-thumbnail","hentry","category-basquetbol"],"_links":{"self":[{"href":"https:\/\/www.sportchaco.com.ar\/index.php?rest_route=\/wp\/v2\/posts\/14734","targetHints":{"allow":["GET"]}}],"collection":[{"href":"https:\/\/www.sportchaco.com.ar\/index.php?rest_route=\/wp\/v2\/posts"}],"about":[{"href":"https:\/\/www.sportchaco.com.ar\/index.php?rest_route=\/wp\/v2\/types\/post"}],"author":[{"embeddable":true,"href":"https:\/\/www.sportchaco.com.ar\/index.php?rest_route=\/wp\/v2\/users\/3"}],"replies":[{"embeddable":true,"href":"https:\/\/www.sportchaco.com.ar\/index.php?rest_route=%2Fwp%2Fv2%2Fcomments&post=14734"}],"version-history":[{"count":1,"href":"https:\/\/www.sportchaco.com.ar\/index.php?rest_route=\/wp\/v2\/posts\/14734\/revisions"}],"predecessor-version":[{"id":14736,"href":"https:\/\/www.sportchaco.com.ar\/index.php?rest_route=\/wp\/v2\/posts\/14734\/revisions\/14736"}],"wp:featuredmedia":[{"embeddable":true,"href":"https:\/\/www.sportchaco.com.ar\/index.php?rest_route=\/wp\/v2\/media\/14735"}],"wp:attachment":[{"href":"https:\/\/www.sportchaco.com.ar\/index.php?rest_route=%2Fwp%2Fv2%2Fmedia&parent=14734"}],"wp:term":[{"taxonomy":"category","embeddable":true,"href":"https:\/\/www.sportchaco.com.ar\/index.php?rest_route=%2Fwp%2Fv2%2Fcategories&post=14734"},{"taxonomy":"post_tag","embeddable":true,"href":"https:\/\/www.sportchaco.com.ar\/index.php?rest_route=%2Fwp%2Fv2%2Ftags&post=14734"}],"curies":[{"name":"wp","href":"https:\/\/api.w.org\/{rel}","templated":true}]}}