{"id":14786,"date":"2024-11-20T23:06:48","date_gmt":"2024-11-21T02:06:48","guid":{"rendered":"https:\/\/www.sportchaco.com.ar\/?p=14786"},"modified":"2024-11-20T23:09:08","modified_gmt":"2024-11-21T02:09:08","slug":"14786","status":"publish","type":"post","link":"https:\/\/www.sportchaco.com.ar\/?p=14786","title":{"rendered":"Efem\u00e9rides del 21 de noviembre"},"content":{"rendered":"<p><strong>Esta es la Efem\u00e9rides del Deporte en el Chaco de un 20 de noviembre del periodista Luis Dar\u00edo Molodezky<\/strong><\/p>\n<p><strong> <img loading=\"lazy\" decoding=\"async\" class=\"alignnone size-full wp-image-14787\" src=\"https:\/\/www.sportchaco.com.ar\/wp-content\/uploads\/2024\/11\/Luis-Molo.jpg\" alt=\"\" width=\"199\" height=\"300\" \/><\/strong><\/p>\n<p><strong>\u00a0<\/strong><\/p>\n<p><strong>1919 <\/strong>\/ Nace uno de los grandes \u00eddolos del<\/p>\n<p>automovilismo chaque\u00f1o, el gran Eduardo <em>Lolo <\/em>Carauni. En las<\/p>\n<p>carreras por los caminos polvorientos de nuestra provincia, hab\u00eda<\/p>\n<p>que buscar un lugar en las curvas veloces y dif\u00edciles para deleitarse<\/p>\n<p>con su manejo y el derrape controlado. Pese a que en su vida tuvo<\/p>\n<p>que enfrentar duros escollos, jam\u00e1s se lo vio sin una sonrisa y pleno<\/p>\n<p>de optimismo contagiante. Falleci\u00f3 el 8 de agosto de 2007.<\/p>\n<p><img loading=\"lazy\" decoding=\"async\" class=\"alignnone size-medium wp-image-14789\" src=\"https:\/\/www.sportchaco.com.ar\/wp-content\/uploads\/2024\/11\/Enrique-Tjor-pte-Alvear-VA-anos-80-256x300.jpg\" alt=\"\" width=\"256\" height=\"300\" srcset=\"https:\/\/www.sportchaco.com.ar\/wp-content\/uploads\/2024\/11\/Enrique-Tjor-pte-Alvear-VA-anos-80-256x300.jpg 256w, https:\/\/www.sportchaco.com.ar\/wp-content\/uploads\/2024\/11\/Enrique-Tjor-pte-Alvear-VA-anos-80.jpg 409w\" sizes=\"auto, (max-width: 256px) 100vw, 256px\" \/>Enrique Tjor, presidente de Alvear en la d\u00e9cada del 80<\/p>\n<p>&nbsp;<\/p>\n<p>&nbsp;<\/p>\n<p><strong>1921 <\/strong>\/ Se funda el Club Atl\u00e9tico Alvear de la ciudad<\/p>\n<p>de Villa \u00c1ngela. Su primer presidente fue Fernando Mu\u00f1oz. El<\/p>\n<p>f\u00fatbol fue la primera disciplina que desarroll\u00f3, contando con un<\/p>\n<p>estadio confortable construido en la presidencia de Jos\u00e9 Mart\u00edn,<\/p>\n<p>quien lo acondicion\u00f3 con tribunas de material. Otro de sus orgu-<\/p>\n<p>llos es desde 1977 el Circuito \u201cJos\u00e9 Froil\u00e1n Gonz\u00e1lez\u201d. En la zona<\/p>\n<p>cuenta con su cancha de golf. Para sus participaciones nacionales<\/p>\n<p>de b\u00e1squetbol, moderniz\u00f3 su gimnasio, para la pr\u00e1ctica del boxeo<\/p>\n<p>y v\u00f3leibol.<\/p>\n<p>&nbsp;<\/p>\n<p><strong>Foto portada: Eduardo Carauni en la primera Vuelta del Chaco<\/strong><\/p>\n","protected":false},"excerpt":{"rendered":"<p>Esta es la Efem\u00e9rides del Deporte en el Chaco de un 20 de noviembre del periodista Luis Dar\u00edo Molodezky \u00a0 1919 \/ Nace uno de los grandes \u00eddolos del automovilismo chaque\u00f1o, el gran Eduardo Lolo Carauni. En las carreras por los caminos polvorientos de nuestra provincia, hab\u00eda que buscar un lugar en las curvas veloces &hellip;<\/p>\n","protected":false},"author":2,"featured_media":14788,"comment_status":"open","ping_status":"open","sticky":false,"template":"","format":"standard","meta":{"footnotes":""},"categories":[45,41],"tags":[],"class_list":["post-14786","post","type-post","status-publish","format-standard","has-post-thumbnail","hentry","category-efemerides-dia-por-dia","category-noviembre"],"_links":{"self":[{"href":"https:\/\/www.sportchaco.com.ar\/index.php?rest_route=\/wp\/v2\/posts\/14786","targetHints":{"allow":["GET"]}}],"collection":[{"href":"https:\/\/www.sportchaco.com.ar\/index.php?rest_route=\/wp\/v2\/posts"}],"about":[{"href":"https:\/\/www.sportchaco.com.ar\/index.php?rest_route=\/wp\/v2\/types\/post"}],"author":[{"embeddable":true,"href":"https:\/\/www.sportchaco.com.ar\/index.php?rest_route=\/wp\/v2\/users\/2"}],"replies":[{"embeddable":true,"href":"https:\/\/www.sportchaco.com.ar\/index.php?rest_route=%2Fwp%2Fv2%2Fcomments&post=14786"}],"version-history":[{"count":2,"href":"https:\/\/www.sportchaco.com.ar\/index.php?rest_route=\/wp\/v2\/posts\/14786\/revisions"}],"predecessor-version":[{"id":14791,"href":"https:\/\/www.sportchaco.com.ar\/index.php?rest_route=\/wp\/v2\/posts\/14786\/revisions\/14791"}],"wp:featuredmedia":[{"embeddable":true,"href":"https:\/\/www.sportchaco.com.ar\/index.php?rest_route=\/wp\/v2\/media\/14788"}],"wp:attachment":[{"href":"https:\/\/www.sportchaco.com.ar\/index.php?rest_route=%2Fwp%2Fv2%2Fmedia&parent=14786"}],"wp:term":[{"taxonomy":"category","embeddable":true,"href":"https:\/\/www.sportchaco.com.ar\/index.php?rest_route=%2Fwp%2Fv2%2Fcategories&post=14786"},{"taxonomy":"post_tag","embeddable":true,"href":"https:\/\/www.sportchaco.com.ar\/index.php?rest_route=%2Fwp%2Fv2%2Ftags&post=14786"}],"curies":[{"name":"wp","href":"https:\/\/api.w.org\/{rel}","templated":true}]}}