{"id":14819,"date":"2024-11-22T12:09:55","date_gmt":"2024-11-22T15:09:55","guid":{"rendered":"https:\/\/www.sportchaco.com.ar\/?p=14819"},"modified":"2024-11-22T12:09:55","modified_gmt":"2024-11-22T15:09:55","slug":"inter-miami-tendria-al-jefecito","status":"publish","type":"post","link":"https:\/\/www.sportchaco.com.ar\/?p=14819","title":{"rendered":"Inter Miami tendr\u00eda al Jefecito"},"content":{"rendered":"<header class=\"article-header-wrapper\">\n<div class=\"article-header\">\n<h1 id=\"javier-mascherano-se-convertiria-en-el-nuevo-entrenador-del-inter-miami-tras-la-salida-de-martino\" class=\"article-headline left\">22 11 24<\/h1>\n<h4 class=\"article-headline left\">Javier Mascherano se convertir\u00eda en el nuevo entrenador del Inter Miami tras la salida de Martino. El Tata ya anunci\u00f3 que no continuar\u00e1 y el entrenador de la Sub 20 tomar\u00eda el mando en los pr\u00f3ximos d\u00edas<\/h4>\n<\/div>\n<\/header>\n<article class=\"article\">\n<div class=\"sharebar-container\">\n<div class=\"sharebar-buttons-container\">\n<div class=\"sharebar-buttons button-save\" tabindex=\"0\" role=\"button\" aria-label=\"Guardar\"><\/div>\n<div class=\"sharebar-buttons-separator\"><\/div>\n<\/div>\n<\/div>\n<div class=\"body-article \">\n<div class=\" visual__image\">Mascherano se marchar\u00eda de las juveniles argentinas para tomar el mando de Inter Miami<\/div>\n<p class=\"paragraph\">En las \u00faltimas horas trascendi\u00f3 un bombazo del mercado de entrenadores que se confirmar\u00eda en los pr\u00f3ximos d\u00edas:\u00a0Javier Mascherano\u00a0dejar\u00eda sus funciones como director t\u00e9cnico del Sub 20 de la selecci\u00f3n argentina para tomar las riendas del Inter Miami, que acaba de\u00a0<a href=\"https:\/\/www.infobae.com\/deportes\/2024\/11\/19\/gerardo-martino-renuncio-al-cargo-de-director-tecnico-del-inter-miami\/\" target=\"_blank\" rel=\"noopener noreferrer\">sufrir la baja de Gerardo Martino<\/a>. El\u00a0<i>Tata\u00a0<\/i>ya anunci\u00f3 su salida por cuestiones personales y la franquicia de Florida buscaba un sustituto. Se hab\u00edan instalado los nombres del\u00a0<i>Jefecito\u00a0<\/i>y el espa\u00f1ol Xavi Hern\u00e1ndez, pero finalmente el argentino ser\u00eda n\u00famero puesto para dirigir a su ex compa\u00f1ero y amigo personal\u00a0Lionel Messi.<\/p>\n<p class=\"paragraph\">Seg\u00fan pudo averiguar\u00a0Infobae, en AFA ya saben que no hay nada oficial, pero est\u00e1 encaminada la salida del estratega de 40 a\u00f1os que adem\u00e1s de haber jugado con Messi tambi\u00e9n comparti\u00f3 vestuario con otros ex hombres del Barcelona como\u00a0Jordi Alba, Sergio Busquets y Luis Su\u00e1rez. El periodista C\u00e9sar Luis Merlo ampli\u00f3: \u201cEl club ya cruza documentos con el argentino, que firmar\u00e1 un contrato a largo plazo\u201d.<\/p>\n<p class=\"paragraph\">Martino llev\u00f3 a Miami a un r\u00e9cord de liga con 74 puntos en la temporada regular, qued\u00e1ndose con el trofeo Supporters\u2019 Shield, que la Major League Soccer le entrega al elenco que m\u00e1s unidades suma en la primera fase de competencia. No obstante, sorprendentemente cay\u00f3 en la primera ronda de los playoffs contra el equipo n\u00famero nueve, Atlanta United, su antiguo club, en una llave a tres partidos. En el 2023, adem\u00e1s,\u00a0conquist\u00f3 la Leagues Cup, el primer t\u00edtulo en la historia de la franquicia de Florida.<\/p>\n<div class=\" visual__image\"><picture><source srcset=\"https:\/\/www.infobae.com\/resizer\/v2\/KKC4B6YIBFJRMVU5CPT3RZXGX4.jpg?auth=00f84d34f6bac13b34d664d75d65d48e01dfbda828613b96e2e9d653cc25512d&amp;smart=true&amp;width=992&amp;height=661&amp;quality=85\" media=\"(min-width: 1000px)\" \/><source srcset=\"https:\/\/www.infobae.com\/resizer\/v2\/KKC4B6YIBFJRMVU5CPT3RZXGX4.jpg?auth=00f84d34f6bac13b34d664d75d65d48e01dfbda828613b96e2e9d653cc25512d&amp;smart=true&amp;width=768&amp;height=512&amp;quality=85\" media=\"(min-width: 768px)\" \/><source srcset=\"https:\/\/www.infobae.com\/resizer\/v2\/KKC4B6YIBFJRMVU5CPT3RZXGX4.jpg?auth=00f84d34f6bac13b34d664d75d65d48e01dfbda828613b96e2e9d653cc25512d&amp;smart=true&amp;width=577&amp;height=385&amp;quality=85\" media=\"(min-width: 580px)\" \/><source srcset=\"https:\/\/www.infobae.com\/resizer\/v2\/KKC4B6YIBFJRMVU5CPT3RZXGX4.jpg?auth=00f84d34f6bac13b34d664d75d65d48e01dfbda828613b96e2e9d653cc25512d&amp;smart=true&amp;width=420&amp;height=280&amp;quality=85\" media=\"(min-width: 350px)\" \/><source srcset=\"https:\/\/www.infobae.com\/resizer\/v2\/KKC4B6YIBFJRMVU5CPT3RZXGX4.jpg?auth=00f84d34f6bac13b34d664d75d65d48e01dfbda828613b96e2e9d653cc25512d&amp;smart=true&amp;width=350&amp;height=233&amp;quality=85\" media=\"(min-width: 80px)\" \/><img loading=\"lazy\" decoding=\"async\" class=\"global-image\" src=\"https:\/\/www.infobae.com\/resizer\/v2\/KKC4B6YIBFJRMVU5CPT3RZXGX4.jpg?auth=00f84d34f6bac13b34d664d75d65d48e01dfbda828613b96e2e9d653cc25512d&amp;smart=true&amp;width=350&amp;height=233&amp;quality=85\" alt=\"Messi fue clave para la designaci\u00f3n de Mascherano como entrenador de Inter Miami (AP Foto\/Natacha Pisarenko)\" width=\"2340\" height=\"1560\" \/><\/picture>Messi fue clave para la designaci\u00f3n de Mascherano como entrenador de Inter Miami (AP Foto\/Natacha Pisarenko)<\/div>\n<div>Fuente Infobae<\/div>\n<div><\/div>\n<p class=\"paragraph\"><i>Masche\u00a0<\/i>estuvo a cargo de las juveniles albicelestes desde el a\u00f1o\u00a0<b>2022<\/b>, cuando se hizo cargo de la Sub 20. Durante su ciclo,\u00a0<b>fue campe\u00f3n del Torneo de L\u2019Alc\u00fadia<\/b>, qued\u00f3 quinto en el Maurice Revello (antes Esperanzas de Toulon) y qued\u00f3 eliminiado en primera ronda de los Juegos Odesur (todo en el mismo a\u00f1o de su asunci\u00f3n). Adem\u00e1s, volvi\u00f3 a quedar eliminado en el Sudamericano que se disput\u00f3 en Colombia en 2023, aunque Argentina igualmente particip\u00f3 de la Copa del Mundo Sub 20 debido a que pas\u00f3 a ser anfitri\u00f3n tras la baja de la sede en Indonesia. Luego de ganar sus tres encuentros en la fase de grupos del Mundialito, fue eliminado en octavos de final por Nigeria.<\/p>\n<p class=\"paragraph\">Las \u00faltimas competencias fueron con la Sub 23 que \u00e9l mismo prepar\u00f3 y clasific\u00f3 para los<b>\u00a0Juegos Ol\u00edmpicos de Par\u00eds<\/b>. El seleccionado nacional le gan\u00f3 a Brasil en su \u00faltimo compromiso y qued\u00f3 segundo en la fase final detr\u00e1s de Paraguay. Ese puesto en el Preol\u00edmpico de Venezuela lo llev\u00f3 a la cita ol\u00edmpica en la que bes\u00f3 la lona en los cuartos de final contra el anfitri\u00f3n\u00a0<a href=\"https:\/\/www.infobae.com\/deportes\/2024\/08\/02\/los-incidentes-entre-los-futbolistas-de-argentina-y-francia-tras-el-final-del-partido-de-los-juegos-olimpicos\/\" target=\"_blank\" rel=\"noopener noreferrer\"><b>Francia, en un duelo que termin\u00f3 en esc\u00e1ndalo<\/b><\/a>\u00a0y estuvo cargado de tensi\u00f3n.<\/p>\n<p class=\"paragraph\">Vale remarcar que esta ser\u00eda la primera experiencia del santafesino como entrenador de un plantel profesional, pero no la primera fuera del exterior, ya que adem\u00e1s de haber jugado en River y Estudiantes de La Plata, se desempe\u00f1\u00f3 como futbolista de Corinthians de Brasil, West Ham y Liverpool de Inglaterra, Barcelona de Espa\u00f1a y Hebei Fortune de China.<\/p>\n<p class=\"paragraph\">Inter Miami, adem\u00e1s de disputar la temporada de la MLS, tambi\u00e9n afrontar\u00e1 el Mundial de Clubes que se disputar\u00e1 justamente en Estados Unidos entre junio y julio de 2025. Por otra parte, con Mascherano al mando, Messi se asegurar\u00e1 tener una persona de confianza con la que pueda congeniar su calendario de partidos y no faltar a los compromisos con la selecci\u00f3n argentina, pensando en la Copa del Mundo que se celebrar\u00e1 en suelo norteamericano, M\u00e9xico y Canad\u00e1 a mediados de 2026. Mientras tanto, seguir\u00e1 concurriendo a las convocatorias por Eliminatorias y la pr\u00f3xima doble fecha ser\u00e1 en marzo.<\/p>\n<\/div>\n<p>&nbsp;<\/p>\n<\/article>\n","protected":false},"excerpt":{"rendered":"<p>22 11 24 Javier Mascherano se convertir\u00eda en el nuevo entrenador del Inter Miami tras la salida de Martino. El Tata ya anunci\u00f3 que no continuar\u00e1 y el entrenador de la Sub 20 tomar\u00eda el mando en los pr\u00f3ximos d\u00edas Mascherano se marchar\u00eda de las juveniles argentinas para tomar el mando de Inter Miami En &hellip;<\/p>\n","protected":false},"author":2,"featured_media":14820,"comment_status":"open","ping_status":"open","sticky":false,"template":"","format":"standard","meta":{"footnotes":""},"categories":[6],"tags":[],"class_list":["post-14819","post","type-post","status-publish","format-standard","has-post-thumbnail","hentry","category-internacionales"],"_links":{"self":[{"href":"https:\/\/www.sportchaco.com.ar\/index.php?rest_route=\/wp\/v2\/posts\/14819","targetHints":{"allow":["GET"]}}],"collection":[{"href":"https:\/\/www.sportchaco.com.ar\/index.php?rest_route=\/wp\/v2\/posts"}],"about":[{"href":"https:\/\/www.sportchaco.com.ar\/index.php?rest_route=\/wp\/v2\/types\/post"}],"author":[{"embeddable":true,"href":"https:\/\/www.sportchaco.com.ar\/index.php?rest_route=\/wp\/v2\/users\/2"}],"replies":[{"embeddable":true,"href":"https:\/\/www.sportchaco.com.ar\/index.php?rest_route=%2Fwp%2Fv2%2Fcomments&post=14819"}],"version-history":[{"count":1,"href":"https:\/\/www.sportchaco.com.ar\/index.php?rest_route=\/wp\/v2\/posts\/14819\/revisions"}],"predecessor-version":[{"id":14821,"href":"https:\/\/www.sportchaco.com.ar\/index.php?rest_route=\/wp\/v2\/posts\/14819\/revisions\/14821"}],"wp:featuredmedia":[{"embeddable":true,"href":"https:\/\/www.sportchaco.com.ar\/index.php?rest_route=\/wp\/v2\/media\/14820"}],"wp:attachment":[{"href":"https:\/\/www.sportchaco.com.ar\/index.php?rest_route=%2Fwp%2Fv2%2Fmedia&parent=14819"}],"wp:term":[{"taxonomy":"category","embeddable":true,"href":"https:\/\/www.sportchaco.com.ar\/index.php?rest_route=%2Fwp%2Fv2%2Fcategories&post=14819"},{"taxonomy":"post_tag","embeddable":true,"href":"https:\/\/www.sportchaco.com.ar\/index.php?rest_route=%2Fwp%2Fv2%2Ftags&post=14819"}],"curies":[{"name":"wp","href":"https:\/\/api.w.org\/{rel}","templated":true}]}}