{"id":14825,"date":"2024-11-22T12:28:23","date_gmt":"2024-11-22T15:28:23","guid":{"rendered":"https:\/\/www.sportchaco.com.ar\/?p=14825"},"modified":"2024-11-22T15:25:25","modified_gmt":"2024-11-22T18:25:25","slug":"titulares-internacionales","status":"publish","type":"post","link":"https:\/\/www.sportchaco.com.ar\/?p=14825","title":{"rendered":"Titulares internacionales"},"content":{"rendered":"<ul>\n<li class=\"stream-item js-stream-content Bgc(t) Pos(r) Mb(24px)\" data-uuid=\"f51c443d-9ba4-3395-997e-2a94dc15ecd7\" data-cpos=\"2\" data-cposy=\"7\" data-i13n-cfg=\"{&quot;bpos&quot;:1,&quot;categoryLabel&quot;:&quot;Sports&quot;,&quot;cpos&quot;:2,&quot;cposy&quot;:7}\" data-test-locator=\"stream-item\">\n<div class=\"Pos(r) D(f)\">\n<div class=\"Mend(20px) Flxb(1) Pos(r)\"><a class=\"H(0) T(0px) Bdrs(8px) Start(0) D(b) Td(n) W(268px) Ov(h)\" tabindex=\"-1\" href=\"https:\/\/es-us.noticias.yahoo.com\/clubes-liga-premier-votan-cambiar-152037935.html\" data-test-locator=\"stream-item-image\" data-ylk=\"itc:0;elm:img;elmt:ct;imgt:ss;bpos:1;cpos:2;cposy:7;p_sys:jarvis;rspns:nav;t1:a3;t2:strm;t3:ct;ccode:ntk_assetlist_unified__es-US__news__default__default__desktop__ga__noSplit;ct:story;g:f51c443d-9ba4-3395-997e-2a94dc15ecd7;grpt:singlestory;pkgt:orphan_img;pos:1;cnt_tpc:Sports;slk:Clubes de la Liga Premier votan cambiar reglas financieras tras desaf\u00edo del City;\" aria-hidden=\"true\" data-rapid_p=\"1\" data-v9y=\"1\"><img loading=\"lazy\" decoding=\"async\" class=\"\" src=\"https:\/\/s.yimg.com\/uu\/api\/res\/1.2\/iH3AuIpEYWFf.N8y1Py2UA--~B\/Zmk9c3RyaW07aD0yODQ7cT04MDt3PTUzNjthcHBpZD15dGFjaHlvbg--\/https:\/\/media.zenfs.com\/es\/aplatam.com\/16eba55e1afb71b015372ab88391da79.cf.webp\" alt=\"\" width=\"268\" height=\"142\" data-test-locator=\"stream-item-image\" \/><\/a><\/div>\n<div class=\"D(f) Fld(c) Fxg(1) Miw(0)\">\n<div class=\"Fz(12px) D(f) C(--battleship) Mb(4px)\"><strong class=\"Tt(c) Fw(500) Whs(nw) C(--solo-cup)\" data-test-locator=\"stream-item-category-label\">Deportes<\/strong><span class=\"Mx(8px) Fw(500)\" aria-hidden=\"true\">\u00b7<\/span><span class=\"Ell\" data-test-locator=\"stream-item-publisher\">AP<\/span><\/div>\n<h3 class=\"LineClamp(2,2.6em) Mend(50px) Mb(4px) Lh(1.33) Fz(18px) Fz(16px)--maw1024 Fw(b) stream-item-title\" data-test-locator=\"stream-item-title\"><a class=\"stream-title D(b) Td(n) Td(n):f C(--batcave) C($streamBrandHoverClass):h C($streamBrandHoverClass):fv\" href=\"https:\/\/es-us.noticias.yahoo.com\/clubes-liga-premier-votan-cambiar-152037935.html\" data-uuid=\"f51c443d-9ba4-3395-997e-2a94dc15ecd7\" data-wf-caas-prefetch=\"0\" data-wf-caas-uuid=\"f51c443d-9ba4-3395-997e-2a94dc15ecd7\" data-ylk=\"itc:0;elm:hdln;elmt:ct;bpos:1;cpos:2;cposy:7;p_sys:jarvis;rspns:nav;t1:a3;t2:strm;t3:ct;ccode:ntk_assetlist_unified__es-US__news__default__default__desktop__ga__noSplit;ct:story;g:f51c443d-9ba4-3395-997e-2a94dc15ecd7;grpt:singlestory;pkgt:orphan_img;pos:1;cnt_tpc:Sports;slk:Clubes de la Liga Premier votan cambiar reglas financieras tras desaf\u00edo del City;\" data-rapid_p=\"2\" data-v9y=\"1\">Clubes de la Liga Premier votan cambiar reglas financieras tras desaf\u00edo del City<u class=\"StretchedBox\"><\/u><\/a><\/h3>\n<p class=\"finance-ticker-fetch-success_D(n) LineClamp(2,40px) sub-upsell-fetch-success_D(n) Fz(14px) Lh(1.43) C(--batcave) Mb(4px) Mend(50px) Mt(2px) Bxz(bb) Wob($break-word)\" data-test-locator=\"stream-item-summary\">Los clubes de la Liga Premier acordaron el viernes modificar las reglas de una de las regulaciones clave de la competencia relacionadas con la equidad financiera tras el desaf\u00edo legal por parte del Manchester City.Despu\u00e9s de una votaci\u00f3n de los 20 clubes de la primera divisi\u00f3n, los pr\u00e9stamos de accionistas ahora estar\u00e1n sujetos al valor justo de mercado.<\/p>\n<div class=\"Fz(12px) D(f) Ai(c) C(--battleship)\"><\/div>\n<\/div>\n<\/div>\n<div class=\"drawer-fetch-boundary Pos(r)\">\n<div class=\"drawer-adfeedback-wrapper-f51c443d-9ba4-3395-997e-2a94dc15ecd7\"><\/div>\n<div class=\"adfeedback-dialog\"><\/div>\n<\/div>\n<\/li>\n<li class=\"stream-item js-stream-content Bgc(t) Pos(r) Mb(24px)\" data-uuid=\"d9a63aec-3920-31dc-b7fe-b4ce7013df99\" data-cpos=\"3\" data-cposy=\"8\" data-i13n-cfg=\"{&quot;bpos&quot;:1,&quot;categoryLabel&quot;:&quot;Sports&quot;,&quot;cpos&quot;:3,&quot;cposy&quot;:8}\" data-test-locator=\"stream-item\">\n<div class=\"Pos(r) D(f)\">\n<div class=\"Mend(20px) Flxb(1) Pos(r)\"><a class=\"H(0) T(0px) Bdrs(8px) Start(0) D(b) Td(n) W(268px) Ov(h)\" tabindex=\"-1\" href=\"https:\/\/es-us.noticias.yahoo.com\/messi-mls-retoma-imprevisibles-playoffs-152022554.html\" data-test-locator=\"stream-item-image\" data-ylk=\"itc:0;elm:img;elmt:ct;imgt:ss;bpos:1;cpos:3;cposy:8;p_sys:jarvis;rspns:nav;t1:a3;t2:strm;t3:ct;ccode:ntk_assetlist_unified__es-US__news__default__default__desktop__ga__noSplit;ct:story;g:d9a63aec-3920-31dc-b7fe-b4ce7013df99;grpt:singlestory;pkgt:orphan_img;pos:1;cnt_tpc:Sports;slk:Sin Messi, la MLS retoma sus imprevisibles playoffs con derbi de Nueva York;\" aria-hidden=\"true\" data-rapid_p=\"3\" data-v9y=\"1\"><img loading=\"lazy\" decoding=\"async\" class=\"\" src=\"https:\/\/s.yimg.com\/uu\/api\/res\/1.2\/DrS.AsrLW6pD.cbWvSKyrQ--~B\/Zmk9c3RyaW07aD0yODQ7cT04MDt3PTUzNjthcHBpZD15dGFjaHlvbg--\/https:\/\/media.zenfs.com\/es\/es.afp.com\/2e98d577596343dbd2a777c502d39dde.cf.webp\" alt=\"\" width=\"268\" height=\"142\" data-test-locator=\"stream-item-image\" \/><\/a><\/div>\n<div class=\"D(f) Fld(c) Fxg(1) Miw(0)\">\n<div class=\"Fz(12px) D(f) C(--battleship) Mb(4px)\"><strong class=\"Tt(c) Fw(500) Whs(nw) C(--solo-cup)\" data-test-locator=\"stream-item-category-label\">Deportes<\/strong><span class=\"Mx(8px) Fw(500)\" aria-hidden=\"true\">\u00b7<\/span><span class=\"Ell\" data-test-locator=\"stream-item-publisher\">AFP<\/span><\/div>\n<h3 class=\"LineClamp(2,2.6em) Mend(50px) Mb(4px) Lh(1.33) Fz(18px) Fz(16px)--maw1024 Fw(b) stream-item-title\" data-test-locator=\"stream-item-title\"><a class=\"stream-title D(b) Td(n) Td(n):f C(--batcave) C($streamBrandHoverClass):h C($streamBrandHoverClass):fv\" href=\"https:\/\/es-us.noticias.yahoo.com\/messi-mls-retoma-imprevisibles-playoffs-152022554.html\" data-uuid=\"d9a63aec-3920-31dc-b7fe-b4ce7013df99\" data-wf-caas-prefetch=\"0\" data-wf-caas-uuid=\"d9a63aec-3920-31dc-b7fe-b4ce7013df99\" data-ylk=\"itc:0;elm:hdln;elmt:ct;bpos:1;cpos:3;cposy:8;p_sys:jarvis;rspns:nav;t1:a3;t2:strm;t3:ct;ccode:ntk_assetlist_unified__es-US__news__default__default__desktop__ga__noSplit;ct:story;g:d9a63aec-3920-31dc-b7fe-b4ce7013df99;grpt:singlestory;pkgt:orphan_img;pos:1;cnt_tpc:Sports;slk:Sin Messi, la MLS retoma sus imprevisibles playoffs con derbi de Nueva York;\" data-rapid_p=\"4\" data-v9y=\"1\">Sin Messi, la MLS retoma sus imprevisibles playoffs con derbi de Nueva York<u class=\"StretchedBox\"><\/u><\/a><\/h3>\n<p class=\"finance-ticker-fetch-success_D(n) LineClamp(2,40px) sub-upsell-fetch-success_D(n) Fz(14px) Lh(1.43) C(--batcave) Mb(4px) Mend(50px) Mt(2px) Bxz(bb) Wob($break-word)\" data-test-locator=\"stream-item-summary\">Sacudida a\u00fan por la eliminaci\u00f3n del Inter Miami de Lionel Messi, la liga de f\u00fatbol norteamericana (MLS) afronta este fin de semana sus finales de conferencia con figuras que reclaman atenci\u00f3n y un duelo de equipos de Nueva York marcado en rojo.El LAFC, que necesit\u00f3 de tres partidos para tumbar al Vancouver Whitecaps, debe ajustar piezas para recibir el s\u00e1bado al Seattle Sounders, uno de los equipos de la MLS que jugar\u00e1 el Mundial de Clubes de 2025 junto al Inter Miami.<\/p>\n<div class=\"Fz(12px) D(f) Ai(c) C(--battleship)\"><\/div>\n<\/div>\n<\/div>\n<div class=\"drawer-fetch-boundary Pos(r)\">\n<div class=\"drawer-adfeedback-wrapper-d9a63aec-3920-31dc-b7fe-b4ce7013df99\"><\/div>\n<div class=\"adfeedback-dialog\"><\/div>\n<\/div>\n<div class=\"Pos(r) D(f)\">\n<div class=\"D(f) Fld(c) Fxg(1) Miw(0)\">\n<div class=\"Fz(12px) D(f) Ai(c) C(--battleship)\"><\/div>\n<\/div>\n<\/div>\n<div class=\"drawer-fetch-boundary Pos(r)\">\n<div class=\"drawer-adfeedback-wrapper-ba7172d4-dd1e-32ee-8f90-6934d7896d25\"><\/div>\n<div class=\"adfeedback-dialog\"><\/div>\n<\/div>\n<\/li>\n<li class=\"stream-item js-stream-content Bgc(t) Pos(r) Mb(24px)\" data-uuid=\"a9150464-6c82-3814-80b3-962f49ac17ed\" data-cpos=\"6\" data-cposy=\"11\" data-i13n-cfg=\"{&quot;bpos&quot;:1,&quot;categoryLabel&quot;:&quot;Sports&quot;,&quot;cpos&quot;:6,&quot;cposy&quot;:11}\" data-test-locator=\"stream-item\">\n<div class=\"Pos(r) D(f)\">\n<div class=\"Mend(20px) Flxb(1) Pos(r)\"><a class=\"H(0) T(0px) Bdrs(8px) Start(0) D(b) Td(n) W(268px) Ov(h)\" tabindex=\"-1\" href=\"https:\/\/es-us.noticias.yahoo.com\/caso-descenso-city-estar%C3%A9-insiste-151109586.html\" data-test-locator=\"stream-item-image\" data-ylk=\"itc:0;elm:img;elmt:ct;imgt:ss;bpos:1;cpos:6;cposy:11;p_sys:jarvis;rspns:nav;t1:a3;t2:strm;t3:ct;ccode:ntk_assetlist_unified__es-US__news__default__default__desktop__ga__noSplit;ct:story;g:a9150464-6c82-3814-80b3-962f49ac17ed;grpt:singlestory;pkgt:orphan_img;pos:1;cnt_tpc:Sports;slk:Incluso en caso de descenso del City &quot;estar\u00e9 ah\u00ed&quot;, insiste Guardiola;\" aria-hidden=\"true\" data-rapid_p=\"11\" data-v9y=\"1\"><img loading=\"lazy\" decoding=\"async\" src=\"https:\/\/s.yimg.com\/uu\/api\/res\/1.2\/C51Y1fU5Sna5svrptvSOew--~B\/Zmk9c3RyaW07aD0yODQ7cT04MDt3PTUzNjthcHBpZD15dGFjaHlvbg--\/https:\/\/media.zenfs.com\/es\/es.afp.com\/8565e6aa2ed49d9d33b1f0105e4983f7.cf.webp\" alt=\"\" width=\"268\" height=\"142\" data-test-locator=\"stream-item-image\" \/><\/a><\/div>\n<div class=\"D(f) Fld(c) Fxg(1) Miw(0)\">\n<div class=\"Fz(12px) D(f) C(--battleship) Mb(4px)\"><strong class=\"Tt(c) Fw(500) Whs(nw) C(--solo-cup)\" data-test-locator=\"stream-item-category-label\">Deportes<\/strong><span class=\"Mx(8px) Fw(500)\" aria-hidden=\"true\">\u00b7<\/span><span class=\"Ell\" data-test-locator=\"stream-item-publisher\">AFP<\/span><\/div>\n<h3 class=\"LineClamp(2,2.6em) Mend(50px) Mb(4px) Lh(1.33) Fz(18px) Fz(16px)--maw1024 Fw(b) stream-item-title\" data-test-locator=\"stream-item-title\"><a class=\"stream-title D(b) Td(n) Td(n):f C(--batcave) C($streamBrandHoverClass):h C($streamBrandHoverClass):fv\" href=\"https:\/\/es-us.noticias.yahoo.com\/caso-descenso-city-estar%C3%A9-insiste-151109586.html\" data-uuid=\"a9150464-6c82-3814-80b3-962f49ac17ed\" data-wf-caas-prefetch=\"0\" data-wf-caas-uuid=\"a9150464-6c82-3814-80b3-962f49ac17ed\" data-ylk=\"itc:0;elm:hdln;elmt:ct;bpos:1;cpos:6;cposy:11;p_sys:jarvis;rspns:nav;t1:a3;t2:strm;t3:ct;ccode:ntk_assetlist_unified__es-US__news__default__default__desktop__ga__noSplit;ct:story;g:a9150464-6c82-3814-80b3-962f49ac17ed;grpt:singlestory;pkgt:orphan_img;pos:1;cnt_tpc:Sports;slk:Incluso en caso de descenso del City &quot;estar\u00e9 ah\u00ed&quot;, insiste Guardiola;\" data-rapid_p=\"12\" data-v9y=\"1\">Incluso en caso de descenso del City \u00abestar\u00e9 ah\u00ed\u00bb, insiste Guardiola<u class=\"StretchedBox\"><\/u><\/a><\/h3>\n<p class=\"finance-ticker-fetch-success_D(n) LineClamp(2,40px) sub-upsell-fetch-success_D(n) Fz(14px) Lh(1.43) C(--batcave) Mb(4px) Mend(50px) Mt(2px) Bxz(bb) Wob($break-word)\" data-test-locator=\"stream-item-summary\">\u00abEstar\u00e9 ah\u00ed\u00bb, incluso si el Manchester City, acusado de m\u00faltiples infracciones financieras, sufriese un descenso administrativo, asegur\u00f3 este viernes el t\u00e9cnico Pep Guardiola, un d\u00eda despu\u00e9s del anuncio de su renovaci\u00f3n hasta 2027.El Manchester City est\u00e1 acusado por la Premier League de haber cometido infracciones financieras despu\u00e9s de la llegada del propietario emirat\u00ed en 2008.<\/p>\n<\/div>\n<div class=\"Pos(r) D(f)\">\n<div class=\"D(f) Fld(c) Fxg(1) Miw(0)\">\n<p class=\"finance-ticker-fetch-success_D(n) LineClamp(2,40px) sub-upsell-fetch-success_D(n) Fz(14px) Lh(1.43) C(--batcave) Mb(4px) Mend(50px) Mt(2px) Bxz(bb) Wob($break-word)\" data-test-locator=\"stream-item-summary\">\n<\/div>\n<\/div>\n<div class=\"Pos(r) D(f)\"><\/div>\n<div class=\"drawer-fetch-boundary Pos(r)\">\n<div class=\"drawer-adfeedback-wrapper-e74f6ec2-f80e-3a40-ae07-c4e6293f5073\"><\/div>\n<div class=\"adfeedback-dialog\"><\/div>\n<\/div>\n<\/div>\n<\/li>\n<li class=\"stream-item js-stream-content Bgc(t) Pos(r) Mb(24px)\" data-uuid=\"29d10c8d-95ea-39d0-8f95-dde188d30921\" data-cpos=\"11\" data-cposy=\"16\" data-i13n-cfg=\"{&quot;bpos&quot;:1,&quot;categoryLabel&quot;:&quot;Entertainment&quot;,&quot;cpos&quot;:11,&quot;cposy&quot;:16}\" data-test-locator=\"stream-item\">\n<div class=\"Pos(r) D(f)\">\n<div class=\"Mend(20px) Flxb(1) Pos(r)\"><a class=\"H(0) T(0px) Bdrs(8px) Start(0) D(b) Td(n) W(268px) Ov(h)\" tabindex=\"-1\" href=\"https:\/\/es-us.noticias.yahoo.com\/deportes\/impresionante-mural-franco-colapinto-luj%C3%A1n-165047359.html\" data-test-locator=\"stream-item-image\" data-ylk=\"itc:0;elm:img;elmt:ct;imgt:ss;bpos:1;cpos:11;cposy:16;p_sys:jarvis;rspns:nav;t1:a3;t2:strm;t3:ct;ccode:ntk_assetlist_unified__es-US__news__default__default__desktop__ga__noSplit;ct:story;g:29d10c8d-95ea-39d0-8f95-dde188d30921;grpt:singlestory;pkgt:orphan_img;pos:1;cnt_tpc:Entertainment;slk:Cre\u00f3 un mural de Colapinto en Luj\u00e1n y qued\u00f3 at\u00f3nita ante la respuesta del piloto: \u201cTuve que mirarlo tres veces\u201d;\" aria-hidden=\"true\" data-rapid_p=\"23\" data-v9y=\"1\"><img loading=\"lazy\" decoding=\"async\" src=\"https:\/\/s.yimg.com\/uu\/api\/res\/1.2\/YvdsXghSdXjL1HXLsjlRAQ--~B\/Zmk9c3RyaW07aD0yODQ7cT04MDt3PTUzNjthcHBpZD15dGFjaHlvbg--\/https:\/\/media.zenfs.com\/es\/lanacion.com.ar\/4cc904a981e205a51cb877b9c10e2ac8.cf.webp\" alt=\"\" width=\"268\" height=\"142\" data-test-locator=\"stream-item-image\" \/><\/a><\/div>\n<div class=\"D(f) Fld(c) Fxg(1) Miw(0)\">\n<div class=\"Fz(12px) D(f) C(--battleship) Mb(4px)\"><strong class=\"Tt(c) Fw(500) Whs(nw) C(--barney)\" data-test-locator=\"stream-item-category-label\">Entretenimiento<\/strong><span class=\"Mx(8px) Fw(500)\" aria-hidden=\"true\">\u00b7<\/span><span class=\"Ell\" data-test-locator=\"stream-item-publisher\">LA NACION<\/span><\/div>\n<h3 class=\"LineClamp(2,2.6em) Mend(50px) Mb(4px) Lh(1.33) Fz(18px) Fz(16px)--maw1024 Fw(b) stream-item-title\" data-test-locator=\"stream-item-title\"><a class=\"stream-title D(b) Td(n) Td(n):f C(--batcave) C($streamBrandHoverClass):h C($streamBrandHoverClass):fv\" href=\"https:\/\/es-us.noticias.yahoo.com\/deportes\/impresionante-mural-franco-colapinto-luj%C3%A1n-165047359.html\" data-uuid=\"29d10c8d-95ea-39d0-8f95-dde188d30921\" data-wf-caas-prefetch=\"0\" data-wf-caas-uuid=\"29d10c8d-95ea-39d0-8f95-dde188d30921\" data-ylk=\"itc:0;elm:hdln;elmt:ct;bpos:1;cpos:11;cposy:16;p_sys:jarvis;rspns:nav;t1:a3;t2:strm;t3:ct;ccode:ntk_assetlist_unified__es-US__news__default__default__desktop__ga__noSplit;ct:story;g:29d10c8d-95ea-39d0-8f95-dde188d30921;grpt:singlestory;pkgt:orphan_img;pos:1;cnt_tpc:Entertainment;slk:Cre\u00f3 un mural de Colapinto en Luj\u00e1n y qued\u00f3 at\u00f3nita ante la respuesta del piloto: \u201cTuve que mirarlo tres veces\u201d;\" data-rapid_p=\"24\" data-v9y=\"1\">Cre\u00f3 un mural de Colapinto en Luj\u00e1n y qued\u00f3 at\u00f3nita ante la respuesta del piloto: \u201cTuve que mirarlo tres veces\u201d<u class=\"StretchedBox\"><\/u><\/a><\/h3>\n<p class=\"finance-ticker-fetch-success_D(n) LineClamp(2,40px) sub-upsell-fetch-success_D(n) Fz(14px) Lh(1.43) C(--batcave) Mb(4px) Mend(50px) Mt(2px) Bxz(bb) Wob($break-word)\" data-test-locator=\"stream-item-summary\">La artista Amy Rena dialog\u00f3 con LA NACION y explic\u00f3 cu\u00e1nto demor\u00f3 en retratar el rostro del piloto en una gigantesca pared; el momento donde el celular le \u201cexplot\u00f3\u201d tras el mensaje del pilarense<\/p>\n<div class=\"Fz(12px) D(f) Ai(c) C(--battleship)\"><\/div>\n<\/div>\n<\/div>\n<div class=\"drawer-fetch-boundary Pos(r)\">\n<div class=\"drawer-adfeedback-wrapper-29d10c8d-95ea-39d0-8f95-dde188d30921\"><\/div>\n<div class=\"adfeedback-dialog\"><\/div>\n<\/div>\n<\/li>\n<li class=\"stream-item js-stream-content Bgc(t) Pos(r) Mb(24px)\" data-uuid=\"a246fe83-2222-3e36-862b-fd9fb3d2f76a\" data-cpos=\"12\" data-cposy=\"17\" data-i13n-cfg=\"{&quot;bpos&quot;:1,&quot;categoryLabel&quot;:&quot;Sports&quot;,&quot;cpos&quot;:12,&quot;cposy&quot;:17}\" data-test-locator=\"stream-item\">\n<div class=\"Pos(r) D(f)\">\n<div class=\"Mend(20px) Flxb(1) Pos(r)\"><a class=\"H(0) T(0px) Bdrs(8px) Start(0) D(b) Td(n) W(268px) Ov(h)\" tabindex=\"-1\" href=\"https:\/\/es-us.noticias.yahoo.com\/copa-sudamericana-hinchas-racing-iban-141755093.html\" data-test-locator=\"stream-item-image\" data-ylk=\"itc:0;elm:img;elmt:ct;imgt:ss;bpos:1;cpos:12;cposy:17;p_sys:jarvis;rspns:nav;t1:a3;t2:strm;t3:ct;ccode:ntk_assetlist_unified__es-US__news__default__default__desktop__ga__noSplit;ct:story;g:a246fe83-2222-3e36-862b-fd9fb3d2f76a;grpt:singlestory;pkgt:orphan_img;pos:1;cnt_tpc:Sports;slk:Copa Sudamericana: hinchas de Racing que iban a la final chocaron en la frontera con Paraguay;\" aria-hidden=\"true\" data-rapid_p=\"25\" data-v9y=\"1\"><img loading=\"lazy\" decoding=\"async\" src=\"https:\/\/s.yimg.com\/uu\/api\/res\/1.2\/VB1zcQWWp_BVCeywC2WT_g--~B\/Zmk9c3RyaW07aD0yODQ7cT04MDt3PTUzNjthcHBpZD15dGFjaHlvbg--\/https:\/\/media.zenfs.com\/es\/lanacion.com.ar\/184eb07a81e15c2ddc7f6db3f3f2db29.cf.webp\" alt=\"\" width=\"268\" height=\"142\" data-test-locator=\"stream-item-image\" \/><\/a><\/div>\n<div class=\"D(f) Fld(c) Fxg(1) Miw(0)\">\n<div class=\"Fz(12px) D(f) C(--battleship) Mb(4px)\"><strong class=\"Tt(c) Fw(500) Whs(nw) C(--solo-cup)\" data-test-locator=\"stream-item-category-label\">Depo<\/strong><\/div>\n<\/div>\n<\/div>\n<\/li>\n<\/ul>\n","protected":false},"excerpt":{"rendered":"<p>Deportes\u00b7AP Clubes de la Liga Premier votan cambiar reglas financieras tras desaf\u00edo del City Los clubes de la Liga Premier acordaron el viernes modificar las reglas de una de las regulaciones clave de la competencia relacionadas con la equidad financiera tras el desaf\u00edo legal por parte del Manchester City.Despu\u00e9s de una votaci\u00f3n de los 20 &hellip;<\/p>\n","protected":false},"author":2,"featured_media":14826,"comment_status":"open","ping_status":"open","sticky":false,"template":"","format":"standard","meta":{"footnotes":""},"categories":[6],"tags":[],"class_list":["post-14825","post","type-post","status-publish","format-standard","has-post-thumbnail","hentry","category-internacionales"],"_links":{"self":[{"href":"https:\/\/www.sportchaco.com.ar\/index.php?rest_route=\/wp\/v2\/posts\/14825","targetHints":{"allow":["GET"]}}],"collection":[{"href":"https:\/\/www.sportchaco.com.ar\/index.php?rest_route=\/wp\/v2\/posts"}],"about":[{"href":"https:\/\/www.sportchaco.com.ar\/index.php?rest_route=\/wp\/v2\/types\/post"}],"author":[{"embeddable":true,"href":"https:\/\/www.sportchaco.com.ar\/index.php?rest_route=\/wp\/v2\/users\/2"}],"replies":[{"embeddable":true,"href":"https:\/\/www.sportchaco.com.ar\/index.php?rest_route=%2Fwp%2Fv2%2Fcomments&post=14825"}],"version-history":[{"count":1,"href":"https:\/\/www.sportchaco.com.ar\/index.php?rest_route=\/wp\/v2\/posts\/14825\/revisions"}],"predecessor-version":[{"id":14827,"href":"https:\/\/www.sportchaco.com.ar\/index.php?rest_route=\/wp\/v2\/posts\/14825\/revisions\/14827"}],"wp:featuredmedia":[{"embeddable":true,"href":"https:\/\/www.sportchaco.com.ar\/index.php?rest_route=\/wp\/v2\/media\/14826"}],"wp:attachment":[{"href":"https:\/\/www.sportchaco.com.ar\/index.php?rest_route=%2Fwp%2Fv2%2Fmedia&parent=14825"}],"wp:term":[{"taxonomy":"category","embeddable":true,"href":"https:\/\/www.sportchaco.com.ar\/index.php?rest_route=%2Fwp%2Fv2%2Fcategories&post=14825"},{"taxonomy":"post_tag","embeddable":true,"href":"https:\/\/www.sportchaco.com.ar\/index.php?rest_route=%2Fwp%2Fv2%2Ftags&post=14825"}],"curies":[{"name":"wp","href":"https:\/\/api.w.org\/{rel}","templated":true}]}}