{"id":14873,"date":"2024-11-24T22:47:42","date_gmt":"2024-11-25T01:47:42","guid":{"rendered":"https:\/\/www.sportchaco.com.ar\/?p=14873"},"modified":"2024-11-24T22:47:42","modified_gmt":"2024-11-25T01:47:42","slug":"efemerides-del-26-de-noviembre-2","status":"publish","type":"post","link":"https:\/\/www.sportchaco.com.ar\/?p=14873","title":{"rendered":"Efem\u00e9rides del 26 de noviembre"},"content":{"rendered":"<div class=\"container fullwidth-entry-title-wrapper\">\n<div class=\"container-wrapper fullwidth-entry-title\">\n<header class=\"entry-header-outer\">\n<div class=\"entry-header\">\n<h1 class=\"post-title entry-title\"><\/h1>\n<\/div>\n<\/header>\n<\/div>\n<\/div>\n<div id=\"content\" class=\"site-content container\">\n<div id=\"main-content-row\" class=\"tie-row main-content-row\">\n<div class=\"main-content tie-col-md-8 tie-col-xs-12\" role=\"main\">\n<article id=\"the-post\" class=\"container-wrapper post-content tie-standard\">\n<div class=\"featured-area\">\n<div class=\"featured-area-inner\">\n<figure class=\"single-featured-image\"><\/figure>\n<\/div>\n<\/div>\n<div class=\"entry-content entry clearfix\">\n<p><b>Estas son las efem\u00e9rides de un 26 de noviembre, del libro \u00ab100 a\u00f1os de historia del deporte en el Chaco\u00bb, del periodista Luis Dar\u00edo Molodezky.<\/b><\/p>\n<p><img decoding=\"async\" src=\"https:\/\/www.sportchaco.com.ar\/wp-content\/uploads\/2023\/11\/Luis-D-SP-199x300.jpg\" \/><\/p>\n<p>&nbsp;<\/p>\n<p><strong>2006 \/<\/strong>\u00a0El Pato Juan Manuel Silva se consagr\u00f3<br \/>\nsubcampe\u00f3n de TC 2000, tras resultar escolta de Mat\u00edas Rossi en la<br \/>\ncarrera de Paran\u00e1. Rossi sum\u00f3 186 puntos, uno m\u00e1s que el<br \/>\nchaque\u00f1o.<\/p>\n<p><strong>2006<\/strong>\u00a0<strong>\/<\/strong>\u00a0El chaque\u00f1o Ramiro Gandola se consagra<br \/>\nsubcampe\u00f3n argentino de la clase mayor del Supermotard, en la<br \/>\n\u00faltima fecha disputada en La Rioja.<\/p>\n<p><strong>2006 \/<\/strong>\u00a0Sebasti\u00e1n Zalazar en la Escuela Uno, Ricardo<br \/>\nRegojo en Escuela Dos y Luis Rom\u00e1n en la Cuatro Tiempos, se<br \/>\ncoronaron campeones de torneo organizado por la Asociaci\u00f3n<br \/>\nChaque\u00f1a de Motociclismo, que se disput\u00f3 en el circuito de Villa<br \/>\nBarber\u00e1n.<\/p>\n<p><strong>2006 \/<\/strong>\u00a0El clotildense Ariel Dufek se consagra campe\u00f3n<br \/>\ndel Zonal de Karting en categor\u00eda 125 cc. \u201cInternacional<br \/>\nYamaha\u201d, al disputarse la d\u00e9cima y \u00faltima fecha en el kart\u00f3dromo<br \/>\nde la APICH, organizado por la A.Cha.C.K.A. los villangelenses<br \/>\nBrian Monferrer Juncal y Germ\u00e1n Kleisinger celebraron el t\u00edtulo<br \/>\nconcluyendo en lo m\u00e1s alto del podio en 70 cc. \u201cZanella\u201d y 125 cc.<br \/>\n\u201cPromocional\u201d.<\/p>\n<p><em>Foto* de Ramiro Gandola en Supermotard<\/em><\/p>\n<div class=\"post-bottom-meta-title\"><img loading=\"lazy\" decoding=\"async\" class=\"alignnone size-medium wp-image-14875 aligncenter\" src=\"https:\/\/www.sportchaco.com.ar\/wp-content\/uploads\/2024\/11\/Comida-Comida-en-Hospitales-300x600-1-150x300.gif\" alt=\"\" width=\"150\" height=\"300\" \/><\/div>\n<\/div>\n<\/article>\n<\/div>\n<\/div>\n<\/div>\n","protected":false},"excerpt":{"rendered":"<p>Estas son las efem\u00e9rides de un 26 de noviembre, del libro \u00ab100 a\u00f1os de historia del deporte en el Chaco\u00bb, del periodista Luis Dar\u00edo Molodezky. &nbsp; 2006 \/\u00a0El Pato Juan Manuel Silva se consagr\u00f3 subcampe\u00f3n de TC 2000, tras resultar escolta de Mat\u00edas Rossi en la carrera de Paran\u00e1. Rossi sum\u00f3 186 puntos, uno m\u00e1s &hellip;<\/p>\n","protected":false},"author":2,"featured_media":14874,"comment_status":"open","ping_status":"open","sticky":false,"template":"","format":"standard","meta":{"footnotes":""},"categories":[45,41],"tags":[],"class_list":["post-14873","post","type-post","status-publish","format-standard","has-post-thumbnail","hentry","category-efemerides-dia-por-dia","category-noviembre"],"_links":{"self":[{"href":"https:\/\/www.sportchaco.com.ar\/index.php?rest_route=\/wp\/v2\/posts\/14873","targetHints":{"allow":["GET"]}}],"collection":[{"href":"https:\/\/www.sportchaco.com.ar\/index.php?rest_route=\/wp\/v2\/posts"}],"about":[{"href":"https:\/\/www.sportchaco.com.ar\/index.php?rest_route=\/wp\/v2\/types\/post"}],"author":[{"embeddable":true,"href":"https:\/\/www.sportchaco.com.ar\/index.php?rest_route=\/wp\/v2\/users\/2"}],"replies":[{"embeddable":true,"href":"https:\/\/www.sportchaco.com.ar\/index.php?rest_route=%2Fwp%2Fv2%2Fcomments&post=14873"}],"version-history":[{"count":1,"href":"https:\/\/www.sportchaco.com.ar\/index.php?rest_route=\/wp\/v2\/posts\/14873\/revisions"}],"predecessor-version":[{"id":14876,"href":"https:\/\/www.sportchaco.com.ar\/index.php?rest_route=\/wp\/v2\/posts\/14873\/revisions\/14876"}],"wp:featuredmedia":[{"embeddable":true,"href":"https:\/\/www.sportchaco.com.ar\/index.php?rest_route=\/wp\/v2\/media\/14874"}],"wp:attachment":[{"href":"https:\/\/www.sportchaco.com.ar\/index.php?rest_route=%2Fwp%2Fv2%2Fmedia&parent=14873"}],"wp:term":[{"taxonomy":"category","embeddable":true,"href":"https:\/\/www.sportchaco.com.ar\/index.php?rest_route=%2Fwp%2Fv2%2Fcategories&post=14873"},{"taxonomy":"post_tag","embeddable":true,"href":"https:\/\/www.sportchaco.com.ar\/index.php?rest_route=%2Fwp%2Fv2%2Ftags&post=14873"}],"curies":[{"name":"wp","href":"https:\/\/api.w.org\/{rel}","templated":true}]}}