{"id":14882,"date":"2024-11-25T18:41:24","date_gmt":"2024-11-25T21:41:24","guid":{"rendered":"https:\/\/www.sportchaco.com.ar\/?p=14882"},"modified":"2024-11-25T18:41:24","modified_gmt":"2024-11-25T21:41:24","slug":"mourglia-se-consagro-campeon-del-zonal-de-automovilismo","status":"publish","type":"post","link":"https:\/\/www.sportchaco.com.ar\/?p=14882","title":{"rendered":"Mourglia se consagr\u00f3 campe\u00f3n del Zonal de Automovilismo"},"content":{"rendered":"<p><strong>25-11-2024<\/strong><\/p>\n<p><img loading=\"lazy\" decoding=\"async\" class=\" wp-image-11681 aligncenter\" src=\"https:\/\/www.sportchaco.com.ar\/wp-content\/uploads\/2024\/07\/CHACO-JUEGA-BANNERS-1_320X50-1-300x47.gif\" alt=\"\" width=\"357\" height=\"56\" \/><\/p>\n<p>Juan Manuel Mourglia gan\u00f3 la pulseada que manten\u00eda con Pablo Zacar\u00edas y Sebasti\u00e1n Mir\u00f3n, y se consagr\u00f3 campe\u00f3n del Zonal de Automovilismo en una Clase 2 que tuvo una definici\u00f3n de pel\u00edcula. Tambi\u00e9n celebraron Daniel Salas (Clase 1) y Nelson Frontalini (TC Chaque\u00f1o).<\/p>\n<p>En pista, los vencedores en la octava y \u00faltima fecha que se corri\u00f3 en el circuito \u201cJos\u00e9 Froil\u00e1n Gonz\u00e1lez\u201d de Villa \u00c1ngela fueron Salas en la Clase 1 y Roly L\u00f3pez en la Clase 2; mientras que en el TC Chaque\u00f1o las victorias fueron para Nicol\u00e1s Parij entre los \u201ctitulares\u201d y Oscar\u00a0<em>Zapallito<\/em>\u00a0S\u00e1nchez entre los \u201cinvitados\u201d, conduciendo la m\u00e1quina de Nelson Romaniuk, la misma que le hab\u00eda dado al de Machagai cinco t\u00edtulos en la entonces Clase D.<\/p>\n<div id=\"attachment_44325\" class=\"wp-caption alignnone\"><a href=\"https:\/\/www.ecodeportivo.com.ar\/img\/2024\/11\/salas-campeon-VA.jpg\"><img loading=\"lazy\" decoding=\"async\" class=\"wp-image-44325 size-full\" src=\"https:\/\/www.ecodeportivo.com.ar\/img\/2024\/11\/salas-campeon-VA.jpg\" sizes=\"auto, (max-width: 1260px) 100vw, 1260px\" srcset=\"https:\/\/www.ecodeportivo.com.ar\/img\/2024\/11\/salas-campeon-VA.jpg 1260w, https:\/\/www.ecodeportivo.com.ar\/img\/2024\/11\/salas-campeon-VA-300x180.jpg 300w, https:\/\/www.ecodeportivo.com.ar\/img\/2024\/11\/salas-campeon-VA-1024x614.jpg 1024w, https:\/\/www.ecodeportivo.com.ar\/img\/2024\/11\/salas-campeon-VA-768x461.jpg 768w\" alt=\"\" width=\"1260\" height=\"756\" aria-describedby=\"caption-attachment-44325\" \/><\/a><\/div>\n<p>Un calor agobiante, que oscil\u00f3 en unos 40 grados durante buena parte de la jornada y para nada pas\u00f3 inadvertido, fue el marco en el que se disputaron las pruebas que cerraron el calendario de competencias de la Federaci\u00f3n Chaque\u00f1a de Automovilismo Deportivo, con el Gran Premio \u201c103\u00ba Aniversario del Club Alvear\u201d<\/p>\n<p>La temporada lleg\u00f3 a su fin y tambi\u00e9n en Villa \u00c1ngela se cumplir\u00e1 con la cena coronaci\u00f3n tanto para el Campeonato Zonal como para el Campeonato Provincial de Karting en tierra, que hab\u00eda cerrado el a\u00f1o una semana antes en Santa Sylvina. La celebraci\u00f3n ser\u00e1 en el mismo predio automovil\u00edstico.<\/p>\n<p><strong>Zacar\u00edas qued\u00f3 lejos, y Mir\u00f3n estuvo a un paso<br \/>\n<\/strong>La definici\u00f3n de la Clase 2 en la jornada de cierre de la temporada se constitu\u00eda en la mayor atracci\u00f3n, porque la fecha otorgaba punto y medio. Es que Juan Manuel Mourglia (200), Pablo Zacar\u00edas (189,8) y Sebasti\u00e1n Mir\u00f3n (176,1) eran los que se manten\u00edan en carrera por el t\u00edtulo, y el plan de cada uno deb\u00eda funcionar casi a la perfecci\u00f3n, en la medida que el resto se lo permita.<\/p>\n<p>Parec\u00eda encaminarse bien la jornada para Mir\u00f3n, que hab\u00eda sido el m\u00e1s veloz en la clasificaci\u00f3n y gan\u00f3 su serie, sumando puntos importantes. Al mismo tiempo, Pablo Zacar\u00edas no le encontr\u00f3 la vuelta a un problema en su veh\u00edculo que lo retras\u00f3 tanto en la serie como en la final, quedando marginado definitivamente de la posibilidad de repetir el \u201c1\u201d del a\u00f1o anterior.<\/p>\n<p>En la final tom\u00f3 la punta Mir\u00f3n, que larg\u00f3 desde el primer caj\u00f3n, mientras Mourglia se ubicaba s\u00e9ptimo y Zacar\u00edas 14\u00ba, aunque con el correr de las vueltas todo cambiar\u00eda y el ingreso del auto de seguridad y algunos toques fueron determinantes. Es que Mendoza, L\u00f3pez y Lecce tomaron protagonismo y Mir\u00f3n qued\u00f3 relegado a la cuarta colocaci\u00f3n, seguido de cerca por Mourglia.<\/p>\n<p>La victoria fue para Daniel Mendoza pero sufri\u00f3 un recargo que lo mand\u00f3 a la 16\u00aa colocaci\u00f3n, quedando el triunfo para Roly L\u00f3pez, seguido por Sebasti\u00e1n Mir\u00f3n y Juan Marcelo Lecce. El cuarto lugar le termin\u00f3 asegurando a Juan Manuel Mourglia el campeonato largamente festejado en una definici\u00f3n que se dio en su propio pueblo, como un final de pel\u00edcula.<\/p>\n<p><em><strong>Fuente: EcoDeportivo<\/strong><\/em><\/p>\n<p><img loading=\"lazy\" decoding=\"async\" class=\" wp-image-14581 aligncenter\" src=\"https:\/\/www.sportchaco.com.ar\/wp-content\/uploads\/2024\/11\/CHACO-JUEGA-BANNERS-1_250X250-1.gif\" alt=\"\" width=\"284\" height=\"284\" \/><\/p>\n","protected":false},"excerpt":{"rendered":"<p>25-11-2024 Juan Manuel Mourglia gan\u00f3 la pulseada que manten\u00eda con Pablo Zacar\u00edas y Sebasti\u00e1n Mir\u00f3n, y se consagr\u00f3 campe\u00f3n del Zonal de Automovilismo en una Clase 2 que tuvo una definici\u00f3n de pel\u00edcula. Tambi\u00e9n celebraron Daniel Salas (Clase 1) y Nelson Frontalini (TC Chaque\u00f1o). En pista, los vencedores en la octava y \u00faltima fecha que &hellip;<\/p>\n","protected":false},"author":3,"featured_media":14883,"comment_status":"open","ping_status":"open","sticky":false,"template":"","format":"standard","meta":{"footnotes":""},"categories":[2],"tags":[],"class_list":["post-14882","post","type-post","status-publish","format-standard","has-post-thumbnail","hentry","category-automovilismo"],"_links":{"self":[{"href":"https:\/\/www.sportchaco.com.ar\/index.php?rest_route=\/wp\/v2\/posts\/14882","targetHints":{"allow":["GET"]}}],"collection":[{"href":"https:\/\/www.sportchaco.com.ar\/index.php?rest_route=\/wp\/v2\/posts"}],"about":[{"href":"https:\/\/www.sportchaco.com.ar\/index.php?rest_route=\/wp\/v2\/types\/post"}],"author":[{"embeddable":true,"href":"https:\/\/www.sportchaco.com.ar\/index.php?rest_route=\/wp\/v2\/users\/3"}],"replies":[{"embeddable":true,"href":"https:\/\/www.sportchaco.com.ar\/index.php?rest_route=%2Fwp%2Fv2%2Fcomments&post=14882"}],"version-history":[{"count":1,"href":"https:\/\/www.sportchaco.com.ar\/index.php?rest_route=\/wp\/v2\/posts\/14882\/revisions"}],"predecessor-version":[{"id":14884,"href":"https:\/\/www.sportchaco.com.ar\/index.php?rest_route=\/wp\/v2\/posts\/14882\/revisions\/14884"}],"wp:featuredmedia":[{"embeddable":true,"href":"https:\/\/www.sportchaco.com.ar\/index.php?rest_route=\/wp\/v2\/media\/14883"}],"wp:attachment":[{"href":"https:\/\/www.sportchaco.com.ar\/index.php?rest_route=%2Fwp%2Fv2%2Fmedia&parent=14882"}],"wp:term":[{"taxonomy":"category","embeddable":true,"href":"https:\/\/www.sportchaco.com.ar\/index.php?rest_route=%2Fwp%2Fv2%2Fcategories&post=14882"},{"taxonomy":"post_tag","embeddable":true,"href":"https:\/\/www.sportchaco.com.ar\/index.php?rest_route=%2Fwp%2Fv2%2Ftags&post=14882"}],"curies":[{"name":"wp","href":"https:\/\/api.w.org\/{rel}","templated":true}]}}