{"id":14900,"date":"2024-11-26T15:00:00","date_gmt":"2024-11-26T18:00:00","guid":{"rendered":"https:\/\/www.sportchaco.com.ar\/?p=14900"},"modified":"2024-11-26T15:02:12","modified_gmt":"2024-11-26T18:02:12","slug":"don-orione-le-protestara-el-partido-a-fontana-y-no-habra-final-del-domingo","status":"publish","type":"post","link":"https:\/\/www.sportchaco.com.ar\/?p=14900","title":{"rendered":"Don Orione le protestar\u00e1 el partido a Fontana y no habr\u00e1 final el domingo"},"content":{"rendered":"<p><strong>26-11-2024<\/strong><\/p>\n<p><img loading=\"lazy\" decoding=\"async\" class=\" wp-image-11990 aligncenter\" src=\"https:\/\/www.sportchaco.com.ar\/wp-content\/uploads\/2024\/07\/Copy-of-CHACO-JUEGA-BANNERS-1_1200X200-1-300x50.gif\" alt=\"\" width=\"408\" height=\"68\" srcset=\"https:\/\/www.sportchaco.com.ar\/wp-content\/uploads\/2024\/07\/Copy-of-CHACO-JUEGA-BANNERS-1_1200X200-1-300x50.gif 300w, https:\/\/www.sportchaco.com.ar\/wp-content\/uploads\/2024\/07\/Copy-of-CHACO-JUEGA-BANNERS-1_1200X200-1-1024x171.gif 1024w, https:\/\/www.sportchaco.com.ar\/wp-content\/uploads\/2024\/07\/Copy-of-CHACO-JUEGA-BANNERS-1_1200X200-1-768x128.gif 768w\" sizes=\"auto, (max-width: 408px) 100vw, 408px\" \/><\/p>\n<p>Finalmente no habr\u00e1, al menos este fin de semana, definici\u00f3n en el torneo Clausura de la Liga Chaque\u00f1a de F\u00fatbol ya que Don Orione le protestar\u00e1 el partido de las semifinales a Fontana por la mala inclusi\u00f3n de jugadores.<\/p>\n<p>As\u00ed lo confirm\u00f3 el presidente del club \u00abportuario\u00bb, Osvaldo Nardoni, en el programa deportivo <em>\u00abEntretiempo\u00bb<\/em> que sale los mediod\u00edas en Radio Ciudad.<\/p>\n<p>\u00abUno se tiene que preocupar por los intereses de su club, por eso nos tomamos unos d\u00edas, analizamos la situaci\u00f3n, nos asesoramos y vamos a presentar la protesta en la Liga Chaque\u00f1a\u00bb, dijo el titular del equipo de Barranqueras.<\/p>\n<p>Orione hab\u00eda enfrentado a Fontana el pasado s\u00e1bado por una de las semis del campeonato, el partido termin\u00f3 empatado en dos goles, pero en los penales el \u00abtaninero\u00bb se impuso 3-2 y se hab\u00eda clasificado a la final. Pero en Barranqueras entienden que tres jugadores del equipo de Alsina estaban mal incluidos y que su vinculaci\u00f3n con el equipo finalizaba con la eliminaci\u00f3n en el torneo Regional Amateur.<\/p>\n<p>Se trata de Lautaro P\u00e9rez (lleg\u00f3 de Policiales), Roberto Prieto (lleg\u00f3 de CUNE) y Santiago Velozo (lleg\u00f3 de Deportivo Luj\u00e1n) que eran refuerzos de Fontana y que, seg\u00fan entienden en Don Orione, no ten\u00edan contrato hasta el 31 de diciembre con el club \u00abtaninero\u00bb y por ende no pod\u00edan jugar las semifinales.<\/p>\n<p>De esta manera la dirigencia \u00abportuaria\u00bb presentar\u00e1 en las pr\u00f3ximas la protesta de manera formal y se tendr\u00e1 que hacer cargo de tomar una decisi\u00f3n el Tribunal de Disciplina de la Liga Chaque\u00f1a. Justamente, en las \u00faltimas horas del lunes, el ente organizador hab\u00eda avisados a los finalistas (Fontana y Estudiantes) que el partido final iba a ir este domingo 1 de diciembre a las 19:30 horas en el Centenario.<\/p>\n<p>Con dicha protesta en curso y, con la posibilidad de que alguno de los dos equipos en cuesti\u00f3n luego vaya al Consejo Federal de F\u00fatbol, la final no se disputar\u00e1 este fin de semana y habr\u00e1 que esperar para tener campe\u00f3n en el segundo semestre del a\u00f1o.<\/p>\n<p><img loading=\"lazy\" decoding=\"async\" class=\" wp-image-12986 aligncenter\" src=\"https:\/\/www.sportchaco.com.ar\/wp-content\/uploads\/2024\/09\/CHACO-JUEGA-BANNERS-1_300X250-1.gif\" alt=\"\" width=\"376\" height=\"313\" \/><\/p>\n","protected":false},"excerpt":{"rendered":"<p>26-11-2024 Finalmente no habr\u00e1, al menos este fin de semana, definici\u00f3n en el torneo Clausura de la Liga Chaque\u00f1a de F\u00fatbol ya que Don Orione le protestar\u00e1 el partido de las semifinales a Fontana por la mala inclusi\u00f3n de jugadores. As\u00ed lo confirm\u00f3 el presidente del club \u00abportuario\u00bb, Osvaldo Nardoni, en el programa deportivo \u00abEntretiempo\u00bb &hellip;<\/p>\n","protected":false},"author":3,"featured_media":14901,"comment_status":"open","ping_status":"open","sticky":false,"template":"","format":"standard","meta":{"footnotes":""},"categories":[5],"tags":[],"class_list":["post-14900","post","type-post","status-publish","format-standard","has-post-thumbnail","hentry","category-futbol"],"_links":{"self":[{"href":"https:\/\/www.sportchaco.com.ar\/index.php?rest_route=\/wp\/v2\/posts\/14900","targetHints":{"allow":["GET"]}}],"collection":[{"href":"https:\/\/www.sportchaco.com.ar\/index.php?rest_route=\/wp\/v2\/posts"}],"about":[{"href":"https:\/\/www.sportchaco.com.ar\/index.php?rest_route=\/wp\/v2\/types\/post"}],"author":[{"embeddable":true,"href":"https:\/\/www.sportchaco.com.ar\/index.php?rest_route=\/wp\/v2\/users\/3"}],"replies":[{"embeddable":true,"href":"https:\/\/www.sportchaco.com.ar\/index.php?rest_route=%2Fwp%2Fv2%2Fcomments&post=14900"}],"version-history":[{"count":2,"href":"https:\/\/www.sportchaco.com.ar\/index.php?rest_route=\/wp\/v2\/posts\/14900\/revisions"}],"predecessor-version":[{"id":14903,"href":"https:\/\/www.sportchaco.com.ar\/index.php?rest_route=\/wp\/v2\/posts\/14900\/revisions\/14903"}],"wp:featuredmedia":[{"embeddable":true,"href":"https:\/\/www.sportchaco.com.ar\/index.php?rest_route=\/wp\/v2\/media\/14901"}],"wp:attachment":[{"href":"https:\/\/www.sportchaco.com.ar\/index.php?rest_route=%2Fwp%2Fv2%2Fmedia&parent=14900"}],"wp:term":[{"taxonomy":"category","embeddable":true,"href":"https:\/\/www.sportchaco.com.ar\/index.php?rest_route=%2Fwp%2Fv2%2Fcategories&post=14900"},{"taxonomy":"post_tag","embeddable":true,"href":"https:\/\/www.sportchaco.com.ar\/index.php?rest_route=%2Fwp%2Fv2%2Ftags&post=14900"}],"curies":[{"name":"wp","href":"https:\/\/api.w.org\/{rel}","templated":true}]}}