{"id":14914,"date":"2024-11-27T12:10:06","date_gmt":"2024-11-27T15:10:06","guid":{"rendered":"https:\/\/www.sportchaco.com.ar\/?p=14914"},"modified":"2024-11-27T12:10:55","modified_gmt":"2024-11-27T15:10:55","slug":"pep-guardiola-se-disculpo-tras-aparecer-con-rasgunos-en-la-cabeza-hablo-de-autolesion-y-salud-mental","status":"publish","type":"post","link":"https:\/\/www.sportchaco.com.ar\/?p=14914","title":{"rendered":"Pep Guardiola se disculp\u00f3 tras aparecer con rasgu\u00f1os en la cabeza, habl\u00f3 de autolesi\u00f3n y salud mental"},"content":{"rendered":"<header class=\"caas-header\">\n<div class=\"caas-title-wrapper\">\n<h1 id=\"caas-lead-header-2f19029b-38b1-381d-99a0-de02b5d0b2d5\" data-test-locator=\"headline\"><\/h1>\n<\/div>\n<\/header>\n<div class=\"caas-content-byline-wrapper\">\n<div class=\"caas-attr\">\n<div class=\"caas-attr-meta\">\n<div class=\"caas-attr-time-style\"><\/div>\n<\/div>\n<\/div>\n<div class=\"caas-content-contain-share\">\n<div class=\"caas-share-section \">\n<div class=\"caas-share-buttons\"><\/div>\n<\/div>\n<\/div>\n<\/div>\n<figure class=\"caas-figure caas-cover\">\n<div class=\"caas-figure-with-pb\">\n<div>\n<div class=\"caas-img-container caas-img-lightbox\" data-lightbox-src=\"https:\/\/s.yimg.com\/ny\/api\/res\/1.2\/QWnejqnCCfuQE3fdNCtMBA--\/YXBwaWQ9aGlnaGxhbmRlcjt3PTE1MzY7aD0xMDI0O2NmPXdlYnA-\/https:\/\/media.zenfs.com\/es\/lanacion.com.ar\/6a1c2e45a49ec2a772067815d3020370\"><span class=\"caas-img-wrapper\"><img decoding=\"async\" class=\"caas-img\" src=\"https:\/\/s.yimg.com\/ny\/api\/res\/1.2\/vD5cgy0DzNeS.kPRGPmabw--\/YXBwaWQ9aGlnaGxhbmRlcjt3PTEyNDI7aD04Mjg7Y2Y9d2VicA--\/https:\/\/media.zenfs.com\/es\/lanacion.com.ar\/6a1c2e45a49ec2a772067815d3020370\" alt=\"Pep Guardiola pidi\u00f3 disculpas luego de que reconoci\u00f3 que se autoinfligi\u00f3 heridas en la cabeza y el rostro\" data-src=\"https:\/\/s.yimg.com\/ny\/api\/res\/1.2\/vD5cgy0DzNeS.kPRGPmabw--\/YXBwaWQ9aGlnaGxhbmRlcjt3PTEyNDI7aD04Mjg7Y2Y9d2VicA--\/https:\/\/media.zenfs.com\/es\/lanacion.com.ar\/6a1c2e45a49ec2a772067815d3020370\" \/><button class=\"link caas-lightbox\" aria-label=\"Ver imagen ampliada\" data-ylk=\"sec:image-lightbox;slk:lightbox-open;elm:expand;itc:1\" data-rapid_p=\"8\" data-v9y=\"1\"><\/button><\/span><\/div>\n<\/div>\n<\/div>\n<div class=\"caption-wrapper caption-aligned-with-image\">\n<div class=\"caption-wrapper caption-aligned-with-image\"><\/div>\n<\/div><figcaption class=\"caption-collapse\" data-id=\"m-0\">Pep Guardiola pidi\u00f3 disculpas luego de que reconoci\u00f3 que se autoinfligi\u00f3 heridas en la cabeza y el rostro<\/figcaption><\/figure>\n<div class=\"caas-body\">\n<p>La impactante recuperaci\u00f3n de Feyenoord ante Manchester City por la Champions League,\u00a0<a class=\"link yahoo-link\" href=\"https:\/\/es-us.noticias.yahoo.com\/deportes\/champions-league-mateo-retegui-marc%C3%B3-225812259.html\" data-ylk=\"slk:logrando un ag\u00f3nico empate 3-3 en el Etihad Stadium;elm:context_link;itc:0;sec:content-canvas;outcm:mb_qualified_link;_E:mb_qualified_link;ct:story;\" data-rapid_p=\"9\" data-v9y=\"1\">logrando un ag\u00f3nico empate 3-3 en el Etihad Stadium<\/a>\u00a0tras ir perdiendo 3-0, dej\u00f3 secuelas en el equipo ingl\u00e9s y provoc\u00f3 un ataque de ira en el entrenador Pep Guardiola. El catal\u00e1n apareci\u00f3 en la conferencia de prensa\u00a0<a class=\"link yahoo-link\" href=\"https:\/\/es-us.noticias.yahoo.com\/deportes\/video-pep-guardiola-da%C3%B1o-incre%C3%ADble-233153525.html\" data-ylk=\"slk:con ara\u00f1azos en la cara, la cabeza y un peque\u00f1o corte;elm:context_link;itc:0;sec:content-canvas;outcm:mb_qualified_link;_E:mb_qualified_link;ct:story;\" data-rapid_p=\"10\" data-v9y=\"1\">con ara\u00f1azos en la cara, la cabeza y un peque\u00f1o corte<\/a>\u00a0en el tabique. Consultado al respecto, Pep dijo: \u201cS\u00ed, me cort\u00e9 usando mis dedos, mis u\u00f1as. \u00bfPor qu\u00e9? Quer\u00eda hacerme da\u00f1o\u201d.<\/p>\n<p>Algunas horas despu\u00e9s del \u201cincidente\u201d, a trav\u00e9s de la cuenta oficial de Instagram, @teampep, el entrenador\u00a0<b>hizo un comunicado en el que se disculp\u00f3 por la situaci\u00f3n<\/b>. \u201cAnoche, al final de una rueda de prensa, me tomaron por sorpresa con una pregunta sobre un rasgu\u00f1o que me hab\u00eda aparecido en la cara y expliqu\u00e9 que una u\u00f1a afilada lo hab\u00eda causado accidentalmente\u201d, fue la primera parte del mensaje.<\/p>\n<figure class=\"caas-figure\">\n<div class=\"caas-figure-with-pb\">\n<div>\n<div class=\"caas-img-container caas-img-lightbox\" data-lightbox-src=\"https:\/\/s.yimg.com\/ny\/api\/res\/1.2\/dAsXLtcXDXpZQ8kQYmrOhg--\/YXBwaWQ9aGlnaGxhbmRlcjt3PTE1MzY7aD0xMDIyO2NmPXdlYnA-\/https:\/\/media.zenfs.com\/es\/lanacion.com.ar\/b426ce565adb9c210acb9888d5a2de4e\"><span class=\"caas-img-wrapper\"><img decoding=\"async\" class=\"caas-img caas-lazy has-preview caas-loaded\" src=\"https:\/\/s.yimg.com\/ny\/api\/res\/1.2\/itA6kgCsM_IMV9jXG5jK9A--\/YXBwaWQ9aGlnaGxhbmRlcjt3PTk2MDtoPTYzOTtjZj13ZWJw\/https:\/\/media.zenfs.com\/es\/lanacion.com.ar\/b426ce565adb9c210acb9888d5a2de4e\" alt=\"Pep Guardiola apareci\u00f3 en conferencia de prensa con varios rasgu\u00f1os a la altura de la cabeza y un peque\u00f1o corte en el tabique\" data-caas-lazy-loading-init=\"1\" \/><button class=\"link caas-lightbox\" aria-label=\"Ver imagen ampliada\" data-ylk=\"sec:image-lightbox;slk:lightbox-open;elm:expand;itc:1\" data-rapid_p=\"11\" data-v9y=\"1\"><\/button><\/span><\/div>\n<\/div>\n<\/div>\n<div class=\"caption-wrapper caption-aligned-with-image\">\n<div class=\"caption-wrapper caption-aligned-with-image\"><\/div>\n<\/div><figcaption class=\"caption-collapse\" data-id=\"m-1\">Pep Guardiola apareci\u00f3 en conferencia de prensa con varios rasgu\u00f1os a la altura de la cabeza y un peque\u00f1o corte en el tabique<\/figcaption><\/figure>\n<p>Y continu\u00f3, con mayor profundidad y m\u00e1s all\u00e1 de un simple enojo futbol\u00edstico: \u201cMi respuesta no pretend\u00eda en ning\u00fan caso restarle importancia al grave problema de la autolesi\u00f3n. S\u00e9 que muchas personas tienen problemas de salud mental todos los d\u00edas y me gustar\u00eda aprovechar este momento para destacar una de las formas en que las personas pueden buscar ayuda: llamando a la l\u00ednea directa de Samaritans [sitio que brinda apoyo telef\u00f3nico emocional confidencial, las 24 horas del d\u00eda, para personas que experimentan sentimientos de angustia o desesperaci\u00f3n, incluidos aquellos que podr\u00edan llevar al suicidio] o enviando un correo electr\u00f3nico\u201d.<\/p>\n<p>La reacci\u00f3n de Guardiola va de la mano de un momento cr\u00edtico e inusual del City. El equipo, uno de los m\u00e1s poderosos y exitosos del mundo, lleva cinco derrotas y un empate en seis partidos. Su pr\u00f3ximo rival, en el marco de la liga local, ser\u00e1 Liverpool, el pr\u00f3ximo domingo, en el estadio de los Diablos Rojos. Liverpool es el l\u00edder de la Premier League, con 31 puntos. El City es el escolta, con 23 unidades.<\/p>\n<figure class=\"caas-figure\">\n<div class=\"caas-figure-with-pb\">\n<div class=\"caas-img-container caas-img-lightbox\" data-lightbox-src=\"https:\/\/s.yimg.com\/ny\/api\/res\/1.2\/z_FHCdt66iZp0WrJzBLShw--\/YXBwaWQ9aGlnaGxhbmRlcjt3PTE1MzY7aD0xMDI0O2NmPXdlYnA-\/https:\/\/media.zenfs.com\/es\/lanacion.com.ar\/20a93ba082b2f2025006eef1ce431087\"><\/div>\n<\/div>\n<div class=\"caption-wrapper caption-aligned-with-image\">\n<div class=\"caption-wrapper caption-aligned-with-image\"><\/div>\n<\/div><figcaption class=\"caption-collapse\" data-id=\"m-2\"><strong>Foto portada:El semblante de preocupaci\u00f3n del t\u00e9cnico del Manchester City, Pep Guardiola, durante el partido con Feyenoord &#8211; Cr\u00e9ditos: @Dave Thompson. Fuente yahoo.com<\/strong><\/figcaption><\/figure>\n<p>\u201c\u00bfQu\u00e9 podemos hacer? No fuimos capaces de controlar los \u00faltimos minutos. Descansaremos uno o dos d\u00edas y nos prepararemos para Anfield [el estadio de Liverpool]. Entiendo perfectamente que la gente est\u00e9 desilusionada. Vienen ac\u00e1 a ver a su equipo ganar y es normal que nos abucheen despu\u00e9s de este partido\u201d, expres\u00f3 Guardiola tras el empate con Feyenoord. Est\u00e1 claro que \u00e9l es el principal decepcionado por el presente de un equipo que ya no tiene a Juli\u00e1n \u00c1lvarez (adapt\u00e1ndose cada d\u00eda m\u00e1s a Atl\u00e9tico de Madrid), pero que mantuvo a sus estrellas.<\/p>\n<p>La situaci\u00f3n ocurre cuando el entrenador acaba de renovar por dos a\u00f1os su contrato con Manchester City, afirmando que permanecer\u00e1 en el club aun cuando el club pierda el litigio legal que lo enfrenta con la Premier League por cuestiones econ\u00f3micas. \u201c\u00bfQu\u00e9 pasar\u00e1 si descendemos? Que estar\u00e9 aqu\u00ed. No s\u00e9 a qu\u00e9 divisi\u00f3n nos mandar\u00e1n, pero al a\u00f1o siguiente subiremos, subiremos, subiremos y volveremos a la Premier League. Lo sab\u00eda antes y lo siento as\u00ed ahora\u201d, dijo el ex DT de Barcelona y Bayern M\u00fanich. Si la situaci\u00f3n externa que est\u00e1 padeciendo la instituci\u00f3n repercute dentro del campo de juego, s\u00f3lo el plantel lo sabe. Pero lo concreto es que el City debe reaccionar pronto.<\/p>\n<\/div>\n","protected":false},"excerpt":{"rendered":"<p>Pep Guardiola pidi\u00f3 disculpas luego de que reconoci\u00f3 que se autoinfligi\u00f3 heridas en la cabeza y el rostro La impactante recuperaci\u00f3n de Feyenoord ante Manchester City por la Champions League,\u00a0logrando un ag\u00f3nico empate 3-3 en el Etihad Stadium\u00a0tras ir perdiendo 3-0, dej\u00f3 secuelas en el equipo ingl\u00e9s y provoc\u00f3 un ataque de ira en el &hellip;<\/p>\n","protected":false},"author":2,"featured_media":14916,"comment_status":"open","ping_status":"open","sticky":false,"template":"","format":"standard","meta":{"footnotes":""},"categories":[6],"tags":[],"class_list":["post-14914","post","type-post","status-publish","format-standard","has-post-thumbnail","hentry","category-internacionales"],"_links":{"self":[{"href":"https:\/\/www.sportchaco.com.ar\/index.php?rest_route=\/wp\/v2\/posts\/14914","targetHints":{"allow":["GET"]}}],"collection":[{"href":"https:\/\/www.sportchaco.com.ar\/index.php?rest_route=\/wp\/v2\/posts"}],"about":[{"href":"https:\/\/www.sportchaco.com.ar\/index.php?rest_route=\/wp\/v2\/types\/post"}],"author":[{"embeddable":true,"href":"https:\/\/www.sportchaco.com.ar\/index.php?rest_route=\/wp\/v2\/users\/2"}],"replies":[{"embeddable":true,"href":"https:\/\/www.sportchaco.com.ar\/index.php?rest_route=%2Fwp%2Fv2%2Fcomments&post=14914"}],"version-history":[{"count":2,"href":"https:\/\/www.sportchaco.com.ar\/index.php?rest_route=\/wp\/v2\/posts\/14914\/revisions"}],"predecessor-version":[{"id":14917,"href":"https:\/\/www.sportchaco.com.ar\/index.php?rest_route=\/wp\/v2\/posts\/14914\/revisions\/14917"}],"wp:featuredmedia":[{"embeddable":true,"href":"https:\/\/www.sportchaco.com.ar\/index.php?rest_route=\/wp\/v2\/media\/14916"}],"wp:attachment":[{"href":"https:\/\/www.sportchaco.com.ar\/index.php?rest_route=%2Fwp%2Fv2%2Fmedia&parent=14914"}],"wp:term":[{"taxonomy":"category","embeddable":true,"href":"https:\/\/www.sportchaco.com.ar\/index.php?rest_route=%2Fwp%2Fv2%2Fcategories&post=14914"},{"taxonomy":"post_tag","embeddable":true,"href":"https:\/\/www.sportchaco.com.ar\/index.php?rest_route=%2Fwp%2Fv2%2Ftags&post=14914"}],"curies":[{"name":"wp","href":"https:\/\/api.w.org\/{rel}","templated":true}]}}