{"id":14943,"date":"2024-11-28T14:24:05","date_gmt":"2024-11-28T17:24:05","guid":{"rendered":"https:\/\/www.sportchaco.com.ar\/?p=14943"},"modified":"2024-11-28T14:24:05","modified_gmt":"2024-11-28T17:24:05","slug":"se-abre-la-preinscripcion-para-la-tecnicatura-de-periodismo-deportivo","status":"publish","type":"post","link":"https:\/\/www.sportchaco.com.ar\/?p=14943","title":{"rendered":"Se abre la preinscripci\u00f3n para la Tecnicatura de Periodismo Deportivo"},"content":{"rendered":"<p><strong>28-11-2024<\/strong><\/p>\n<p><img loading=\"lazy\" decoding=\"async\" class=\" wp-image-11424 aligncenter\" src=\"https:\/\/www.sportchaco.com.ar\/wp-content\/uploads\/2024\/07\/gob-salud-fijo-marzo-300x50.jpg\" alt=\"\" width=\"396\" height=\"66\" srcset=\"https:\/\/www.sportchaco.com.ar\/wp-content\/uploads\/2024\/07\/gob-salud-fijo-marzo-300x50.jpg 300w, https:\/\/www.sportchaco.com.ar\/wp-content\/uploads\/2024\/07\/gob-salud-fijo-marzo-1024x171.jpg 1024w, https:\/\/www.sportchaco.com.ar\/wp-content\/uploads\/2024\/07\/gob-salud-fijo-marzo-768x128.jpg 768w, https:\/\/www.sportchaco.com.ar\/wp-content\/uploads\/2024\/07\/gob-salud-fijo-marzo.jpg 1200w\" sizes=\"auto, (max-width: 396px) 100vw, 396px\" \/><\/p>\n<p>El C\u00edrculo de Periodistas Deportivos del Chaco (CPDCh) y la UEGP N\u00b0 157 Foro Social del NEA extender\u00e1n el convenio en 2025 para brindar la oportunidad de estudiar a los interesados en graduarse a trav\u00e9s de la tecnicatura de Periodismo Deportivo.<\/p>\n<p>La preinscripci\u00f3n se iniciar\u00e1 el viernes 6 de diciembre, de 9.15 a 12, y continuar\u00e1 el mi\u00e9rcoles 18 -en el mismo horario- en la sede social del CPDCh (avenida Italia 1146).<\/p>\n<p>El estudio y la preparaci\u00f3n permitir\u00e1 a los futuros profesionales tener herramientas para comunicar en los distintos medios y plataformas, adem\u00e1s de poder proyectarse en el an\u00e1lisis de otras actividades. El objetivo es contar con nuevas generaciones de periodistas deportivos formados acad\u00e9micamente, cuesti\u00f3n de vital importancia para su vida profesional y personal.<\/p>\n<p><b>REQUISITOS<\/b><br \/>\nLos que se registren para dar comienzo a la carrera en 2025 deber\u00e1n presentar dos copias de: fotocopia de partida nacimiento y original que deben estar actualizado; dos copias de fotocopias de DNI y original actualizado; una fotocopia y original de t\u00edtulo secundario o constancia de t\u00edtulo en tr\u00e1mite; dos fotos 4&#215;4 o foto carnet. La documentaci\u00f3n deber\u00e1 ser presentada en un folio tama\u00f1o oficio.<\/p>\n<p><b>PROGRAMA DE ESTUDIO<\/b><br \/>\n<b>Primer a\u00f1o<\/b>: Taller de competencia comunicativa. Introducci\u00f3n al Periodismo. Lenguaje, redacci\u00f3n y Literatura I. Ingl\u00e9s I. Historia del Deporte. Inform\u00e1tica aplicada. Tecnolog\u00eda de la informaci\u00f3n y comunicaci\u00f3n. Taller I.<\/p>\n<p><b>Segundo a\u00f1o<\/b>: Opini\u00f3n P\u00fablica. Reglamentos B\u00e1sicos I. Lenguaje, redacci\u00f3n y Literatura II. Lenguaje radial y televisivo. Ingl\u00e9s II. Pasant\u00eda y pr\u00e1ctica profesional I (Observaci\u00f3n). Sociolog\u00eda. Taller II.<\/p>\n<p><b>Tercer a\u00f1o:<\/b>\u00a0Estilos period\u00edsticos. Taller de radio. Taller de televisi\u00f3n. Pasant\u00eda y pr\u00e1ctica profesional II. Seminario de desarrollo local. Reglamento b\u00e1sicos II. \u00c9tica y Deontolog\u00eda profesional. Elementos de derechos. Portugu\u00e9s.<\/p>\n<p><img loading=\"lazy\" decoding=\"async\" class=\" wp-image-9818 aligncenter\" src=\"https:\/\/www.sportchaco.com.ar\/wp-content\/uploads\/2024\/05\/gobierno-paisaje-300x116.png\" alt=\"\" width=\"416\" height=\"161\" srcset=\"https:\/\/www.sportchaco.com.ar\/wp-content\/uploads\/2024\/05\/gobierno-paisaje-300x116.png 300w, https:\/\/www.sportchaco.com.ar\/wp-content\/uploads\/2024\/05\/gobierno-paisaje-768x297.png 768w, https:\/\/www.sportchaco.com.ar\/wp-content\/uploads\/2024\/05\/gobierno-paisaje.png 800w\" sizes=\"auto, (max-width: 416px) 100vw, 416px\" \/><\/p>\n","protected":false},"excerpt":{"rendered":"<p>28-11-2024 El C\u00edrculo de Periodistas Deportivos del Chaco (CPDCh) y la UEGP N\u00b0 157 Foro Social del NEA extender\u00e1n el convenio en 2025 para brindar la oportunidad de estudiar a los interesados en graduarse a trav\u00e9s de la tecnicatura de Periodismo Deportivo. La preinscripci\u00f3n se iniciar\u00e1 el viernes 6 de diciembre, de 9.15 a 12, &hellip;<\/p>\n","protected":false},"author":3,"featured_media":14944,"comment_status":"open","ping_status":"open","sticky":false,"template":"","format":"standard","meta":{"footnotes":""},"categories":[44],"tags":[],"class_list":["post-14943","post","type-post","status-publish","format-standard","has-post-thumbnail","hentry","category-varios"],"_links":{"self":[{"href":"https:\/\/www.sportchaco.com.ar\/index.php?rest_route=\/wp\/v2\/posts\/14943","targetHints":{"allow":["GET"]}}],"collection":[{"href":"https:\/\/www.sportchaco.com.ar\/index.php?rest_route=\/wp\/v2\/posts"}],"about":[{"href":"https:\/\/www.sportchaco.com.ar\/index.php?rest_route=\/wp\/v2\/types\/post"}],"author":[{"embeddable":true,"href":"https:\/\/www.sportchaco.com.ar\/index.php?rest_route=\/wp\/v2\/users\/3"}],"replies":[{"embeddable":true,"href":"https:\/\/www.sportchaco.com.ar\/index.php?rest_route=%2Fwp%2Fv2%2Fcomments&post=14943"}],"version-history":[{"count":1,"href":"https:\/\/www.sportchaco.com.ar\/index.php?rest_route=\/wp\/v2\/posts\/14943\/revisions"}],"predecessor-version":[{"id":14945,"href":"https:\/\/www.sportchaco.com.ar\/index.php?rest_route=\/wp\/v2\/posts\/14943\/revisions\/14945"}],"wp:featuredmedia":[{"embeddable":true,"href":"https:\/\/www.sportchaco.com.ar\/index.php?rest_route=\/wp\/v2\/media\/14944"}],"wp:attachment":[{"href":"https:\/\/www.sportchaco.com.ar\/index.php?rest_route=%2Fwp%2Fv2%2Fmedia&parent=14943"}],"wp:term":[{"taxonomy":"category","embeddable":true,"href":"https:\/\/www.sportchaco.com.ar\/index.php?rest_route=%2Fwp%2Fv2%2Fcategories&post=14943"},{"taxonomy":"post_tag","embeddable":true,"href":"https:\/\/www.sportchaco.com.ar\/index.php?rest_route=%2Fwp%2Fv2%2Ftags&post=14943"}],"curies":[{"name":"wp","href":"https:\/\/api.w.org\/{rel}","templated":true}]}}