{"id":14956,"date":"2024-11-29T23:12:07","date_gmt":"2024-11-30T02:12:07","guid":{"rendered":"https:\/\/www.sportchaco.com.ar\/?p=14956"},"modified":"2024-11-29T23:52:06","modified_gmt":"2024-11-30T02:52:06","slug":"efemerides-del-30-de-noviembre-2","status":"publish","type":"post","link":"https:\/\/www.sportchaco.com.ar\/?p=14956","title":{"rendered":"Efem\u00e9rides del 30 de noviembre"},"content":{"rendered":"<div class=\"container fullwidth-entry-title-wrapper\">\n<div class=\"container-wrapper fullwidth-entry-title\">\n<header class=\"entry-header-outer\">\n<div class=\"entry-header\">\n<h1 class=\"post-title entry-title\"><\/h1>\n<h2 class=\"entry-sub-title\">Del periodista Luis Dar\u00edo Molodezky.<\/h2>\n<div class=\"single-post-meta post-meta clearfix\"><\/div>\n<\/div>\n<\/header>\n<\/div>\n<\/div>\n<div id=\"content\" class=\"site-content container\">\n<div id=\"main-content-row\" class=\"tie-row main-content-row\">\n<div class=\"main-content tie-col-md-8 tie-col-xs-12\" role=\"main\">\n<article id=\"the-post\" class=\"container-wrapper post-content tie-standard\">\n<div class=\"featured-area\">\n<div class=\"featured-area-inner\"><\/div>\n<\/div>\n<div class=\"entry-content entry clearfix\">\n<p><strong>Estas son las efem\u00e9rides de un 30 de noviembre, del libro \u00ab100 a\u00f1os de historia del deporte en el Chaco\u00bb, del periodista Luis Dar\u00edo Molodezky.<\/strong><\/p>\n<p><img decoding=\"async\" src=\"https:\/\/www.sportchaco.com.ar\/wp-content\/uploads\/2023\/11\/Luis-D-SP-199x300.jpg\" \/><\/p>\n<p>&nbsp;<\/p>\n<p><strong>1932 \/<\/strong>\u00a0Nace el polifac\u00e9tico deportista y dirigente F\u00e9lix Echezarreta. Aunque practic\u00f3 varias actividades, termin\u00f3 atrapado por el deporte tuerca. Registra en su haber varios t\u00edtulos, corriendo en la F\u00f3rmula Chaque\u00f1a, en la Clase D con Torino, en la Clase A lo hac\u00eda con Gordini. Su \u00faltima actuaci\u00f3n en la F\u00f3rmula Renault Argentina fue en 1992 en Las Parejas con 62 a\u00f1os, donde fue de la partida con el Pato Silva. All\u00ed sufri\u00f3 un accidente que lo llev\u00f3 a confirmar su retiro de la actividad. Fue dirigente integrando la Asociaci\u00f3n de Volantes, Federaci\u00f3n Chaque\u00f1a y Chaco Automoto Club, donde fue el \u00faltimo presidente hasta su desaparici\u00f3n. Falleci\u00f3 el 16 de febrero del 2020 a los 87 a\u00f1os.<\/p>\n<p><strong>1998 \/<\/strong>\u00a0Nace el Club Atl\u00e9tico Chaco Por Siempre. Tuvo ef\u00edmera vida, pero lleg\u00f3 a la primera divisi\u00f3n de la Liga Chaque\u00f1a de F\u00fatbol donde fue campe\u00f3n luego de ganar el ascenso. Su mentor fue Jos\u00e9 Mar\u00eda Tit\u00edn Ben\u00edtez, hijo del hist\u00f3rico presidente de For Ever Pedro Ben\u00edtez. Naci\u00f3 el 5 de setiembre de 1952, en Resistencia. Curs\u00f3 la primaria en la Escuela 42 y en el Colegio Don Bosco y la secundaria en el Colegio Nacional \u201cJos\u00e9 M. Paz\u201d. \u201cTit\u00edn\u201d, como era conocido en el ambiente, fue el personaje m\u00e1s creativo en lo que a boliches respecta. Fue hacedor y due\u00f1o de una cantidad impresionante de boites y bares en la ciudad. Fue el t\u00e9cnico del equipo que logr\u00f3 el ascenso a primera.<\/p>\n<p><strong>2020 \/<\/strong>\u00a0Fallece en Resistencia a los 77 a\u00f1os el periodista Miguel \u00c1ngel Fern\u00e1ndez, quien desde muy joven y como maestro de escuela, abraz\u00f3 la carrera de periodista. El deporte lo tuvo por varias d\u00e9cadas como un referente de la radio y diarios. Fue por m\u00e1s de 42 a\u00f1os director de Norte. Hab\u00eda nacido el 14 de octubre de 1943 en El Zapallar, hoy General San Mart\u00edn.<\/p>\n<div class=\"post-bottom-meta post-bottom-edit\">\n<div class=\"post-bottom-meta-title\">Foto portada de Tit\u00edn Ben\u00edtez<\/div>\n<\/div>\n<\/div>\n<\/article>\n<\/div>\n<\/div>\n<\/div>\n","protected":false},"excerpt":{"rendered":"<p>Del periodista Luis Dar\u00edo Molodezky. Estas son las efem\u00e9rides de un 30 de noviembre, del libro \u00ab100 a\u00f1os de historia del deporte en el Chaco\u00bb, del periodista Luis Dar\u00edo Molodezky. &nbsp; 1932 \/\u00a0Nace el polifac\u00e9tico deportista y dirigente F\u00e9lix Echezarreta. Aunque practic\u00f3 varias actividades, termin\u00f3 atrapado por el deporte tuerca. Registra en su haber varios &hellip;<\/p>\n","protected":false},"author":2,"featured_media":14957,"comment_status":"open","ping_status":"open","sticky":false,"template":"","format":"standard","meta":{"footnotes":""},"categories":[1],"tags":[],"class_list":["post-14956","post","type-post","status-publish","format-standard","has-post-thumbnail","hentry","category-fotos-del-recuerdo"],"_links":{"self":[{"href":"https:\/\/www.sportchaco.com.ar\/index.php?rest_route=\/wp\/v2\/posts\/14956","targetHints":{"allow":["GET"]}}],"collection":[{"href":"https:\/\/www.sportchaco.com.ar\/index.php?rest_route=\/wp\/v2\/posts"}],"about":[{"href":"https:\/\/www.sportchaco.com.ar\/index.php?rest_route=\/wp\/v2\/types\/post"}],"author":[{"embeddable":true,"href":"https:\/\/www.sportchaco.com.ar\/index.php?rest_route=\/wp\/v2\/users\/2"}],"replies":[{"embeddable":true,"href":"https:\/\/www.sportchaco.com.ar\/index.php?rest_route=%2Fwp%2Fv2%2Fcomments&post=14956"}],"version-history":[{"count":2,"href":"https:\/\/www.sportchaco.com.ar\/index.php?rest_route=\/wp\/v2\/posts\/14956\/revisions"}],"predecessor-version":[{"id":14982,"href":"https:\/\/www.sportchaco.com.ar\/index.php?rest_route=\/wp\/v2\/posts\/14956\/revisions\/14982"}],"wp:featuredmedia":[{"embeddable":true,"href":"https:\/\/www.sportchaco.com.ar\/index.php?rest_route=\/wp\/v2\/media\/14957"}],"wp:attachment":[{"href":"https:\/\/www.sportchaco.com.ar\/index.php?rest_route=%2Fwp%2Fv2%2Fmedia&parent=14956"}],"wp:term":[{"taxonomy":"category","embeddable":true,"href":"https:\/\/www.sportchaco.com.ar\/index.php?rest_route=%2Fwp%2Fv2%2Fcategories&post=14956"},{"taxonomy":"post_tag","embeddable":true,"href":"https:\/\/www.sportchaco.com.ar\/index.php?rest_route=%2Fwp%2Fv2%2Ftags&post=14956"}],"curies":[{"name":"wp","href":"https:\/\/api.w.org\/{rel}","templated":true}]}}