{"id":14962,"date":"2024-11-29T12:14:00","date_gmt":"2024-11-29T15:14:00","guid":{"rendered":"https:\/\/www.sportchaco.com.ar\/?p=14962"},"modified":"2024-11-29T12:14:49","modified_gmt":"2024-11-29T15:14:49","slug":"river-estrena-ofras-en-la-final-de-la-libertadores","status":"publish","type":"post","link":"https:\/\/www.sportchaco.com.ar\/?p=14962","title":{"rendered":"River estrena obras en la final de la Libertadores"},"content":{"rendered":"<h1><\/h1>\n<p>El Millonario complet\u00f3 la uni\u00f3n de las tribunas altas y le dio un cierre a la obra planificada para el recinto, que comenz\u00f3 durante la pandemia de Covid-19. Se estrenar\u00e1 este s\u00e1bado en el partido entre Atl\u00e9tico Mineiro y Botafogo.<\/p>\n<div class=\"containerGrid\">\n<div class=\"col6 author\">\n<div><time datetime=\"2024-11-29T11:58:42-03:00\">29\/11\/2024 11:58 am<\/time><\/div>\n<\/div>\n<\/div>\n<figure><img loading=\"lazy\" decoding=\"async\" class=\"mainImg r16x9\" title=\"Monumental River\" src=\"https:\/\/media.tycsports.com\/files\/2024\/11\/29\/791975\/monumental-river_416x234.webp?v=39\" srcset=\"https:\/\/media.tycsports.com\/files\/2024\/11\/29\/791975\/monumental-river_416x234.webp?v=39 960w,https:\/\/media.tycsports.com\/files\/2024\/11\/29\/791975\/monumental-river_862x485.webp?v=39 1024w\" alt=\"Monumental River\" width=\"416\" height=\"234\" \/><figcaption>El Monumental ser\u00e1 la sede de la final de la Copa Libertadores entre Atl\u00e9tico Mineiro y Botafogo este 30 de noviembre (Marcelo Endelli\/Getty Images).<\/figcaption><\/figure>\n<p>Horas antes de albergar la final de la Copa Libertadores, y del<a href=\"https:\/\/www.tycsports.com\/river-plate\/estudiantes-vs-river-liga-profesional-hora-formaciones-tv-en-vivo-id621781.html\" target=\"_blank\" rel=\"noopener\">\u00a0partido frente a Estudiantes en La Plata<\/a>,\u00a0<b>River anunci\u00f3 el cierre de las obras para ampliar la capacidad del estadio Monumental<\/b>, que qued\u00f3 para 84.567 personas. El club confirm\u00f3 que se terminaron de unir las tribunas altas, por lo que\u00a0<b>su casa presenta una apariencia de 360\u00b0.<\/b><\/p>\n<div class=\"alsoReadContainer\">\n<h2 class=\"alsoReadText\"><\/h2>\n<\/div>\n<p>A\u00f1os atr\u00e1s, el Antonio Vespucio Liberti pod\u00eda recibir, aproximadamente, a 64.000 espectadores y luc\u00eda \u00abhuecos\u00bb entre la terminaci\u00f3n de las plateas Belgrano y San Mart\u00edn y las populares S\u00edvori y Centenario. Sin embargo, cuando dieron a conocer el plan de aumentar el caudal de gente que pod\u00eda entrar al estadio, la idea tambi\u00e9n era realizar la uni\u00f3n de las tribunas.<\/p>\n<figure class=\"imgContain\"><figcaption><strong>Foto portada: As\u00ed qued\u00f3 el estadio Monumental tras completar la uni\u00f3n de las tribunas altas (Prensa River).<\/strong><\/figcaption><\/figure>\n<p>Primero, comenzaron con las bajas y las nuevas \u00abinferiores\u00bb, que se construyeron luego de remover la antigua pista de atletismo.\u00a0<b>Una vez que se unieron esas, encararon la de las altas, obra que finaliz\u00f3 en esta \u00faltima semana,<\/b>\u00a0en la v\u00edspera del partido que jugar\u00e1n\u00a0<a href=\"https:\/\/www.tycsports.com\/copa-libertadores\/conmebol-copa-libertadores-2024-atletico-mineiro-vs-botafogo-final-id621789.html\" target=\"_blank\" rel=\"noopener\">Atl\u00e9tico Mineiro y Botafogo este 30 de noviembre a las 17 horas de la Argentina.<\/a><\/p>\n<p>Sin embargo, esta no ser\u00eda la \u00fanica novedad que lucir\u00e1 el Monumental para el encuentro m\u00e1s importante del continente sudamericano.<b><a href=\"https:\/\/www.tycsports.com\/river-plate\/river-nueva-pantalla-led-monumental-final-copa-libertadores-id619288.html\" target=\"_blank\" rel=\"noopener\">Se estrenar\u00e1 la flamante pantalla LED de 367 metros cuadrados<\/a><\/b>, con un brillo de 6500 nits y una resoluci\u00f3n HD de 2560&#215;1440 p\u00edxeles. Si bien ya estaba instalada en la victoria por 3-0 ante Barracas Central, a\u00fan no se utiliz\u00f3 oficialmente.<b>\u00a0Otro detalle que se agreg\u00f3 al t\u00fanel \u00fanico para salir al campo de juego fueron los escudos<\/b>\u00a0que luci\u00f3 el Millonario en distintas \u00e9pocas.<\/p>\n<figure><img loading=\"lazy\" decoding=\"async\" class=\"mainImg r16x9\" title=\"Escudos River t\u00fanel Monumental\" src=\"https:\/\/media.tycsports.com\/files\/2024\/11\/29\/791986\/escudos-river-tunel-monumental_416x234.webp\" srcset=\"https:\/\/media.tycsports.com\/files\/2024\/11\/29\/791986\/escudos-river-tunel-monumental_416x234.webp 960w,https:\/\/media.tycsports.com\/files\/2024\/11\/29\/791986\/escudos-river-tunel-monumental_862x485.webp 1024w\" alt=\"Escudos River t\u00fanel Monumental\" width=\"416\" height=\"234\" data-src=\"https:\/\/media.tycsports.com\/files\/2024\/11\/29\/791986\/escudos-river-tunel-monumental_416x234.webp\" data-srcset=\"https:\/\/media.tycsports.com\/files\/2024\/11\/29\/791986\/escudos-river-tunel-monumental_416x234.webp 960w,https:\/\/media.tycsports.com\/files\/2024\/11\/29\/791986\/escudos-river-tunel-monumental_862x485.webp 1024w\" \/><figcaption>Los escudos que instal\u00f3 River en el t\u00fanel \u00fanico de los jugadores (@GermanBalcarce).<\/figcaption><\/figure>\n<h2><\/h2>\n<p>Para que no tuviera que alquilar un estadio ajeno y mudar su local\u00eda,<a href=\"https:\/\/www.tycsports.com\/san-lorenzo\/river-san-lorenzo-postergacion-afa-estadio-monumental-id617512.html\" target=\"_blank\" rel=\"noopener\">\u00a0AFA resolvi\u00f3 postergar el cl\u00e1sico contra San Lorenzo de la fecha 24 de la Liga Profesional<\/a>. El partido se iba a disputar unos d\u00edas antes de la final, pero Conmebol pide que los clubes liberen su cancha para que\u00a0<a href=\"https:\/\/www.tycsports.com\/river-plate\/river-tapo-escudo-estadio-monumental-final-copa-libertadores-conmebol-id621436.html\" target=\"_blank\" rel=\"noopener\">puedan tunearla con sus sponsors, evitar que el c\u00e9sped se desgaste y organizar el evento<\/a>. Por lo tanto,<b> River estrenar\u00e1 todas las novedades de su casa el mi\u00e9rcoles 4 de diciembre, a las 21 horas, frente al Cicl\u00f3n. Fuente TyC Sports<\/b><\/p>\n","protected":false},"excerpt":{"rendered":"<p>El Millonario complet\u00f3 la uni\u00f3n de las tribunas altas y le dio un cierre a la obra planificada para el recinto, que comenz\u00f3 durante la pandemia de Covid-19. Se estrenar\u00e1 este s\u00e1bado en el partido entre Atl\u00e9tico Mineiro y Botafogo. 29\/11\/2024 11:58 am El Monumental ser\u00e1 la sede de la final de la Copa Libertadores &hellip;<\/p>\n","protected":false},"author":2,"featured_media":14964,"comment_status":"open","ping_status":"open","sticky":false,"template":"","format":"standard","meta":{"footnotes":""},"categories":[6],"tags":[],"class_list":["post-14962","post","type-post","status-publish","format-standard","has-post-thumbnail","hentry","category-internacionales"],"_links":{"self":[{"href":"https:\/\/www.sportchaco.com.ar\/index.php?rest_route=\/wp\/v2\/posts\/14962","targetHints":{"allow":["GET"]}}],"collection":[{"href":"https:\/\/www.sportchaco.com.ar\/index.php?rest_route=\/wp\/v2\/posts"}],"about":[{"href":"https:\/\/www.sportchaco.com.ar\/index.php?rest_route=\/wp\/v2\/types\/post"}],"author":[{"embeddable":true,"href":"https:\/\/www.sportchaco.com.ar\/index.php?rest_route=\/wp\/v2\/users\/2"}],"replies":[{"embeddable":true,"href":"https:\/\/www.sportchaco.com.ar\/index.php?rest_route=%2Fwp%2Fv2%2Fcomments&post=14962"}],"version-history":[{"count":3,"href":"https:\/\/www.sportchaco.com.ar\/index.php?rest_route=\/wp\/v2\/posts\/14962\/revisions"}],"predecessor-version":[{"id":14967,"href":"https:\/\/www.sportchaco.com.ar\/index.php?rest_route=\/wp\/v2\/posts\/14962\/revisions\/14967"}],"wp:featuredmedia":[{"embeddable":true,"href":"https:\/\/www.sportchaco.com.ar\/index.php?rest_route=\/wp\/v2\/media\/14964"}],"wp:attachment":[{"href":"https:\/\/www.sportchaco.com.ar\/index.php?rest_route=%2Fwp%2Fv2%2Fmedia&parent=14962"}],"wp:term":[{"taxonomy":"category","embeddable":true,"href":"https:\/\/www.sportchaco.com.ar\/index.php?rest_route=%2Fwp%2Fv2%2Fcategories&post=14962"},{"taxonomy":"post_tag","embeddable":true,"href":"https:\/\/www.sportchaco.com.ar\/index.php?rest_route=%2Fwp%2Fv2%2Ftags&post=14962"}],"curies":[{"name":"wp","href":"https:\/\/api.w.org\/{rel}","templated":true}]}}