{"id":15016,"date":"2024-12-01T18:15:48","date_gmt":"2024-12-01T21:15:48","guid":{"rendered":"https:\/\/www.sportchaco.com.ar\/?p=15016"},"modified":"2024-12-01T18:15:48","modified_gmt":"2024-12-01T21:15:48","slug":"se-viene-la-14-edicion-de-rompiendo-barreras","status":"publish","type":"post","link":"https:\/\/www.sportchaco.com.ar\/?p=15016","title":{"rendered":"Se viene la 14\u00b0 edici\u00f3n de \u201cRompiendo Barreras\u201d"},"content":{"rendered":"<p><strong>01-12-2024<\/strong><\/p>\n<p><img loading=\"lazy\" decoding=\"async\" class=\" wp-image-11990 aligncenter\" src=\"https:\/\/www.sportchaco.com.ar\/wp-content\/uploads\/2024\/07\/Copy-of-CHACO-JUEGA-BANNERS-1_1200X200-1-300x50.gif\" alt=\"\" width=\"402\" height=\"67\" srcset=\"https:\/\/www.sportchaco.com.ar\/wp-content\/uploads\/2024\/07\/Copy-of-CHACO-JUEGA-BANNERS-1_1200X200-1-300x50.gif 300w, https:\/\/www.sportchaco.com.ar\/wp-content\/uploads\/2024\/07\/Copy-of-CHACO-JUEGA-BANNERS-1_1200X200-1-1024x171.gif 1024w, https:\/\/www.sportchaco.com.ar\/wp-content\/uploads\/2024\/07\/Copy-of-CHACO-JUEGA-BANNERS-1_1200X200-1-768x128.gif 768w\" sizes=\"auto, (max-width: 402px) 100vw, 402px\" \/><\/p>\n<p>La Fundaci\u00f3n Deportiva Social Chaco llevar\u00e1 a cabo este martes 3 de diciembre a partir de las 9:30 horas en las instalaciones del \u201cGala Convenciones\u201d, ubicado en ruta 11, kil\u00f3metro 1003 de la ciudad de Resistencia la fiesta del deporte adaptado \u201cRompiendo Barreras\u201d.<\/p>\n<p>La decimocuarta edici\u00f3n de este evento que se caracteriza por distinguir y reconocer a todas las personas ligadas al deporte adaptado; ya sean deportistas, entrenadores, allegados e instituciones brindar\u00e1 una jornada de camarader\u00eda y alegr\u00eda.<\/p>\n<p>La misma se realizar\u00e1 en el D\u00eda Internacional de las Personas con Discapacidad para generar conciencia en el p\u00fablico. El acceso ser\u00e1 libre y gratuito, habr\u00e1, adem\u00e1s, juegos, artistas y shows para todos los presentes.<\/p>\n<p><img loading=\"lazy\" decoding=\"async\" class=\" wp-image-15017 aligncenter\" src=\"https:\/\/www.sportchaco.com.ar\/wp-content\/uploads\/2024\/12\/a7575f9c-b2e1-4324-a3f7-87168f6d2342-300x214.jpg\" alt=\"\" width=\"402\" height=\"287\" srcset=\"https:\/\/www.sportchaco.com.ar\/wp-content\/uploads\/2024\/12\/a7575f9c-b2e1-4324-a3f7-87168f6d2342-300x214.jpg 300w, https:\/\/www.sportchaco.com.ar\/wp-content\/uploads\/2024\/12\/a7575f9c-b2e1-4324-a3f7-87168f6d2342-1024x731.jpg 1024w, https:\/\/www.sportchaco.com.ar\/wp-content\/uploads\/2024\/12\/a7575f9c-b2e1-4324-a3f7-87168f6d2342-768x548.jpg 768w, https:\/\/www.sportchaco.com.ar\/wp-content\/uploads\/2024\/12\/a7575f9c-b2e1-4324-a3f7-87168f6d2342.jpg 1280w\" sizes=\"auto, (max-width: 402px) 100vw, 402px\" \/><\/p>\n<p>El evento, \u00fanico a nivel pa\u00eds y decretado de inter\u00e9s provincial por el gobierno de la provincia, contar\u00e1 con la presencia de m\u00e1s de 500 deportistas destacados, junto con profesores y dirigentes que a lo largo de los a\u00f1os fueron dejando su marca en el deporte adaptado. Adem\u00e1s, participar\u00e1n del mismo las 20 instituciones que participaron a lo largo del a\u00f1o de la Liga Deportiva Adaptada, los j\u00f3venes con discapacidad que participaron en las instancias nacionales de los Juegos Nacionales Evita 2024.<\/p>\n<p>Tambi\u00e9n reconoceremos a nuestros deportistas de elite que nos representan en competencias internacionales. Docentes que se destacaron a lo largo de su trayectoria en el trabajo en el \u00e1rea de discapacidad y a personas con discapacidad que realizan trabajos art\u00edsticos culturales.<\/p>\n<p>Se reconocer\u00e1 a los distintos funcionarios que promovieron, difundieron y apoyaron las distintas actividades en discapacidad a lo largo del a\u00f1o calendario.<\/p>\n<p><img loading=\"lazy\" decoding=\"async\" class=\" wp-image-13295 aligncenter\" src=\"https:\/\/www.sportchaco.com.ar\/wp-content\/uploads\/2024\/09\/CHACO-JUEGA-BANNERS-1_300X250-1-1.gif\" alt=\"\" width=\"367\" height=\"306\" \/><\/p>\n","protected":false},"excerpt":{"rendered":"<p>01-12-2024 La Fundaci\u00f3n Deportiva Social Chaco llevar\u00e1 a cabo este martes 3 de diciembre a partir de las 9:30 horas en las instalaciones del \u201cGala Convenciones\u201d, ubicado en ruta 11, kil\u00f3metro 1003 de la ciudad de Resistencia la fiesta del deporte adaptado \u201cRompiendo Barreras\u201d. La decimocuarta edici\u00f3n de este evento que se caracteriza por distinguir &hellip;<\/p>\n","protected":false},"author":3,"featured_media":15018,"comment_status":"open","ping_status":"open","sticky":false,"template":"","format":"standard","meta":{"footnotes":""},"categories":[8],"tags":[],"class_list":["post-15016","post","type-post","status-publish","format-standard","has-post-thumbnail","hentry","category-sport-nea"],"_links":{"self":[{"href":"https:\/\/www.sportchaco.com.ar\/index.php?rest_route=\/wp\/v2\/posts\/15016","targetHints":{"allow":["GET"]}}],"collection":[{"href":"https:\/\/www.sportchaco.com.ar\/index.php?rest_route=\/wp\/v2\/posts"}],"about":[{"href":"https:\/\/www.sportchaco.com.ar\/index.php?rest_route=\/wp\/v2\/types\/post"}],"author":[{"embeddable":true,"href":"https:\/\/www.sportchaco.com.ar\/index.php?rest_route=\/wp\/v2\/users\/3"}],"replies":[{"embeddable":true,"href":"https:\/\/www.sportchaco.com.ar\/index.php?rest_route=%2Fwp%2Fv2%2Fcomments&post=15016"}],"version-history":[{"count":1,"href":"https:\/\/www.sportchaco.com.ar\/index.php?rest_route=\/wp\/v2\/posts\/15016\/revisions"}],"predecessor-version":[{"id":15019,"href":"https:\/\/www.sportchaco.com.ar\/index.php?rest_route=\/wp\/v2\/posts\/15016\/revisions\/15019"}],"wp:featuredmedia":[{"embeddable":true,"href":"https:\/\/www.sportchaco.com.ar\/index.php?rest_route=\/wp\/v2\/media\/15018"}],"wp:attachment":[{"href":"https:\/\/www.sportchaco.com.ar\/index.php?rest_route=%2Fwp%2Fv2%2Fmedia&parent=15016"}],"wp:term":[{"taxonomy":"category","embeddable":true,"href":"https:\/\/www.sportchaco.com.ar\/index.php?rest_route=%2Fwp%2Fv2%2Fcategories&post=15016"},{"taxonomy":"post_tag","embeddable":true,"href":"https:\/\/www.sportchaco.com.ar\/index.php?rest_route=%2Fwp%2Fv2%2Ftags&post=15016"}],"curies":[{"name":"wp","href":"https:\/\/api.w.org\/{rel}","templated":true}]}}