{"id":15045,"date":"2024-12-03T23:00:50","date_gmt":"2024-12-04T02:00:50","guid":{"rendered":"https:\/\/www.sportchaco.com.ar\/?p=15045"},"modified":"2024-12-03T23:00:56","modified_gmt":"2024-12-04T02:00:56","slug":"efemerides-del-4-de-diciembre-2","status":"publish","type":"post","link":"https:\/\/www.sportchaco.com.ar\/?p=15045","title":{"rendered":"Efem\u00e9rides del 4 de diciembre"},"content":{"rendered":"<div class=\"container fullwidth-entry-title-wrapper\">\n<div class=\"container-wrapper fullwidth-entry-title\">\n<header class=\"entry-header-outer\">\n<div class=\"entry-header\">\n<h1 class=\"post-title entry-title\">Efem\u00e9rides del 4 de diciembre<\/h1>\n<h2 class=\"entry-sub-title\">Del periodista Luis Dar\u00edo Molodezky.<\/h2>\n<div class=\"single-post-meta post-meta clearfix\">\n<div class=\"tie-alignright\"><\/div>\n<\/div>\n<\/div>\n<\/header>\n<\/div>\n<\/div>\n<div id=\"content\" class=\"site-content container\">\n<div id=\"main-content-row\" class=\"tie-row main-content-row\">\n<div class=\"main-content tie-col-md-8 tie-col-xs-12\" role=\"main\">\n<article id=\"the-post\" class=\"container-wrapper post-content tie-standard\">\n<div class=\"featured-area\">\n<div class=\"featured-area-inner\"><\/div>\n<\/div>\n<div class=\"entry-content entry clearfix\">\n<p><strong>Estas son las efem\u00e9rides de un 4 de diciembre, del libro \u00ab100 a\u00f1os de historia del deporte en el Chaco\u00bb, del periodista Luis Dar\u00edo Molodezky.<\/strong><\/p>\n<p><img decoding=\"async\" src=\"https:\/\/www.sportchaco.com.ar\/wp-content\/uploads\/2023\/11\/Luis-D-SP-199x300.jpg\" \/><\/p>\n<p><strong>1963 \/ <\/strong>Se elige la primera comisi\u00f3n directiva de \u201cInstituto\u201d conformado por trabajadores del IPS.\u00a0 Se puso en conocimiento de los presentes una declaraci\u00f3n de principios, procedi\u00e9ndose luego a elegir la Comisi\u00f3n directiva que se integr\u00f3 de la siguiente manera: Walter Herrera, Nilson Barrios, Alfredo Tuyarot y David Pagano; vocales suplentes, Felisa Parra, Primo Blanco y Alma Marcori de Aguirre; revisor de cuentas. Dante Tamer<\/p>\n<p><strong>1969 \/<\/strong> Reanudan relaciones Chaco For Ever y Sarmiento, luego del episodio que los distanci\u00f3 por la compra del jugador Elpidio Zarza. El titular albinegro Pedro Jos\u00e9 Ben\u00edtez dijo: \u201cDurante mi presidencia se produjo esta ruptura, antes de irme, tratar\u00e9 de solucionar este problema\u201d. Tras el anuncio se formaliz\u00f3 en un acuerdo que incluy\u00f3 a Sportivo Zapallar.<\/p>\n<p><strong>1999 \/<\/strong>\u00a0Los sanezpe\u00f1enses Anabella Houd\u00edn en la categor\u00eda Sub \u201310 y Guido Medina en Sub-12, de consagran campeones provinciales de Ajedrez, en el torneo realizado en Asociaci\u00f3n Italiana de Charata y organizado por la Federaci\u00f3n Chaque\u00f1a de Ajedrez.<\/p>\n<p><strong>2010 \/<\/strong>\u00a0Fallece Jos\u00e9 Manuel Ramos Delgado, quien dejar\u00e1 huella en Chaco For Ever no s\u00f3lo en la direcci\u00f3n t\u00e9cnica y t\u00e1ctica en la segunda ronda del campeonato Nacional \u00abB\u00bb 1993. Jug\u00f3 y dirigi\u00f3 a River, fue compa\u00f1ero de Pel\u00e9 en el Santos. Hab\u00eda nacido un 26 de Agosto de 1935 en Villa Elisa. En su estad\u00eda realiz\u00f3 un programa de TV de t\u00e1cticas y estratgias en en Cable Color.<\/p>\n<p><em>Foto de Jos\u00e9 Manuel Ramos Delgado<\/em><\/p>\n<\/div>\n<\/article>\n<\/div>\n<\/div>\n<\/div>\n","protected":false},"excerpt":{"rendered":"<p>Efem\u00e9rides del 4 de diciembre Del periodista Luis Dar\u00edo Molodezky. Estas son las efem\u00e9rides de un 4 de diciembre, del libro \u00ab100 a\u00f1os de historia del deporte en el Chaco\u00bb, del periodista Luis Dar\u00edo Molodezky. 1963 \/ Se elige la primera comisi\u00f3n directiva de \u201cInstituto\u201d conformado por trabajadores del IPS.\u00a0 Se puso en conocimiento de &hellip;<\/p>\n","protected":false},"author":2,"featured_media":15047,"comment_status":"open","ping_status":"open","sticky":false,"template":"","format":"standard","meta":{"footnotes":""},"categories":[42,45],"tags":[],"class_list":["post-15045","post","type-post","status-publish","format-standard","has-post-thumbnail","hentry","category-diciembre","category-efemerides-dia-por-dia"],"_links":{"self":[{"href":"https:\/\/www.sportchaco.com.ar\/index.php?rest_route=\/wp\/v2\/posts\/15045","targetHints":{"allow":["GET"]}}],"collection":[{"href":"https:\/\/www.sportchaco.com.ar\/index.php?rest_route=\/wp\/v2\/posts"}],"about":[{"href":"https:\/\/www.sportchaco.com.ar\/index.php?rest_route=\/wp\/v2\/types\/post"}],"author":[{"embeddable":true,"href":"https:\/\/www.sportchaco.com.ar\/index.php?rest_route=\/wp\/v2\/users\/2"}],"replies":[{"embeddable":true,"href":"https:\/\/www.sportchaco.com.ar\/index.php?rest_route=%2Fwp%2Fv2%2Fcomments&post=15045"}],"version-history":[{"count":2,"href":"https:\/\/www.sportchaco.com.ar\/index.php?rest_route=\/wp\/v2\/posts\/15045\/revisions"}],"predecessor-version":[{"id":15048,"href":"https:\/\/www.sportchaco.com.ar\/index.php?rest_route=\/wp\/v2\/posts\/15045\/revisions\/15048"}],"wp:featuredmedia":[{"embeddable":true,"href":"https:\/\/www.sportchaco.com.ar\/index.php?rest_route=\/wp\/v2\/media\/15047"}],"wp:attachment":[{"href":"https:\/\/www.sportchaco.com.ar\/index.php?rest_route=%2Fwp%2Fv2%2Fmedia&parent=15045"}],"wp:term":[{"taxonomy":"category","embeddable":true,"href":"https:\/\/www.sportchaco.com.ar\/index.php?rest_route=%2Fwp%2Fv2%2Fcategories&post=15045"},{"taxonomy":"post_tag","embeddable":true,"href":"https:\/\/www.sportchaco.com.ar\/index.php?rest_route=%2Fwp%2Fv2%2Ftags&post=15045"}],"curies":[{"name":"wp","href":"https:\/\/api.w.org\/{rel}","templated":true}]}}