{"id":15102,"date":"2024-12-05T12:50:29","date_gmt":"2024-12-05T15:50:29","guid":{"rendered":"https:\/\/www.sportchaco.com.ar\/?p=15102"},"modified":"2024-12-05T17:26:46","modified_gmt":"2024-12-05T20:26:46","slug":"eco-deportivo-y-los-detalles-del-zona","status":"publish","type":"post","link":"https:\/\/www.sportchaco.com.ar\/?p=15102","title":{"rendered":"Eco Deportivo y los detalles finales del Zonal"},"content":{"rendered":"<p><strong>05-12-2024<\/strong><\/p>\n<article id=\"post-44562\" class=\"post-44562 post type-post status-publish format-standard has-post-thumbnail hentry category-automovilismo\">\n<header class=\"entry-header clearfix\">\n<h1 class=\"entry-title\">SALAS, FRONTALINI Y MOURGLIA, LOS CAMPEONES DEL ZONAL<\/h1>\n<\/header>\n<div class=\"entry-thumbnail\">Fueron 103 pilotos los que tomaron parte en el certamen que se denomin\u00f3 \u201c60\u00ba aniversario de Loter\u00eda Chaque\u00f1a\u201d, a quienes se sumaron los corredores que estuvieron en car\u00e1cter de invitados en las tres categor\u00edas de manera alternada, que generaron un atractivo adicional.<\/div>\n<div class=\"entry-content clearfix\">\n<p>Luego de mucho tiempo pudo cumplirse con las 8 fechas que hab\u00edan sido programadas en un inicio por la Federaci\u00f3n Chaque\u00f1a de Automovilismo Deportivo, de las cuales cinco se corrieron en el circuito \u201cJos\u00e9 Froil\u00e1n Gonz\u00e1lez\u201d de Villa \u00c1ngela y las tres restantes en la APICH de S\u00e1enz Pe\u00f1a.<\/p>\n<p>En la Clase 1 tomaron parte 27 corredores a lo largo del a\u00f1o, consagrando campe\u00f3n a Daniel Salas; mientras que la Clase 2 fue la m\u00e1s convocante con 54 pilotos y Juan Manuel Mourglia como campe\u00f3n. El TC Chaque\u00f1o, en tanto, luego de un inicio con muchas dudas logr\u00f3 reunir a 22 conductores y un predominio de Nelson Frontalini para quedarse con el t\u00edtulo.<\/p>\n<p><a href=\"https:\/\/www.ecodeportivo.com.ar\/img\/2024\/09\/zonal-VA-aereo.jpg\"><img loading=\"lazy\" decoding=\"async\" class=\"alignnone size-full wp-image-42515\" src=\"https:\/\/www.ecodeportivo.com.ar\/img\/2024\/09\/zonal-VA-aereo.jpg\" sizes=\"auto, (max-width: 1260px) 100vw, 1260px\" srcset=\"https:\/\/www.ecodeportivo.com.ar\/img\/2024\/09\/zonal-VA-aereo.jpg 1260w, https:\/\/www.ecodeportivo.com.ar\/img\/2024\/09\/zonal-VA-aereo-300x180.jpg 300w, https:\/\/www.ecodeportivo.com.ar\/img\/2024\/09\/zonal-VA-aereo-1024x614.jpg 1024w, https:\/\/www.ecodeportivo.com.ar\/img\/2024\/09\/zonal-VA-aereo-768x461.jpg 768w\" alt=\"\" width=\"1260\" height=\"756\" \/><\/a><\/p>\n<p>Independientemente de las cuestiones por corregir, la competencia pudo tener continuidad y el saldo termina siendo positivo en un a\u00f1o complicado desde lo econ\u00f3mico para los corredores y desde la preparaci\u00f3n de los circuitos para los clubes y la Federaci\u00f3n. Para la temporada venidera, adem\u00e1s del trazado villangelense, se aguarda que puedan sumarse Machagai y Charata.<\/p>\n<p><strong>\u00a0 El viernes, cena coronaci\u00f3n<\/strong><\/p>\n<p>El viernes, desde las 21,30, se realizar\u00e1 la ceremonia de premiaci\u00f3n a los campeones y mejores posicionados del Campeonato Zonal de Automovilismo y del Campeonato Provincial de Karting en Tierra. Ser\u00e1 en el marco de una cena de camarader\u00eda a cumplirse en el estadio del Club Alvear de Villa \u00c1ngela. La tarjeta tiene un costo de 15.000 pesos para mayores y 6.000 pesos para menores, pudiendo confirmarse las reservas hasta este mi\u00e9rcoles.<\/p>\n<p><strong>RANKING FINAL CAMPEONATO ZONAL 2024<\/strong><\/p>\n<p><strong>-Clase 1:<\/strong><\/p>\n<p><strong>1\u00ba)<\/strong>\u00a0(1) Daniel Salas (Charata) \u2013\u00a0<strong>319,5 (CAMPE\u00d3N)<\/strong><\/p>\n<p><strong>2\u00ba)<\/strong>\u00a0(69) Flavio Melgratti (Campo Largo) \u2013\u00a0<strong>231<\/strong><\/p>\n<p><strong>3\u00ba)<\/strong>\u00a0(136) Rub\u00e9n Kloster (Castelli) \u2013\u00a0<strong>193<\/strong><\/p>\n<p><strong>4\u00ba)<\/strong>\u00a0(7) Juan P. Havr\u00e1n (Tres Isletas) \u2013\u00a0<strong>183<\/strong><\/p>\n<p><strong>5\u00ba)<\/strong>\u00a0(71) Cristian Madzarevich (Campo Largo) \u2013\u00a0<strong>176<\/strong><\/p>\n<p><strong>6\u00ba)<\/strong>\u00a0(8) Franco Raff\u00edn (S\u00e1enz Pe\u00f1a) \u2013\u00a0<strong>159<\/strong><\/p>\n<p><strong>7\u00ba)<\/strong>\u00a0(6) Marcos Langkilde (Castelli) \u2013\u00a0<strong>158<\/strong><\/p>\n<p><strong>8\u00ba)<\/strong>\u00a0(72) Oscar Cervera (Tres Isletas) \u2013\u00a0<strong>134<\/strong><\/p>\n<p><strong>9\u00ba)<\/strong>\u00a0(11) Jos\u00e9 S\u00e1nchez (Castelli) \u2013\u00a0<strong>114,3<\/strong><\/p>\n<p><strong>10\u00ba)<\/strong>\u00a0(10) Mauro Sosa (S\u00e1enz Pe\u00f1a) \u2013\u00a0<strong>114<\/strong><\/p>\n<p><a href=\"https:\/\/www.ecodeportivo.com.ar\/img\/2024\/11\/zonal24-7-VA-C1.jpg\"><img loading=\"lazy\" decoding=\"async\" class=\"alignnone size-full wp-image-43967\" src=\"https:\/\/www.ecodeportivo.com.ar\/img\/2024\/11\/zonal24-7-VA-C1.jpg\" sizes=\"auto, (max-width: 1260px) 100vw, 1260px\" srcset=\"https:\/\/www.ecodeportivo.com.ar\/img\/2024\/11\/zonal24-7-VA-C1.jpg 1260w, https:\/\/www.ecodeportivo.com.ar\/img\/2024\/11\/zonal24-7-VA-C1-300x180.jpg 300w, https:\/\/www.ecodeportivo.com.ar\/img\/2024\/11\/zonal24-7-VA-C1-1024x614.jpg 1024w, https:\/\/www.ecodeportivo.com.ar\/img\/2024\/11\/zonal24-7-VA-C1-768x461.jpg 768w\" alt=\"\" width=\"1260\" height=\"756\" \/><\/a><\/p>\n<p><strong>-Clase 2:<\/strong><\/p>\n<p><strong>1\u00b0)<\/strong>\u00a0(61) Juan M. Mourglia (Villa \u00c1ngela) \u2013\u00a0<strong>245,5 (CAMPE\u00d3N)<\/strong><\/p>\n<p><strong>2\u00b0)<\/strong>\u00a0(6) Sebasti\u00e1n Mir\u00f3n (S\u00e1enz Pe\u00f1a) \u2013\u00a0<strong>233,6<\/strong><\/p>\n<p><strong>3\u00b0)<\/strong>\u00a0(1) Pablo Zacar\u00edas (S\u00e1enz Pe\u00f1a) \u2013\u00a0<strong>213,25<\/strong><\/p>\n<p><strong>4\u00b0)<\/strong>\u00a0(121) Facundo Garc\u00eda (Charata) \u2013\u00a0<strong>167,75<\/strong><\/p>\n<p><strong>5\u00b0)<\/strong>\u00a0(12) Javier Nieto (Charata) \u2013\u00a0<strong>165,5<\/strong><\/p>\n<p><strong>6\u00b0)<\/strong>\u00a0(8) Gustavo Verza (S\u00e1enz Pe\u00f1a) \u2013\u00a0<strong>163<\/strong><\/p>\n<p><strong>7\u00ba)<\/strong>\u00a0(82) Rolando Conrradi (Charata) \u2013\u00a0<strong>151<\/strong><\/p>\n<p><strong>8\u00b0)<\/strong>\u00a0(37) Daniel Mendoza (Charata) \u2013\u00a0<strong>147,75<\/strong><\/p>\n<p><strong>9\u00ba)<\/strong>\u00a0(4) Fabi\u00e1n Perduk (Tres Isletas) \u2013\u00a0<strong>124<\/strong><\/p>\n<p><strong>10\u00ba)<\/strong>\u00a0(137) Nelson Segura (Tres Isletas) \u2013\u00a0<strong>121,8<\/strong><\/p>\n<p><a href=\"https:\/\/www.ecodeportivo.com.ar\/img\/2024\/08\/zonal24-5-C2I.jpg\"><img loading=\"lazy\" decoding=\"async\" class=\"alignnone size-full wp-image-42128\" src=\"https:\/\/www.ecodeportivo.com.ar\/img\/2024\/08\/zonal24-5-C2I.jpg\" sizes=\"auto, (max-width: 1260px) 100vw, 1260px\" srcset=\"https:\/\/www.ecodeportivo.com.ar\/img\/2024\/08\/zonal24-5-C2I.jpg 1260w, https:\/\/www.ecodeportivo.com.ar\/img\/2024\/08\/zonal24-5-C2I-300x180.jpg 300w, https:\/\/www.ecodeportivo.com.ar\/img\/2024\/08\/zonal24-5-C2I-1024x614.jpg 1024w, https:\/\/www.ecodeportivo.com.ar\/img\/2024\/08\/zonal24-5-C2I-768x461.jpg 768w\" alt=\"\" width=\"1260\" height=\"756\" \/><\/a><\/p>\n<p><strong>-TC Chaque\u00f1o:<\/strong><\/p>\n<p><strong>1\u00ba)<\/strong>\u00a0(34) Nelson Frontalini (Charata) \u2013\u00a0<strong>299 puntos (CAMPE\u00d3N)<\/strong><\/p>\n<p><strong>2\u00ba)<\/strong>\u00a0(3) H\u00e9ctor Capitanich (La Montenegrina) \u2013\u00a0<strong>171<\/strong><\/p>\n<p><strong>3\u00ba)<\/strong>\u00a0(6) Abel Deppeler (Villa \u00c1ngela) \u2013\u00a0<strong>126<\/strong><\/p>\n<p><strong>4\u00ba)<\/strong>\u00a0(31) Nelson Romaniuk (San Bernardo) \u2013\u00a0<strong>114<\/strong><\/p>\n<p><strong>5\u00ba)<\/strong>\u00a0(999) Javier Collado (Charata) \u2013\u00a0<strong>112<\/strong><\/p>\n<p><strong>6\u00ba)<\/strong>\u00a0(29) Julio Kal\u00edn (Resistencia) \u2013\u00a0<strong>106<\/strong><\/p>\n<p><strong>7\u00ba)<\/strong>\u00a0(45) Nicol\u00e1s Parij (S\u00e1enz Pe\u00f1a) \u2013\u00a0<strong>102,5<\/strong><\/p>\n<p><strong>8\u00ba)<\/strong>\u00a0(69) Alexis Joglar (Villa \u00c1ngela) \u2013\u00a0<strong>86<\/strong><\/p>\n<p><strong>9\u00ba)<\/strong>\u00a0(100) Daniel Jara (Las Bre\u00f1as) \u2013\u00a0<strong>83<\/strong><\/p>\n<p><strong>10\u00ba)<\/strong>\u00a0(93) H\u00e9ctor Ram\u00f3n (Formosa) \u2013\u00a0<strong>82<\/strong><\/p>\n<p><a href=\"https:\/\/www.ecodeportivo.com.ar\/img\/2024\/08\/zonal24-5-TC.jpg\"><img loading=\"lazy\" decoding=\"async\" class=\"alignnone size-full wp-image-42122\" src=\"https:\/\/www.ecodeportivo.com.ar\/img\/2024\/08\/zonal24-5-TC.jpg\" sizes=\"auto, (max-width: 1260px) 100vw, 1260px\" srcset=\"https:\/\/www.ecodeportivo.com.ar\/img\/2024\/08\/zonal24-5-TC.jpg 1260w, https:\/\/www.ecodeportivo.com.ar\/img\/2024\/08\/zonal24-5-TC-300x169.jpg 300w, https:\/\/www.ecodeportivo.com.ar\/img\/2024\/08\/zonal24-5-TC-1024x575.jpg 1024w, https:\/\/www.ecodeportivo.com.ar\/img\/2024\/08\/zonal24-5-TC-768x432.jpg 768w, https:\/\/www.ecodeportivo.com.ar\/img\/2024\/08\/zonal24-5-TC-777x437.jpg 777w, https:\/\/www.ecodeportivo.com.ar\/img\/2024\/08\/zonal24-5-TC-180x101.jpg 180w, https:\/\/www.ecodeportivo.com.ar\/img\/2024\/08\/zonal24-5-TC-260x146.jpg 260w, https:\/\/www.ecodeportivo.com.ar\/img\/2024\/08\/zonal24-5-TC-373x210.jpg 373w, https:\/\/www.ecodeportivo.com.ar\/img\/2024\/08\/zonal24-5-TC-120x67.jpg 120w\" alt=\"\" width=\"1260\" height=\"708\" \/><\/a><\/p>\n<p><em><strong>Fuente: Eco Deportvivo<\/strong><\/em><\/p>\n<\/div>\n<\/article>\n","protected":false},"excerpt":{"rendered":"<p>05-12-2024 SALAS, FRONTALINI Y MOURGLIA, LOS CAMPEONES DEL ZONAL Fueron 103 pilotos los que tomaron parte en el certamen que se denomin\u00f3 \u201c60\u00ba aniversario de Loter\u00eda Chaque\u00f1a\u201d, a quienes se sumaron los corredores que estuvieron en car\u00e1cter de invitados en las tres categor\u00edas de manera alternada, que generaron un atractivo adicional. Luego de mucho tiempo &hellip;<\/p>\n","protected":false},"author":2,"featured_media":15103,"comment_status":"open","ping_status":"open","sticky":false,"template":"","format":"standard","meta":{"footnotes":""},"categories":[2],"tags":[],"class_list":["post-15102","post","type-post","status-publish","format-standard","has-post-thumbnail","hentry","category-automovilismo"],"_links":{"self":[{"href":"https:\/\/www.sportchaco.com.ar\/index.php?rest_route=\/wp\/v2\/posts\/15102","targetHints":{"allow":["GET"]}}],"collection":[{"href":"https:\/\/www.sportchaco.com.ar\/index.php?rest_route=\/wp\/v2\/posts"}],"about":[{"href":"https:\/\/www.sportchaco.com.ar\/index.php?rest_route=\/wp\/v2\/types\/post"}],"author":[{"embeddable":true,"href":"https:\/\/www.sportchaco.com.ar\/index.php?rest_route=\/wp\/v2\/users\/2"}],"replies":[{"embeddable":true,"href":"https:\/\/www.sportchaco.com.ar\/index.php?rest_route=%2Fwp%2Fv2%2Fcomments&post=15102"}],"version-history":[{"count":4,"href":"https:\/\/www.sportchaco.com.ar\/index.php?rest_route=\/wp\/v2\/posts\/15102\/revisions"}],"predecessor-version":[{"id":15107,"href":"https:\/\/www.sportchaco.com.ar\/index.php?rest_route=\/wp\/v2\/posts\/15102\/revisions\/15107"}],"wp:featuredmedia":[{"embeddable":true,"href":"https:\/\/www.sportchaco.com.ar\/index.php?rest_route=\/wp\/v2\/media\/15103"}],"wp:attachment":[{"href":"https:\/\/www.sportchaco.com.ar\/index.php?rest_route=%2Fwp%2Fv2%2Fmedia&parent=15102"}],"wp:term":[{"taxonomy":"category","embeddable":true,"href":"https:\/\/www.sportchaco.com.ar\/index.php?rest_route=%2Fwp%2Fv2%2Fcategories&post=15102"},{"taxonomy":"post_tag","embeddable":true,"href":"https:\/\/www.sportchaco.com.ar\/index.php?rest_route=%2Fwp%2Fv2%2Ftags&post=15102"}],"curies":[{"name":"wp","href":"https:\/\/api.w.org\/{rel}","templated":true}]}}