{"id":15113,"date":"2024-12-05T22:27:19","date_gmt":"2024-12-06T01:27:19","guid":{"rendered":"https:\/\/www.sportchaco.com.ar\/?p=15113"},"modified":"2024-12-06T12:34:52","modified_gmt":"2024-12-06T15:34:52","slug":"efemerides-del-6-de-diciembre-2","status":"publish","type":"post","link":"https:\/\/www.sportchaco.com.ar\/?p=15113","title":{"rendered":"Efem\u00e9rides del 6 de diciembre"},"content":{"rendered":"<div class=\"container fullwidth-entry-title-wrapper\">\n<div class=\"container-wrapper fullwidth-entry-title\">\n<header class=\"entry-header-outer\">\n<div class=\"entry-header\">\n<div class=\"single-post-meta post-meta clearfix\"><\/div>\n<\/div>\n<\/header>\n<\/div>\n<\/div>\n<div id=\"content\" class=\"site-content container\">\n<div id=\"main-content-row\" class=\"tie-row main-content-row\">\n<div class=\"main-content tie-col-md-8 tie-col-xs-12\" role=\"main\">\n<article id=\"the-post\" class=\"container-wrapper post-content tie-standard\">\n<div class=\"featured-area\">\n<div class=\"featured-area-inner\">\n<figure class=\"single-featured-image\"><img loading=\"lazy\" decoding=\"async\" class=\"attachment-jannah-image-post size-jannah-image-post wp-post-image\" src=\"https:\/\/www.sportchaco.com.ar\/wp-content\/uploads\/2023\/12\/318222533_489420589953436_5239118803422690324_n.jpg\" sizes=\"auto, (max-width: 600px) 100vw, 600px\" srcset=\"https:\/\/www.sportchaco.com.ar\/wp-content\/uploads\/2023\/12\/318222533_489420589953436_5239118803422690324_n.jpg 600w, https:\/\/www.sportchaco.com.ar\/wp-content\/uploads\/2023\/12\/318222533_489420589953436_5239118803422690324_n-300x201.jpg 300w\" alt=\"\" width=\"600\" height=\"401\" data-main-img=\"1\" \/>Foto: Jos\u00e9 Luis Ayub se consagra campe\u00f3n Argentino de Velocidad Superbike 2009 en San Jorge<\/figure>\n<\/div>\n<\/div>\n<div class=\"entry-content entry clearfix\">\n<p>&nbsp;<\/p>\n<p><strong>Estas son las efem\u00e9rides de un 6 de diciembre, del libro \u00ab100 a\u00f1os de historia del deporte en el Chaco\u00bb, del periodista Luis Dar\u00edo Molodezky.<\/strong><\/p>\n<p><img decoding=\"async\" src=\"https:\/\/www.sportchaco.com.ar\/wp-content\/uploads\/2023\/11\/Luis-D-SP-199x300.jpg\" \/><\/p>\n<p>&nbsp;<\/p>\n<p><strong>1958 \/<\/strong> Eleuterio Schvemler es el \u00fanico chaque\u00f1o que larga desde Buenos Aires en el XXXVI Gran Premio Argentino de Carreteras de la Rep\u00fablica Argentina. Se clasificar\u00e1 13\u00ba al culminar la prueba ocho d\u00edas despu\u00e9s.<\/p>\n<p><strong>1966 \/<\/strong>\u00a0Visita Resistencia el prestigioso periodista de boxeo Ulises Barrera, invitado por su colega Mario Ismael Nalli. Realiza una charla en el Sal\u00f3n del diario El Territorio (Museo de Medios). Barrera, uno de los mejores analistas de ese deporte y de temas generales, falleci\u00f3 el 11 de diciembre de 2005.<\/p>\n<p><strong>1983 \/<\/strong>\u00a0Queda constituida la Federaci\u00f3n de Golf del Litoral, y es designado titular el doctor Eduardo Carlos Sosa (h), representante del Chaco Golf Club.<\/p>\n<p><strong>2006 \/<\/strong>\u00a0El atleta chaque\u00f1o Javier S\u00e1ez consigue un hist\u00f3rico segundo puesto en el Campeonato Sudamericano M\u00e1ster de Levantamiento Ol\u00edmpico de Pesas, que tuvo como escenario el Cenard de Capital Federal. Se suma a las obtenidas por H\u00e9ctor Oscar Itonaga, quien fue dos veces subcampe\u00f3n sudamericano en categor\u00eda pluma (hasta 60 kilos) en 1971 y 1973, adem\u00e1s de ganar el Pre Sudamericano de 1972 y el R\u00edoplatense.<\/p>\n<p><strong>2009 \/<\/strong>\u00a0Jos\u00e9 Luis Ayub se corona campe\u00f3n argentino de Superbike, en el Campeonato Argentino de Velocidad. En la \u00faltima carrera disputada en San Jorge, Santa Fe, fue segundo. En el a\u00f1o logr\u00f3 tres victorias, dos segundos puestos, punte\u00f3 en todas las carreras y fue r\u00e9cord de vuelta en 5 ocasiones.<\/p>\n<p><strong>2007 \/<\/strong> Fallece en Resistencia a los 58 a\u00f1os el reportero gr\u00e1fico Carlos C\u00e9sar Acevedo. Hab\u00eda llegado muy joven desde su General San Mart\u00edn natal y se inici\u00f3 en El Territorio donde tuvo su bautismo de fuego en 1969 pocos d\u00edas antes de la muerte de Juan Bautista Cabral, el d\u00eda en el que en una asamblea universitaria intervino a bastonazos la polic\u00eda, le quit\u00f3 su m\u00e1quina, le vel\u00f3 el rollo y el decano de la prensa del Nordeste public\u00f3 en su tapa esa foto velada. Trabaj\u00f3 en Diario Norte desde 1973 y, se retir\u00f3 luego de 34 a\u00f1os de labor ininterrumpida. Cubri\u00f3 en las \u00a0canchas \u00a0los momentos gloriosos de Chaco For Ever, Sarmiento, Don Orione y Uni\u00f3n de Pinedo Era miembro del Sindicato de Prensa del Chaco.<\/p>\n<p><strong>2014 \/<\/strong> Se impone el nombre de Jorge Luis \u201cHacha\u201d Apud al Centro Provincial de Educaci\u00f3n F\u00edsica N\u00ba 9 de acuerdo a la Declaraci\u00f3n N\u00ba 16\/2.012 del Concejo Municipal de Charata en un acto p\u00fablico, en el que se descubri\u00f3 una placa. En los considerandos expresa \u2018quien en vida fuera un Profesor ejemplar, un Deportista destacado, una persona que dejaba el alma en cada deporte, talento natural, un buen ejemplo a seguir, un reconocido joven ciudadano de Charata\u2019. El proyecto fue presentado por los concejales Mar\u00eda Luisa Chomiak, Enrique Obligado y Rodolfo Loto integrantes del Bloque \u201cFrente Chaco Merece M\u00e1s\u201d.<\/p>\n<\/div>\n<p><strong>2017 \/<\/strong> Fallece en Resistencia a los 88 a\u00f1os el fot\u00f3grafo, realizador cinematogr\u00e1fico y docente universitario Juan Carlos Vidarte. Hab\u00eda nacido el 1 de marzo de 1929 en Corrientes. Se hab\u00eda acercado a la fotograf\u00eda mientras estudiaba en Buenos Aires, y aqu\u00ed encontr\u00f3 un campo f\u00e9rtil para desarrollarse en esta afici\u00f3n que luego ser\u00eda su trabajo. \u00a0Se vincul\u00f3 al deporte con fotograf\u00edas que marcaban diferencia, formando a grandes profesionales de la \u00e9poca. \u00a0El Territorio lo tuvo de colaborador haciendo cr\u00f3nicas de pueblos del Chaco con la imagen en fotograbado que preparaba \u00e9l mismo, y en Diario Norte fue fot\u00f3grafo deportivo por algunos a\u00f1os y escrib\u00eda cr\u00edtica de cine y art\u00edculos sobre filmaci\u00f3n en S\u00faper 8. Realiz\u00f3 colaboraciones en Canal 9 de Resistencia con filmaciones de sucesos importantes, y ellos a su vez le abrieron sus puertas para poner al aire sus producciones documentales.<\/p>\n<div class=\"entry-content entry clearfix\">\n<p><strong>Foto portada de Juan Carlos Vidarte<\/strong><\/p>\n<\/div>\n<\/article>\n<\/div>\n<\/div>\n<\/div>\n","protected":false},"excerpt":{"rendered":"<p>Foto: Jos\u00e9 Luis Ayub se consagra campe\u00f3n Argentino de Velocidad Superbike 2009 en San Jorge &nbsp; Estas son las efem\u00e9rides de un 6 de diciembre, del libro \u00ab100 a\u00f1os de historia del deporte en el Chaco\u00bb, del periodista Luis Dar\u00edo Molodezky. &nbsp; 1958 \/ Eleuterio Schvemler es el \u00fanico chaque\u00f1o que larga desde Buenos Aires &hellip;<\/p>\n","protected":false},"author":2,"featured_media":15118,"comment_status":"open","ping_status":"open","sticky":false,"template":"","format":"standard","meta":{"footnotes":""},"categories":[42,45],"tags":[],"class_list":["post-15113","post","type-post","status-publish","format-standard","has-post-thumbnail","hentry","category-diciembre","category-efemerides-dia-por-dia"],"_links":{"self":[{"href":"https:\/\/www.sportchaco.com.ar\/index.php?rest_route=\/wp\/v2\/posts\/15113","targetHints":{"allow":["GET"]}}],"collection":[{"href":"https:\/\/www.sportchaco.com.ar\/index.php?rest_route=\/wp\/v2\/posts"}],"about":[{"href":"https:\/\/www.sportchaco.com.ar\/index.php?rest_route=\/wp\/v2\/types\/post"}],"author":[{"embeddable":true,"href":"https:\/\/www.sportchaco.com.ar\/index.php?rest_route=\/wp\/v2\/users\/2"}],"replies":[{"embeddable":true,"href":"https:\/\/www.sportchaco.com.ar\/index.php?rest_route=%2Fwp%2Fv2%2Fcomments&post=15113"}],"version-history":[{"count":5,"href":"https:\/\/www.sportchaco.com.ar\/index.php?rest_route=\/wp\/v2\/posts\/15113\/revisions"}],"predecessor-version":[{"id":15120,"href":"https:\/\/www.sportchaco.com.ar\/index.php?rest_route=\/wp\/v2\/posts\/15113\/revisions\/15120"}],"wp:featuredmedia":[{"embeddable":true,"href":"https:\/\/www.sportchaco.com.ar\/index.php?rest_route=\/wp\/v2\/media\/15118"}],"wp:attachment":[{"href":"https:\/\/www.sportchaco.com.ar\/index.php?rest_route=%2Fwp%2Fv2%2Fmedia&parent=15113"}],"wp:term":[{"taxonomy":"category","embeddable":true,"href":"https:\/\/www.sportchaco.com.ar\/index.php?rest_route=%2Fwp%2Fv2%2Fcategories&post=15113"},{"taxonomy":"post_tag","embeddable":true,"href":"https:\/\/www.sportchaco.com.ar\/index.php?rest_route=%2Fwp%2Fv2%2Ftags&post=15113"}],"curies":[{"name":"wp","href":"https:\/\/api.w.org\/{rel}","templated":true}]}}