{"id":15140,"date":"2024-12-07T22:00:13","date_gmt":"2024-12-08T01:00:13","guid":{"rendered":"https:\/\/www.sportchaco.com.ar\/?p=15140"},"modified":"2024-12-07T22:01:15","modified_gmt":"2024-12-08T01:01:15","slug":"rompiendo-barreres-celebro-el-deporte-adaptado-ante-mas-de-mil-personas","status":"publish","type":"post","link":"https:\/\/www.sportchaco.com.ar\/?p=15140","title":{"rendered":"Rompiendo Barreras celebr\u00f3 el deporte adaptado ante m\u00e1s de mil personas"},"content":{"rendered":"<p><strong>07-12-2024<\/strong><\/p>\n<p><img loading=\"lazy\" decoding=\"async\" class=\" wp-image-9468 aligncenter\" src=\"https:\/\/www.sportchaco.com.ar\/wp-content\/uploads\/2024\/05\/Nachec-728x90-2-300x37.gif\" alt=\"\" width=\"405\" height=\"50\" \/><\/p>\n<p>El evento, denominado \u201cRompiendo Barreras\u201d se llev\u00f3 a cabo en conmemoraci\u00f3n al D\u00eda Internacional de las Personas con Discapacidad, siendo presidido por Marcelo Gonz\u00e1lez, presidente de la Fundaci\u00f3n Deportiva Social Chaco (Desocha). Tambi\u00e9n estuvieron presentes Ana Mar\u00eda Mitoire, presidenta de IPRODICH, as\u00ed como autoridades provinciales, municipales y representantes de diversos \u00e1mbitos sociales, deportivos e institucionales comprometidos con la construcci\u00f3n de una sociedad inclusiva.<\/p>\n<p>La 14\u00aa edici\u00f3n se desarroll\u00f3 en el Centro de Convenciones Gala (ruta 11 km 1003) y distingui\u00f3 adem\u00e1s de deportistas, a personas e instituciones que con su labor diaria ayudan o dan ejemplo de vida en pos de mejorar el desenvolvimiento humano de las personas con discapacidad. Adem\u00e1s, de la entrega de distinciones se realizaron varios intervalos con shows art\u00edsticos de las mismas instituciones presentes.<\/p>\n<p>El titular de Desocha, Marcelo Gonz\u00e1lez, declar\u00f3 ante los presentes: \u201cRompiendo Barreras es una fiesta que celebra la inclusi\u00f3n y el trabajo colectivo. Reconocemos a todas las personas e instituciones que diariamente trabajan por una sociedad m\u00e1s equitativa. Estamos felices de compartir este evento con toda el \u00e1rea metropolitana del Gran Resistencia mostrando el trabajo transversal que realizamos con el gobierno, organizaciones civiles, municipios y empresas\u201d.<\/p>\n<p>La celebraci\u00f3n dur\u00f3 casi tres horas donde se entregaron distinciones a los deportistas adaptados m\u00e1s representativos de la provincia como \u00c1ngel Deldo, medallitas paral\u00edpico, y Valentino Rossi, joven estudiante de Educaci\u00f3n F\u00edsica y con recientes r\u00e9cord mundiales en lanzamientos de bala y jabalina.<\/p>\n<p>Tambi\u00e9n hubo reconocimiento para los medios de comunicaci\u00f3n, entidades deportivas y periodistas que acompa\u00f1aron a la difusi\u00f3n del deporte adaptado a lo largo del a\u00f1o. \u201cSin los medios de comunicaci\u00f3n de la provincia, es dif\u00edcil mostrar el trabajo que realizamos. Estamos agradecidos a ellos porque adem\u00e1s se van perfeccionando para poder ser parte de la inclusi\u00f3n\u201d, agreg\u00f3 Gonz\u00e1lez.<\/p>\n<p>Con la presencia de m\u00e1s de 70 escuelas, jardines e instituciones que atrajeron a m\u00e1s de mil personas, Rompiendo Barreras, demostr\u00f3 ser la fiesta del deporte adaptado m\u00e1s convocante a nivel pa\u00eds y \u00fanica en su \u00edndole de inclusi\u00f3n.<\/p>\n<p>Las puertas para sumarse a seguir trabajando quedar\u00e1n siempre abiertas para que esta clase de eventos contin\u00faen expandi\u00e9ndose por toda la regi\u00f3n y el pa\u00eds.<\/p>\n<p><img loading=\"lazy\" decoding=\"async\" class=\" wp-image-9467 aligncenter\" src=\"https:\/\/www.sportchaco.com.ar\/wp-content\/uploads\/2024\/05\/Nachec1-300x250-1.gif\" alt=\"\" width=\"361\" height=\"301\" \/><\/p>\n","protected":false},"excerpt":{"rendered":"<p>07-12-2024 El evento, denominado \u201cRompiendo Barreras\u201d se llev\u00f3 a cabo en conmemoraci\u00f3n al D\u00eda Internacional de las Personas con Discapacidad, siendo presidido por Marcelo Gonz\u00e1lez, presidente de la Fundaci\u00f3n Deportiva Social Chaco (Desocha). Tambi\u00e9n estuvieron presentes Ana Mar\u00eda Mitoire, presidenta de IPRODICH, as\u00ed como autoridades provinciales, municipales y representantes de diversos \u00e1mbitos sociales, deportivos e &hellip;<\/p>\n","protected":false},"author":3,"featured_media":15141,"comment_status":"open","ping_status":"open","sticky":false,"template":"","format":"standard","meta":{"footnotes":""},"categories":[8],"tags":[],"class_list":["post-15140","post","type-post","status-publish","format-standard","has-post-thumbnail","hentry","category-sport-nea"],"_links":{"self":[{"href":"https:\/\/www.sportchaco.com.ar\/index.php?rest_route=\/wp\/v2\/posts\/15140","targetHints":{"allow":["GET"]}}],"collection":[{"href":"https:\/\/www.sportchaco.com.ar\/index.php?rest_route=\/wp\/v2\/posts"}],"about":[{"href":"https:\/\/www.sportchaco.com.ar\/index.php?rest_route=\/wp\/v2\/types\/post"}],"author":[{"embeddable":true,"href":"https:\/\/www.sportchaco.com.ar\/index.php?rest_route=\/wp\/v2\/users\/3"}],"replies":[{"embeddable":true,"href":"https:\/\/www.sportchaco.com.ar\/index.php?rest_route=%2Fwp%2Fv2%2Fcomments&post=15140"}],"version-history":[{"count":2,"href":"https:\/\/www.sportchaco.com.ar\/index.php?rest_route=\/wp\/v2\/posts\/15140\/revisions"}],"predecessor-version":[{"id":15152,"href":"https:\/\/www.sportchaco.com.ar\/index.php?rest_route=\/wp\/v2\/posts\/15140\/revisions\/15152"}],"wp:featuredmedia":[{"embeddable":true,"href":"https:\/\/www.sportchaco.com.ar\/index.php?rest_route=\/wp\/v2\/media\/15141"}],"wp:attachment":[{"href":"https:\/\/www.sportchaco.com.ar\/index.php?rest_route=%2Fwp%2Fv2%2Fmedia&parent=15140"}],"wp:term":[{"taxonomy":"category","embeddable":true,"href":"https:\/\/www.sportchaco.com.ar\/index.php?rest_route=%2Fwp%2Fv2%2Fcategories&post=15140"},{"taxonomy":"post_tag","embeddable":true,"href":"https:\/\/www.sportchaco.com.ar\/index.php?rest_route=%2Fwp%2Fv2%2Ftags&post=15140"}],"curies":[{"name":"wp","href":"https:\/\/api.w.org\/{rel}","templated":true}]}}