{"id":15166,"date":"2024-12-08T20:37:17","date_gmt":"2024-12-08T23:37:17","guid":{"rendered":"https:\/\/www.sportchaco.com.ar\/?p=15166"},"modified":"2024-12-08T20:37:17","modified_gmt":"2024-12-08T23:37:17","slug":"angel-deldo-el-ideal-deportivo","status":"publish","type":"post","link":"https:\/\/www.sportchaco.com.ar\/?p=15166","title":{"rendered":"\u00c1ngel Deld\u00f3, el ideal deportivo"},"content":{"rendered":"<p><strong>08-12-2024<\/strong><\/p>\n<p><img loading=\"lazy\" decoding=\"async\" class=\" wp-image-9468 aligncenter\" src=\"https:\/\/www.sportchaco.com.ar\/wp-content\/uploads\/2024\/05\/Nachec-728x90-2-300x37.gif\" alt=\"\" width=\"389\" height=\"48\" \/><\/p>\n<p>\u00c1ngel Deld\u00f3 es, sin duda, uno de los deportistas m\u00e1s representativos que tiene la historia del deporte chaque\u00f1o. Hoy conocido como medallista paral\u00edmpico por la obtenci\u00f3n de la presea de Plata en los Juegos Paral\u00edmpicos de Par\u00eds 2024, pero hay que remontarse unos cuantos a\u00f1os atr\u00e1s para tomar dimensi\u00f3n de lo que ha conseguido a lo largo de su carrera el deportista de Barranqueras.<\/p>\n<p>\u201cTito\u201d, como es conocido en su ambiente familiar, lleg\u00f3 a ser sondeado por la Selecci\u00f3n Nacional de F\u00fatbol para Ciegos antes del 2010, cuando se dedicaba a la actividad deportiva. Fue hasta ese a\u00f1o que lleg\u00f3 a su primera competencia vistiendo la albiceleste de Los Murci\u00e9lagos. Fue nada m\u00e1s ni nada menos que en la Copa Mundial de Inglaterra.<\/p>\n<p>De all\u00ed en m\u00e1s lleg\u00f3 para \u00e9l un tiempo de muchas concentraciones siendo parte de diferentes procesos y etapas del f\u00fatbol para no videntes. Desde ese 2010 hasta la actualidad ha tenido un promedio de 8 a 10 concentraciones al a\u00f1o en el CeNARD (Centro Nacional de Alto Rendimiento Deportivo), vigencia que no la tuvo ning\u00fan otro deportista chaque\u00f1o en la historia, ni adaptado ni convencional.<\/p>\n<p>Pero Inglaterra 2010 solo fue el inicio para Deld\u00f3, ya que al a\u00f1o siguiente consigui\u00f3 su primera medalla, fue la del Parapanamericano de Guadalajara 2011. Despu\u00e9s se hizo realidad el sue\u00f1o de todo atleta, le lleg\u00f3 la oportunidad de representar a nuestro pa\u00eds en una cita paral\u00edmpica, los Juegos Paral\u00edmpicos de Londres 2012 donde con el equipo alcanzaron las semifinales de la categor\u00eda.<\/p>\n<p>Ya siendo una pieza clave en el andar del seleccionado nacional, por el a\u00f1o 2013 lleg\u00f3 la oportunidad de jugar una Copa Am\u00e9rica que concluy\u00f3 con un subcampeonato, un galard\u00f3n m\u00e1s para sus palmares. Misma resoluci\u00f3n tendr\u00eda al a\u00f1o siguiente, nuevamente un segundo puesto, en esta ocasi\u00f3n, en su segundo Mundial de F\u00fatbol para Ciegos disputado en Tokio, Jap\u00f3n.<br \/>\n\u00c1ngel fue construyendo un camino en el deporte adaptado siendo parte de la Fundaci\u00f3n Deportiva Social Chaco (Desocha), quien lo ayud\u00f3 a poder cumplir con sus obligaciones como deportista de alto rendimiento.<\/p>\n<p>Las concentraciones, los torneos, los viajes no cesaban y nuestro atleta de Barranqueras no nos fallaba, dec\u00eda presente y nos enorgullec\u00eda con sus participaciones y logros.<\/p>\n<p>El a\u00f1o 2015 se present\u00f3 con una medalla de Plata en Toronto, que alberg\u00f3 los Juegos Parapanamericanos, para Deld\u00f3 y sus compa\u00f1eros. Esto le permiti\u00f3 a su vez sacar boleto para otra cita paral\u00edmpica, la de R\u00edo 2016 que ser\u00eda para \u00c1ngel y el Chaco la oportunidad de conseguir la primera medalla paral\u00edmpica en su segundo juego, la de Bronce.<\/p>\n<p>La injerencia del atleta chaque\u00f1o era tan importante en el equipo nacional que comenz\u00f3 a alternar con la capitan\u00eda de Los Murci\u00e9lagos, una cinta que con el correr de los a\u00f1os se impregnar\u00eda en el brazo izquierdo de \u201cTito\u201d.<\/p>\n<p>Tras sobrepasar Brasil, lleg\u00f3 en noviembre del 2017 la consagraci\u00f3n de la Copa Am\u00e9rica en Santiago de Chile junto a la clasificaci\u00f3n al Mundial de Espa\u00f1a al a\u00f1o pr\u00f3ximo. En dicho Mundial del 2018, que fue el tercero en la carrera de Deld\u00f3, se termin\u00f3 quedando con el segundo puesto y una nueva medalla de Plata.<\/p>\n<p>El coleccionista chaque\u00f1o de preseas sum\u00f3 una m\u00e1s en 2019 cuando junto a la Selecci\u00f3n Argentina obtuvo la medalla de Plata en los Parapanamericanos de Lima, Per\u00fa. Lo \u00fanico que pudo frenar el exitoso e ininterrumpido andar de Deld\u00f3 fue la pandemia de Covid-19 en el a\u00f1o 2020, pero cuando el mundo lo volvi\u00f3 a dejar participar y competir, demostr\u00f3 que quer\u00eda ir por todo.<\/p>\n<p>Los Juegos Paral\u00edmpicos de Tokio 2020, que de desarrollaron en el 2021, se convirtieron en el tercer paral\u00edmpico consecutivo para el oriundo de Barranqueras y concluyeron con la medalla de Plata. El cierre del 2021 tuvo otro galard\u00f3n individual para nuestro atleta con su segundo Trofeo Antu\u00e1n del C\u00edrculo de Periodistas Deportivos del Chaco que lo destac\u00f3 como el deportista del a\u00f1o, como lo hab\u00eda hecho en el 2017.<\/p>\n<p>Con el envi\u00f3n an\u00edmico de ir creciendo en el deporte adaptado, \u201cTito\u201d Deld\u00f3 fue reconocido en el a\u00f1o 2022 por el gobierno de la provincia del Chaco al ser nombrado ciudadano ilustre de la provincia y finalizando el a\u00f1o con el premio Olimpia de Plata a nivel nacional por ser considerado el mejor deportista del pa\u00eds en el deporte adaptado, reconocimiento otorgado a un chaque\u00f1o por primera vez en la historia. Todo esto luego de haber levantado la Copa Am\u00e9rica en C\u00f3rdoba como capit\u00e1n de Los Murci\u00e9lagos.<\/p>\n<p>La felicidad total lleg\u00f3 al a\u00f1o siguiente porque \u00c1ngel y compa\u00f1\u00eda gritaron campeones del Mundo en Inglaterra tras quedarse con el Mundial 2023. Luego se vendr\u00eda otro hito hist\u00f3rico para la provincia, el cuarto Juego Paral\u00edmpico para el chaque\u00f1o; Par\u00eds 2024, que como se remarc\u00f3 al inicio, entreg\u00f3 a la colecci\u00f3n una medalla de Plata m\u00e1s, la tercera en la carrera de Deld\u00f3.<\/p>\n<p>La provincia chaque\u00f1a, a lo largo de su historia, ha visto salir a una infinidad de deportistas adaptados y convencionales que han dejado una huella imborrable para el deporte; hubo basquetbolistas, nadadores, futbolistas, corredores de autos, boxeadores, golfistas, entre otros, pero lo que nuestro \u00c1ngel Deldo es, sin duda alguna, algo hist\u00f3rico y tan vigente que a\u00fan le quedan a\u00f1os para seguir represent\u00e1ndonos de la mejor manera, solo como \u00e9l lo sabe hacer, con sacrificio y humildad.<\/p>\n<p><img loading=\"lazy\" decoding=\"async\" class=\" wp-image-9671 aligncenter\" src=\"https:\/\/www.sportchaco.com.ar\/wp-content\/uploads\/2024\/05\/Nachec1-200x200-1.gif\" alt=\"\" width=\"289\" height=\"289\" \/><\/p>\n","protected":false},"excerpt":{"rendered":"<p>08-12-2024 \u00c1ngel Deld\u00f3 es, sin duda, uno de los deportistas m\u00e1s representativos que tiene la historia del deporte chaque\u00f1o. Hoy conocido como medallista paral\u00edmpico por la obtenci\u00f3n de la presea de Plata en los Juegos Paral\u00edmpicos de Par\u00eds 2024, pero hay que remontarse unos cuantos a\u00f1os atr\u00e1s para tomar dimensi\u00f3n de lo que ha conseguido &hellip;<\/p>\n","protected":false},"author":3,"featured_media":15167,"comment_status":"open","ping_status":"open","sticky":false,"template":"","format":"standard","meta":{"footnotes":""},"categories":[44],"tags":[],"class_list":["post-15166","post","type-post","status-publish","format-standard","has-post-thumbnail","hentry","category-varios"],"_links":{"self":[{"href":"https:\/\/www.sportchaco.com.ar\/index.php?rest_route=\/wp\/v2\/posts\/15166","targetHints":{"allow":["GET"]}}],"collection":[{"href":"https:\/\/www.sportchaco.com.ar\/index.php?rest_route=\/wp\/v2\/posts"}],"about":[{"href":"https:\/\/www.sportchaco.com.ar\/index.php?rest_route=\/wp\/v2\/types\/post"}],"author":[{"embeddable":true,"href":"https:\/\/www.sportchaco.com.ar\/index.php?rest_route=\/wp\/v2\/users\/3"}],"replies":[{"embeddable":true,"href":"https:\/\/www.sportchaco.com.ar\/index.php?rest_route=%2Fwp%2Fv2%2Fcomments&post=15166"}],"version-history":[{"count":1,"href":"https:\/\/www.sportchaco.com.ar\/index.php?rest_route=\/wp\/v2\/posts\/15166\/revisions"}],"predecessor-version":[{"id":15168,"href":"https:\/\/www.sportchaco.com.ar\/index.php?rest_route=\/wp\/v2\/posts\/15166\/revisions\/15168"}],"wp:featuredmedia":[{"embeddable":true,"href":"https:\/\/www.sportchaco.com.ar\/index.php?rest_route=\/wp\/v2\/media\/15167"}],"wp:attachment":[{"href":"https:\/\/www.sportchaco.com.ar\/index.php?rest_route=%2Fwp%2Fv2%2Fmedia&parent=15166"}],"wp:term":[{"taxonomy":"category","embeddable":true,"href":"https:\/\/www.sportchaco.com.ar\/index.php?rest_route=%2Fwp%2Fv2%2Fcategories&post=15166"},{"taxonomy":"post_tag","embeddable":true,"href":"https:\/\/www.sportchaco.com.ar\/index.php?rest_route=%2Fwp%2Fv2%2Ftags&post=15166"}],"curies":[{"name":"wp","href":"https:\/\/api.w.org\/{rel}","templated":true}]}}