{"id":15191,"date":"2024-12-10T11:18:36","date_gmt":"2024-12-10T14:18:36","guid":{"rendered":"https:\/\/www.sportchaco.com.ar\/?p=15191"},"modified":"2024-12-10T11:18:36","modified_gmt":"2024-12-10T14:18:36","slug":"david-valdez-continuara-en-for-ever","status":"publish","type":"post","link":"https:\/\/www.sportchaco.com.ar\/?p=15191","title":{"rendered":"David Valdez continuar\u00e1 en For Ever"},"content":{"rendered":"<p><strong>10-12-2024<\/strong><\/p>\n<p><img loading=\"lazy\" decoding=\"async\" class=\" wp-image-9468 aligncenter\" src=\"https:\/\/www.sportchaco.com.ar\/wp-content\/uploads\/2024\/05\/Nachec-728x90-2-300x37.gif\" alt=\"\" width=\"373\" height=\"46\" \/><\/p>\n<p>El zaguero y capit\u00e1n David Valdez arregl\u00f3 su continuidad y seguir\u00e1 en For Ever de cara a la temporada 2025 de la Primera Nacional de f\u00fatbol.<\/p>\n<p>Si bien ten\u00eda contrato por un a\u00f1o m\u00e1s con la instituci\u00f3n chaque\u00f1a, el defensor ten\u00eda algunas ofertas de otros equipos que pusieron en duda su continuidad, pero en las \u00faltimas horas se puso de acuerdo con los dirigentes y seguir\u00e1 en For Ever.<\/p>\n<p>Valdez lleg\u00f3 a mediados de 2020 a For Ever y fue part\u00edcipe fundamental del equipo que logr\u00f3 el ascenso a la Primera Nacional a fines de 2021. Desde all\u00ed se asent\u00f3 en el club y es un referente, a tal punto que se gan\u00f3 la capitan\u00eda.<\/p>\n<div class=\" large m_image\">\n<figure><picture><source srcset=\"https:\/\/www.diarionorte.com\/content\/bucket\/9\/391269w790h526c.jpg.webp\" type=\"image\/webp\" media=\"(min-width: 640px)\" \/><source srcset=\"https:\/\/www.diarionorte.com\/content\/bucket\/9\/391269w440h293c.jpg.webp\" type=\"image\/webp\" media=\"(min-width: 300px)\" \/><source srcset=\"https:\/\/www.diarionorte.com\/content\/bucket\/9\/391269w790h526c.jpg\" media=\"(min-width: 300px)\" \/><img loading=\"lazy\" decoding=\"async\" class=\"pic\" src=\"https:\/\/www.diarionorte.com\/content\/bucket\/9\/391269w790h526c.jpg.webp\" alt=\"\" width=\"790\" height=\"526\" \/><\/picture><figcaption><\/figcaption><\/figure>\n<\/div>\n<p>Mientras tanto, los directivos del \u00abnegro\u00bb siguen en la b\u00fasqueda de refuerzos. Ya son cinco los jugadores que llegaron al club: el lateral derecho Mauricio Rosales (naci\u00f3 en La Plata, tiene 32 a\u00f1os y su \u00faltimo club fue Atlanta); el volante Brian Guerra (naci\u00f3 en Santa Isabel, Buenos Aires, tiene 28 a\u00f1os y tuvo un \u00faltimo paso por Defensores Unidos de Z\u00e1rate); el volante Juan Manuel Carrizo (es salte\u00f1o, tiene 24 a\u00f1os y viene de jugar en Central Norte de Salta); el delantero Leonardo Marinucci (naci\u00f3 en Berisso, Buenos Aires, tiene 31 a\u00f1os y su \u00faltimo equipo fue Atlanta) y el regreso de Mat\u00edas \u00abMono\u00bb Romero (formose\u00f1o, de 30 a\u00f1os, que viene de jugar en Deportivo Mor\u00f3n y ya visti\u00f3 la casaca de For Ever desde 2019 hasta 2023).<\/p>\n<p>For Ever ya hab\u00eda sellado las continuidades de algunos valores como el arquero Gast\u00f3n Canuto, el lateral izquierdo Mathias Silvera y el volante creativo Brandon Obreg\u00f3n. Y otros que tienen contrato como Lucio P\u00e9rez, Enzo Tamborelli, Gonzalo Ca\u00f1ete, Santiago Valenzuela e Imanol Enr\u00edquez. Y se buscan las continuidades de jugadores como Maximiliano Romero y Milton Leyendeker y Franco Perinciolo.<\/p>\n<p>For Ever comenzar\u00e1 la pretemporada el 3 de enero y se estima que el torneo iniciar\u00e1 a principios de febrero.<\/p>\n<p><strong>EL PLANTEL ACTUAL<br \/>\n<\/strong><strong>Arqueros<\/strong>: Gast\u00f3n Canuto, Leandro Ledesma y Leonardo Garcete.<br \/>\n<strong>Defensores<\/strong>: Lucio P\u00e9rez, Tiago Chamorro, David Valdez y Enzo Tamborelli, Mathias Silvera y H\u00e9ctor Zabala.<br \/>\n<strong>Volantes<\/strong>: Santiago Valenzuela, Gonzalo Ca\u00f1ete y Brandon Obreg\u00f3n.<br \/>\n<strong>Delanteros<\/strong>: Imanol Enr\u00edquez y Alejandro Aquino.<br \/>\n<strong>Refuerzos<\/strong>: Mauricio Rosales, Brian Guerra, Juan Manuel Carrizo, Leonardo Marinucci y Mat\u00edas Romero.<\/p>\n<p><em><strong>Fuente: Diario NORTE<\/strong><\/em><\/p>\n<p><img loading=\"lazy\" decoding=\"async\" class=\" wp-image-9671 aligncenter\" src=\"https:\/\/www.sportchaco.com.ar\/wp-content\/uploads\/2024\/05\/Nachec1-200x200-1.gif\" alt=\"\" width=\"263\" height=\"263\" \/><\/p>\n","protected":false},"excerpt":{"rendered":"<p>10-12-2024 El zaguero y capit\u00e1n David Valdez arregl\u00f3 su continuidad y seguir\u00e1 en For Ever de cara a la temporada 2025 de la Primera Nacional de f\u00fatbol. Si bien ten\u00eda contrato por un a\u00f1o m\u00e1s con la instituci\u00f3n chaque\u00f1a, el defensor ten\u00eda algunas ofertas de otros equipos que pusieron en duda su continuidad, pero en &hellip;<\/p>\n","protected":false},"author":3,"featured_media":3469,"comment_status":"open","ping_status":"open","sticky":false,"template":"","format":"standard","meta":{"footnotes":""},"categories":[5],"tags":[],"class_list":["post-15191","post","type-post","status-publish","format-standard","has-post-thumbnail","hentry","category-futbol"],"_links":{"self":[{"href":"https:\/\/www.sportchaco.com.ar\/index.php?rest_route=\/wp\/v2\/posts\/15191","targetHints":{"allow":["GET"]}}],"collection":[{"href":"https:\/\/www.sportchaco.com.ar\/index.php?rest_route=\/wp\/v2\/posts"}],"about":[{"href":"https:\/\/www.sportchaco.com.ar\/index.php?rest_route=\/wp\/v2\/types\/post"}],"author":[{"embeddable":true,"href":"https:\/\/www.sportchaco.com.ar\/index.php?rest_route=\/wp\/v2\/users\/3"}],"replies":[{"embeddable":true,"href":"https:\/\/www.sportchaco.com.ar\/index.php?rest_route=%2Fwp%2Fv2%2Fcomments&post=15191"}],"version-history":[{"count":1,"href":"https:\/\/www.sportchaco.com.ar\/index.php?rest_route=\/wp\/v2\/posts\/15191\/revisions"}],"predecessor-version":[{"id":15192,"href":"https:\/\/www.sportchaco.com.ar\/index.php?rest_route=\/wp\/v2\/posts\/15191\/revisions\/15192"}],"wp:featuredmedia":[{"embeddable":true,"href":"https:\/\/www.sportchaco.com.ar\/index.php?rest_route=\/wp\/v2\/media\/3469"}],"wp:attachment":[{"href":"https:\/\/www.sportchaco.com.ar\/index.php?rest_route=%2Fwp%2Fv2%2Fmedia&parent=15191"}],"wp:term":[{"taxonomy":"category","embeddable":true,"href":"https:\/\/www.sportchaco.com.ar\/index.php?rest_route=%2Fwp%2Fv2%2Fcategories&post=15191"},{"taxonomy":"post_tag","embeddable":true,"href":"https:\/\/www.sportchaco.com.ar\/index.php?rest_route=%2Fwp%2Fv2%2Ftags&post=15191"}],"curies":[{"name":"wp","href":"https:\/\/api.w.org\/{rel}","templated":true}]}}