{"id":15219,"date":"2024-12-11T17:51:57","date_gmt":"2024-12-11T20:51:57","guid":{"rendered":"https:\/\/www.sportchaco.com.ar\/?p=15219"},"modified":"2024-12-17T21:18:15","modified_gmt":"2024-12-18T00:18:15","slug":"se-realizo-la-presentacion-de-la-42-edicion-de-la-fiesta-anual-del-deporte","status":"publish","type":"post","link":"https:\/\/www.sportchaco.com.ar\/?p=15219","title":{"rendered":"Se realiz\u00f3 la presentaci\u00f3n de la 42\u00b0 edici\u00f3n de la \u00abFiesta Anual del Deporte\u00bb"},"content":{"rendered":"<p><strong>11-12-2024<\/strong><\/p>\n<p><img loading=\"lazy\" decoding=\"async\" class=\" wp-image-9468 aligncenter\" src=\"https:\/\/www.sportchaco.com.ar\/wp-content\/uploads\/2024\/05\/Nachec-728x90-2-300x37.gif\" alt=\"\" width=\"381\" height=\"47\" \/><\/p>\n<p>En este evento anual se realizar\u00e1 el reconocimiento a los mejores deportistas chaque\u00f1os del 2024. El presidente del Instituto del Deporte, Fabio V\u00e1zquez junto al presidente del C\u00edrculo de Periodistas Deportivos, Edison Rodriguez realizaron, este mi\u00e9rcoles, el lanzamiento de la 42\u00b0 Fiesta Anual del C\u00edrculo de Periodistas Deportivos del Chaco. La noche de la Gala del Deporte, se realizar\u00e1 el 20 de diciembre a las 21,30 en el predio del Castillito de La Bancaria, que est\u00e1 ubicado sobre la Ruta Nicol\u00e1s Avellaneda (Ruta 16), a la altura del kil\u00f3metro once y medio.<\/p>\n<p>El presidente del C\u00edrculo de Periodistas Deportivos del Chaco, Edison \u201cWilly\u201d Rodriguez se\u00f1al\u00f3 que esta ceremonia anual es la m\u00e1s esperada por el deporte chaque\u00f1o. En este tradicional evento anual se realizar\u00e1 el reconocimiento a los mejores deportistas del 2024 que se han destacado por esfuerzos, sacrificios y resultados. Adem\u00e1s se realizar\u00e1 el reconocimiento para algunas personalidades del deporte o instituciones.<\/p>\n<p>Este a\u00f1o, la gala contempla la distinci\u00f3n de 35 deportistas, de los cuales 10 recibir\u00e1n reconocimientos especiales. La organizaci\u00f3n ha se\u00f1alado que algunas disciplinas con actividad reducida podr\u00edan no ser incluidas en la selecci\u00f3n final. En total se entregar\u00e1n unas 45 distinciones.<\/p>\n<figure class=\"wp-block-image size-large\"><a href=\"https:\/\/baskettotal.com.ar\/wp-content\/uploads\/2024\/12\/DEPORTES-3.jpg\"><img loading=\"lazy\" decoding=\"async\" class=\"lazy wp-image-25515 lazy-loaded\" src=\"https:\/\/baskettotal.com.ar\/wp-content\/uploads\/2024\/12\/DEPORTES-3-1024x682.jpg\" sizes=\"auto, (max-width: 1024px) 100vw, 1024px\" srcset=\"https:\/\/baskettotal.com.ar\/wp-content\/uploads\/2024\/12\/DEPORTES-3-1024x682.jpg 1024w, https:\/\/baskettotal.com.ar\/wp-content\/uploads\/2024\/12\/DEPORTES-3-300x200.jpg 300w, https:\/\/baskettotal.com.ar\/wp-content\/uploads\/2024\/12\/DEPORTES-3-768x512.jpg 768w, https:\/\/baskettotal.com.ar\/wp-content\/uploads\/2024\/12\/DEPORTES-3.jpg 1040w\" alt=\"\" width=\"1024\" height=\"682\" data-lazy-type=\"image\" data-lazy-src=\"https:\/\/baskettotal.com.ar\/wp-content\/uploads\/2024\/12\/DEPORTES-3-1024x682.jpg\" data-lazy-srcset=\"https:\/\/baskettotal.com.ar\/wp-content\/uploads\/2024\/12\/DEPORTES-3-1024x682.jpg 1024w, https:\/\/baskettotal.com.ar\/wp-content\/uploads\/2024\/12\/DEPORTES-3-300x200.jpg 300w, https:\/\/baskettotal.com.ar\/wp-content\/uploads\/2024\/12\/DEPORTES-3-768x512.jpg 768w, https:\/\/baskettotal.com.ar\/wp-content\/uploads\/2024\/12\/DEPORTES-3.jpg 1040w\" data-lazy-sizes=\"(max-width: 1024px) 100vw, 1024px\" \/><\/a><\/figure>\n<p>\u201cEsta noche representa un momento culminante no s\u00f3lo para nuestra instituci\u00f3n, sino para toda la comunidad deportiva. Es la celebraci\u00f3n del reencuentro: un espacio donde atletas, dirigentes, t\u00e9cnicos y profesores se reconocen despu\u00e9s de un a\u00f1o intenso de trabajo, esfuerzo, sacrificio y dedicaci\u00f3n. Nuestro objetivo principal es rendir homenaje y premiar el compromiso demostrado en cada disciplina deportiva\u201d, dijo Willy Rodriguez.<\/p>\n<p>Como todos los a\u00f1os un aspecto destacado de la Gala de este a\u00f1o ser\u00e1 la elecci\u00f3n del \u00abDeportista del A\u00f1o\u00bb, proceso que promete ser muy competitivo. El comit\u00e9 organizador ya tiene definida casi completamente la lista de nominados. \u201cHay unos 4 o 5 candidatos que han logrado resultados significativos tanto a nivel nacional como internacional. La selecci\u00f3n final del m\u00e1ximo galard\u00f3n requerir\u00e1 un debate entre los miembros de la comisi\u00f3n directiva, quienes deber\u00e1n evaluar meticulosamente los m\u00e9ritos de cada candidato\u201d, dijo Rodriguez.<\/p>\n<p>Estuvieron presentes en el lanzamiento de la Gala del Deporte, el presidente del Instituto del Deporte, Fabio Vazquez; el presidente del C\u00edrculo de Periodistas Deportivos del Chaco, Edison Rodriguez; el vicepresidente de la instituci\u00f3n, Mariano Candia y el vocal de Loteria Chaque\u00f1a, Juan Chaussivert.<\/p>\n<p><strong>Valorar el esfuerzo y sacrificio de nuestros deportistas<br \/>\n<\/strong>En la conferencia de prensa, el presidente del Instituto del Deporte Chaque\u00f1o, Fabio Vazquez asegur\u00f3 que la 42\u00b0 edici\u00f3n de la Gala del Deporte Chaque\u00f1os, es un evento celebra el trabajo, esfuerzo y sacrificio de los destacados deportistas de este a\u00f1o. \u201cEs para nosotros, desde el Gobierno Provincial, un motivo de gran satisfacci\u00f3n poder celebrar un a\u00f1o m\u00e1s esta fiesta del deporte chaque\u00f1o, junto a todos nuestros deportistas. Deseamos expresar nuestro agradecimiento al C\u00edrculo de Periodistas Deportivos por su incansable labor en la valoraci\u00f3n del esfuerzo y sacrificio que implica la preparaci\u00f3n de un atleta\u201d,dijo Vazquez a la par de enfatizar que por instrucci\u00f3n del se\u00f1or gobernador Leandro Zdero, se han realizado m\u00faltiples reuniones para garantizar la excelencia de este evento\u201d, dijo V\u00e1zquez.<\/p>\n<p>\u201cSabemos que el camino hacia la alta competencia es exigente y requiere de m\u00faltiples cualidades. Muchos de nuestros deportistas inician su trayectoria en el \u00e1mbito amateur para luego transitar hacia el profesionalismo. En este sentido, el Gobierno Provincial ha decidido aunar esfuerzos con el C\u00edrculo de Periodistas Deportivos, a trav\u00e9s de diversas \u00e1reas, para brindar un apoyo integral a nuestros deportistas\u201d, dijo el funcionario.<\/p>\n<p>V\u00e1zquez destac\u00f3 la importancia que tiene la Ley de Sponsorizaci\u00f3n del Deporte, que lleva entregado un total de 1.100 millones de pesos . \u201cEs una ley muy positiva \u201c, dijo. En este sentido tambi\u00e9n destac\u00f3 la instrumentaci\u00f3n de la Ley 500 Deporte que se focaliza en la ayuda a los deportistas amateurs.<\/p>\n<p>El evento ser\u00e1 transmitido por la se\u00f1al \u201cSomos Uno\u201d para toda la provincia. El trabajo conjunto entre el Instituto del Deporte, Loter\u00eda Chaque\u00f1a y el Nuevo Banco del Chaco proyectan convertir este evento en una de las mejores galas deportivas.<\/p>\n<p><strong>Distinguidos 2024<\/strong><br \/>\n<strong>Ajedrez:<\/strong> Nahuel Fidel Cabrera<br \/>\n<strong>\u00c1rbitro:<\/strong> Dami\u00e1n Amarilla<br \/>\n<strong>Artes marciales:<\/strong> Melani Alegre<br \/>\n<strong>Atletismo:<\/strong> Dilan Tevez<br \/>\n<strong>Automovilismo:<\/strong> Lucas Bohdanowicz<br \/>\n<strong>B\u00e1squet masculino:<\/strong> Gabriel Frencia<br \/>\n<strong>B\u00e1squet femenino:<\/strong> Roc\u00edo Lezcano<br \/>\n<strong>Bochas:<\/strong> Hugo Daniel Orellana<br \/>\n<strong>Boxeo:<\/strong> Joaqu\u00edn D\u00edaz<br \/>\n<strong>Caza:<\/strong> Ra\u00fal Ariel Petrunior<br \/>\n<strong>Ciclismo:<\/strong> Daniel Ju\u00e1rez<br \/>\n<strong>Deporte adaptado:<\/strong> \u00c1ngel Deld\u00f3<br \/>\n<strong>Dirigente:<\/strong> V\u00edctor Galeano<br \/>\n<strong>F\u00fatbol masculino:<\/strong> Franco Grossi<br \/>\n<strong>F\u00fatbol femenino:<\/strong> Camila Vallejos<br \/>\n<strong>Futsal:<\/strong> Fabricio Leguizam\u00f3n<br \/>\n<strong>Gimnasia:<\/strong> Ezequias B\u00e1ez<br \/>\n<strong>Golf:<\/strong> Ren\u00e9 Pelozo<br \/>\n<strong>Handball:<\/strong> Juan Pablo Dellamea<br \/>\n<strong>Hockey:<\/strong> Jerem\u00edas Doubouloy<br \/>\n<strong>Karting:<\/strong> Ciro Villalba<br \/>\n<strong>Levantamiento Ol\u00edmpico de Pesas:<\/strong> Ludmila Gerzel<br \/>\n<strong>Marat\u00f3n:<\/strong> Evangelina Defagot<br \/>\n<strong>Motociclismo:<\/strong> Ramiro Gandola<br \/>\n<strong>Nataci\u00f3n:<\/strong> Thiago Romero<br \/>\n<strong>P\u00e1del:<\/strong> Franco Stupaczuk<br \/>\n<strong>Pat\u00edn Art\u00edstico:<\/strong> V\u00edctoria G\u00f3mez<br \/>\n<strong>Rugby:<\/strong> Juan S\u00e1nchez<br \/>\n<strong>Squash:<\/strong> Lola Aznarez<br \/>\n<strong>Tenis:<\/strong> Juli\u00e1n Cundom<br \/>\n<strong>Tenis de mesa:<\/strong> Gast\u00f3n Codina<br \/>\n<strong>Tiro:<\/strong> Roberto Omar C\u00e1ceres<br \/>\n<strong>Triatl\u00f3n:<\/strong> Jos\u00e9 Muchutti<br \/>\n<strong>V\u00f3ley:<\/strong> Andreina Ghiggeri<\/p>\n<p><strong>Reconocimientos<\/strong><br \/>\nTalia Rodich<br \/>\nCristal Escalante<br \/>\nUEGP 157<br \/>\nDefensores de Vilelas<br \/>\nIndependiente Tirol<br \/>\nDeportivo Luj\u00e1n<br \/>\nHind\u00fa Club<br \/>\nVer\u00f3nica Acevedo<\/p>\n<p><img loading=\"lazy\" decoding=\"async\" class=\" wp-image-9466 aligncenter\" src=\"https:\/\/www.sportchaco.com.ar\/wp-content\/uploads\/2024\/05\/Nachec1-300x600-1-150x300.gif\" alt=\"\" width=\"193\" height=\"386\" \/><\/p>\n","protected":false},"excerpt":{"rendered":"<p>11-12-2024 En este evento anual se realizar\u00e1 el reconocimiento a los mejores deportistas chaque\u00f1os del 2024. El presidente del Instituto del Deporte, Fabio V\u00e1zquez junto al presidente del C\u00edrculo de Periodistas Deportivos, Edison Rodriguez realizaron, este mi\u00e9rcoles, el lanzamiento de la 42\u00b0 Fiesta Anual del C\u00edrculo de Periodistas Deportivos del Chaco. La noche de la &hellip;<\/p>\n","protected":false},"author":3,"featured_media":15220,"comment_status":"open","ping_status":"open","sticky":false,"template":"","format":"standard","meta":{"footnotes":""},"categories":[44],"tags":[],"class_list":["post-15219","post","type-post","status-publish","format-standard","has-post-thumbnail","hentry","category-varios"],"_links":{"self":[{"href":"https:\/\/www.sportchaco.com.ar\/index.php?rest_route=\/wp\/v2\/posts\/15219","targetHints":{"allow":["GET"]}}],"collection":[{"href":"https:\/\/www.sportchaco.com.ar\/index.php?rest_route=\/wp\/v2\/posts"}],"about":[{"href":"https:\/\/www.sportchaco.com.ar\/index.php?rest_route=\/wp\/v2\/types\/post"}],"author":[{"embeddable":true,"href":"https:\/\/www.sportchaco.com.ar\/index.php?rest_route=\/wp\/v2\/users\/3"}],"replies":[{"embeddable":true,"href":"https:\/\/www.sportchaco.com.ar\/index.php?rest_route=%2Fwp%2Fv2%2Fcomments&post=15219"}],"version-history":[{"count":4,"href":"https:\/\/www.sportchaco.com.ar\/index.php?rest_route=\/wp\/v2\/posts\/15219\/revisions"}],"predecessor-version":[{"id":15348,"href":"https:\/\/www.sportchaco.com.ar\/index.php?rest_route=\/wp\/v2\/posts\/15219\/revisions\/15348"}],"wp:featuredmedia":[{"embeddable":true,"href":"https:\/\/www.sportchaco.com.ar\/index.php?rest_route=\/wp\/v2\/media\/15220"}],"wp:attachment":[{"href":"https:\/\/www.sportchaco.com.ar\/index.php?rest_route=%2Fwp%2Fv2%2Fmedia&parent=15219"}],"wp:term":[{"taxonomy":"category","embeddable":true,"href":"https:\/\/www.sportchaco.com.ar\/index.php?rest_route=%2Fwp%2Fv2%2Fcategories&post=15219"},{"taxonomy":"post_tag","embeddable":true,"href":"https:\/\/www.sportchaco.com.ar\/index.php?rest_route=%2Fwp%2Fv2%2Ftags&post=15219"}],"curies":[{"name":"wp","href":"https:\/\/api.w.org\/{rel}","templated":true}]}}